{"id":10189,"date":"2010-09-27T08:11:24","date_gmt":"2010-09-27T07:11:24","guid":{"rendered":"http:\/\/carfree.fr\/?p=10189"},"modified":"2020-08-15T15:06:14","modified_gmt":"2020-08-15T14:06:14","slug":"ils-profitent-du-jardin-au-dessus-du-periph-vraiment","status":"publish","type":"post","link":"https:\/\/carfree.fr\/index.php\/2010\/09\/27\/ils-profitent-du-jardin-au-dessus-du-periph-vraiment\/","title":{"rendered":"Ils profitent du jardin au-dessus du p\u00e9riph &#8211; Vraiment ?"},"content":{"rendered":"<p><img decoding=\"async\" loading=\"lazy\" title=\"jardin-serge-gainsbourg\" src=\"http:\/\/carfree.fr\/images\/jardin-serge-gainsbourg.jpg\" alt=\"jardin-serge-gainsbourg\" width=\"420\" height=\"200\" \/><\/p>\n<p>Dans un article original du Parisien (28\/08\/2010),\u00a0\u00ab\u00a0<em>C&rsquo;est un petit jardin qui sentait bon le m\u00e9tropolitain &#8230; et le p\u00e9riph\u00e9rique!<\/em>\u00a0\u00bb Philippe BAVEREL, auteur de l&rsquo;article, vante le jardin Serge Gainsbourg, \u00e0 la porte des Lilas (XIXe), ce \u00ab\u00a0<em>nouveau lieu de promenade<\/em>\u00ab\u00a0. Il rappelle que \u00ab\u00a0<em>nous sommes ici au-dessus de la plus grande voie de communication autorouti\u00e8re d&rsquo;Europe<\/em>\u00a0\u00bb et rapporte les paroles des t\u00e9moins : retrait\u00e9, femme enceinte, &#8230; tous ravis d&rsquo;\u00eatre dans ce lieu bien vert&#8230; qui \u00ab\u00a0<em>fleure bon le p\u00e9riph\u00e9rique<\/em>\u00ab\u00a0&#8230; <!--more--><\/p>\n<p><strong>La r\u00e9action de Respire le p\u00e9riph&rsquo; !<\/strong><\/p>\n<p>\u00ab\u00a0<em>Fleurer bon le p\u00e9riph\u00e9rique<\/em>\u00a0\u00bb &#8230; \u00e7a nous laisse r\u00eaveur sur la capacit\u00e9 de l&rsquo;\u00eatre humain \u00e0 ne pas voir plus loin que le bout de son nez et plus encore du recul que prend le journaliste qui a \u00e9crit cet article.<\/p>\n<p>Bien s\u00fbr, les espaces verts sont les bienvenus dans l&rsquo;agglom\u00e9ration parisienne, mais Respire le p\u00e9riph&rsquo; s&rsquo;insurge \u00e0 ce que ce pont de verdure FREQUENTE soit dans une zone HYPERpollu\u00e9e.<\/p>\n<p>En effet, selon l&rsquo;\u00e9tude Airparif destin\u00e9e \u00e0 \u00e9valuer l&rsquo;impact du trafic automobile sur la qualit\u00e9 de l&rsquo;air, le boulevard p\u00e9riph\u00e9rique pollue fortement \u00e0 150 m \u00e0 la ronde, et jusqu&rsquo;\u00e0 400 pour un \u00e9changeur comme celui de la Porte de Bagnolet (la page cinq de ce document est particuli\u00e8rement \u00e9clairante).<\/p>\n<p>Rappelons que certains publics sont particuli\u00e8rement sensibles :<\/p>\n<p>&#8211; les enfants car leurs poumons continuent de se former jusqu&rsquo;\u00e0 8 ans<\/p>\n<p>&#8211; les femmes enceinte qui transmettent une partie des polluants respir\u00e9s \u00e0 leur enfants<\/p>\n<p>&#8211; aux personnes \u00e2g\u00e9es car leur capacit\u00e9 respiratoire est diminu\u00e9e (1)<\/p>\n<p>Le paysage et le silence localis\u00e9 ne peuvent faire oublier que l&rsquo;air est malsain, et qu&rsquo;il est honteux de laisser femme enceinte, enfants et personnes \u00e2g\u00e9es se promener dans cet espaces sans ,au moins, les informer.<\/p>\n<p>Ainsi, l&rsquo;Etat lui m\u00eame , \u00e0 travers la DRIRE d\u00e9conseille les jours de pollution (1) de :<\/p>\n<p>&#8211; laisser les enfants jouer \u00e0 proximit\u00e9 des axes routiers. Dans la mesure du possible, les emmener plut\u00f4t dans les parcs ou les endroits \u00e9loign\u00e9s de la circulation.<\/p>\n<p>&#8211; de faire du sport \u00e0 proximit\u00e9 des axes routiers ou des zones fortement industrialis\u00e9es.<\/p>\n<p>Or pr\u00e8s du p\u00e9riph\u00e9rique, c&rsquo;est plus d&rsquo;un jour sur 3 les jours que le seuil de pollution sont d\u00e9pass\u00e9s pour les particules fines par exemple !!!!!<\/p>\n<p>Que fait l&rsquo;Etat ? Que font les politiques des collectivit\u00e9s ? Ce pont n&rsquo;est qu&rsquo;un cache mis\u00e8re, ce n&rsquo;est pas parce qu&rsquo;on ne la voit plus et ne l&rsquo;entend plus que la \u00ab\u00a0plus grande voie de communication autorouti\u00e8re d&rsquo;Europe\u00a0\u00bb disparait et ses nuisances avec : la pollution de l&rsquo;air est toujours l\u00e0.<\/p>\n<p>Et RIEN n&rsquo;est fait pour que la pollution diminue&#8230;<\/p>\n<p>Elodie TEXIER<br \/>\npr\u00e9sidente de Respire le p\u00e9riph&rsquo;!<\/p>\n<p>(1) Source, la direction r\u00e9gionale en charge de l&rsquo;industrie et de l&rsquo;environnement, d\u00e9pendant du minist\u00e8re de l&rsquo;\u00e9cologie<\/p>\n","protected":false},"excerpt":{"rendered":"<p>Dans un article original du Parisien (28\/08\/2010),\u00a0\u00ab\u00a0C&rsquo;est un petit jardin qui sentait bon le m\u00e9tropolitain &#8230; et le p\u00e9riph\u00e9rique!\u00a0\u00bb Philippe BAVEREL, auteur de l&rsquo;article, vante le jardin Serge Gainsbourg, \u00e0 <a class=\"more-link\" href=\"https:\/\/carfree.fr\/index.php\/2010\/09\/27\/ils-profitent-du-jardin-au-dessus-du-periph-vraiment\/\">Lire la suite&#8230;<\/a><\/p>\n","protected":false},"author":193,"featured_media":10190,"comment_status":"open","ping_status":"open","sticky":false,"template":"","format":"standard","meta":[],"categories":[77,1037],"tags":[244,685,185,110,175,84,588,308,65,16,81,272,159,425,309,43,106,347,123,287,33,320,220],"views":6064,"_links":{"self":[{"href":"https:\/\/carfree.fr\/index.php\/wp-json\/wp\/v2\/posts\/10189"}],"collection":[{"href":"https:\/\/carfree.fr\/index.php\/wp-json\/wp\/v2\/posts"}],"about":[{"href":"https:\/\/carfree.fr\/index.php\/wp-json\/wp\/v2\/types\/post"}],"author":[{"embeddable":true,"href":"https:\/\/carfree.fr\/index.php\/wp-json\/wp\/v2\/users\/193"}],"replies":[{"embeddable":true,"href":"https:\/\/carfree.fr\/index.php\/wp-json\/wp\/v2\/comments?post=10189"}],"version-history":[{"count":0,"href":"https:\/\/carfree.fr\/index.php\/wp-json\/wp\/v2\/posts\/10189\/revisions"}],"wp:featuredmedia":[{"embeddable":true,"href":"https:\/\/carfree.fr\/index.php\/wp-json\/"}],"wp:attachment":[{"href":"https:\/\/carfree.fr\/index.php\/wp-json\/wp\/v2\/media?parent=10189"}],"wp:term":[{"taxonomy":"category","embeddable":true,"href":"https:\/\/carfree.fr\/index.php\/wp-json\/wp\/v2\/categories?post=10189"},{"taxonomy":"post_tag","embeddable":true,"href":"https:\/\/carfree.fr\/index.php\/wp-json\/wp\/v2\/tags?post=10189"}],"curies":[{"name":"wp","href":"https:\/\/api.w.org\/{rel}","templated":true}]}}