{"id":10220,"date":"2010-09-28T10:31:39","date_gmt":"2010-09-28T09:31:39","guid":{"rendered":"http:\/\/carfree.fr\/?p=10220"},"modified":"2016-10-10T12:43:01","modified_gmt":"2016-10-10T11:43:01","slug":"le-bateau-cest-plus-cher-a-velo-mobylite","status":"publish","type":"post","link":"https:\/\/carfree.fr\/index.php\/2010\/09\/28\/le-bateau-cest-plus-cher-a-velo-mobylite\/","title":{"rendered":"Le bateau c&rsquo;est plus cher \u00e0 v\u00e9lo, MobYlit\u00e9"},"content":{"rendered":"<p>Sensibilis\u00e9 par la tr\u00e8s forte campagne m\u00e9diatique de la semaine de la mobilit\u00e9, alors qu\u2019un cr\u00e9neau se profile pour visiter la Corse en Octobre, un animateur du collectif pour l&rsquo;essor du v\u00e9lo \u00e0 Toulon part \u00e0 la chasse aux tarifs&#8230; et d\u00e9couvre une pratique commerciale d\u00e9routante. <!--more--><\/p>\n<p>Une  liaison Toulon Bastia  existe depuis peu Chez Moby. Alors pourquoi pas\u2026<\/p>\n<p>-Combien de voyageurs ?<br \/>\n-Deux<br \/>\n-Vous avez une voiture ?<br \/>\n-Non<br \/>\n-???   \u2026Une cabine avec hublot peut-\u00eatre ?<br \/>\n-Oui \u00e7a c\u2019est bien.<br \/>\n-Aller et retour ?<br \/>\n-oui<br \/>\n-Alors \u00e7a nous  fait \u2026120.60 Euros<br \/>\n-Ouf \u2026..c\u2019est votre meilleur tarif ?<br \/>\n-Ben si vous prenez une voiture avec les offres sp\u00e9ciales \u00e7a ne fera que 91.52 Euros<br \/>\n-Ah bon avec un truc en plus c\u2019est moins cher Ok  \u2026 Ben alors avec deux v\u00e9los.<br \/>\n-Alors deux v\u00e9los \u00e7a fait\u2026 12 Euros de plus donc  132.60 Euros<br \/>\n-\u2026Euh &#8230;Merci je vais bouger autrement \u2026 le train peut-\u00eatre ?<\/p>\n<p>Ou en p\u00e9dalo  \u2026<\/p>\n<p>Nous invitons la compagnie Moby a d\u00e9mentir cette anecdote et \u00e0 faire de meilleures offres aux cyclistes dans cette p\u00e9riode de sensibilisation des citoyens \u00e0 l\u2019\u00e9co-mobilit\u00e9 (voire toute l\u2019ann\u00e9e).<\/p>\n<p>Si il est un lieu qui se pr\u00eate \u00e0 l\u2019Eco-tourisme c\u2019est bien la Corse, dont les paysages changent sur de faibles distances. Ce n\u2019est pas de cette mani\u00e8re que l\u2019on dynamisera le secteur.<\/p>\n<p>Les m\u00e9canismes commerciaux, la concurrence, les aides d\u2019\u00e9tat dans tous les domaines pipent les d\u00e8s, alors la communication sur les \u00e9co-comportements dans tout \u00e7a \u2026 c\u2019est plut\u00f4t du vernis.<\/p>\n<p>Source: http:\/\/lamassecritique.free.fr\/<br \/>\nAux derni\u00e8res nouvelles, l&rsquo;information a \u00e9t\u00e9 confirm\u00e9e par la compagnie Moby (voir le mail de son repr\u00e9sentant ici).<\/p>\n","protected":false},"excerpt":{"rendered":"<p>Sensibilis\u00e9 par la tr\u00e8s forte campagne m\u00e9diatique de la semaine de la mobilit\u00e9, alors qu\u2019un cr\u00e9neau se profile pour visiter la Corse en Octobre, un animateur du collectif pour l&rsquo;essor <a class=\"more-link\" href=\"https:\/\/carfree.fr\/index.php\/2010\/09\/28\/le-bateau-cest-plus-cher-a-velo-mobylite\/\">Lire la suite&#8230;<\/a><\/p>\n","protected":false},"author":260,"featured_media":37895,"comment_status":"open","ping_status":"open","sticky":false,"template":"","format":"standard","meta":[],"categories":[4,8,7],"tags":[851,175,306,11,646,296,134,347,47,574,386,131,1664,710],"views":7964,"_links":{"self":[{"href":"https:\/\/carfree.fr\/index.php\/wp-json\/wp\/v2\/posts\/10220"}],"collection":[{"href":"https:\/\/carfree.fr\/index.php\/wp-json\/wp\/v2\/posts"}],"about":[{"href":"https:\/\/carfree.fr\/index.php\/wp-json\/wp\/v2\/types\/post"}],"author":[{"embeddable":true,"href":"https:\/\/carfree.fr\/index.php\/wp-json\/wp\/v2\/users\/260"}],"replies":[{"embeddable":true,"href":"https:\/\/carfree.fr\/index.php\/wp-json\/wp\/v2\/comments?post=10220"}],"version-history":[{"count":0,"href":"https:\/\/carfree.fr\/index.php\/wp-json\/wp\/v2\/posts\/10220\/revisions"}],"wp:featuredmedia":[{"embeddable":true,"href":"https:\/\/carfree.fr\/index.php\/wp-json\/wp\/v2\/media\/37895"}],"wp:attachment":[{"href":"https:\/\/carfree.fr\/index.php\/wp-json\/wp\/v2\/media?parent=10220"}],"wp:term":[{"taxonomy":"category","embeddable":true,"href":"https:\/\/carfree.fr\/index.php\/wp-json\/wp\/v2\/categories?post=10220"},{"taxonomy":"post_tag","embeddable":true,"href":"https:\/\/carfree.fr\/index.php\/wp-json\/wp\/v2\/tags?post=10220"}],"curies":[{"name":"wp","href":"https:\/\/api.w.org\/{rel}","templated":true}]}}