{"id":10228,"date":"2010-09-28T15:47:01","date_gmt":"2010-09-28T14:47:01","guid":{"rendered":"http:\/\/carfree.fr\/?p=10228"},"modified":"2016-09-05T10:28:41","modified_gmt":"2016-09-05T09:28:41","slug":"la-voiture-electrique-est-a-lautomobile-ce-que-le-minitel-est-a-linternet","status":"publish","type":"post","link":"https:\/\/carfree.fr\/index.php\/2010\/09\/28\/la-voiture-electrique-est-a-lautomobile-ce-que-le-minitel-est-a-linternet\/","title":{"rendered":"La voiture \u00e9lectrique est \u00e0 l&rsquo;automobile ce que le minitel est \u00e0 l&rsquo;internet"},"content":{"rendered":"<p>Paris, le 28 septembre 2010 : A quelques jours de  l&rsquo;ouverture                        du Mondial de l&rsquo;automobile, l&rsquo;association Agir  pour l&rsquo;Environnement                        diffuse un <a href=\"http:\/\/www.agirpourlenvironnement.org\/pdf\/RapportVoitureElectrique.doc\" target=\"_blank\">rapport                        sur les freins au d\u00e9veloppement de la voiture  \u00e9lectrique<\/a>. Le d\u00e9marrage poussif de la voiture \u00e9lectrique                        s&rsquo;explique pour une large part \u00e0 cause de trois  freins                        que l&rsquo;association juge quasi r\u00e9dhibitoires : Un  prix                        excessif, une autonomie m\u00e9diocre et un bilan  carbone                        loin d&rsquo;\u00eatre satisfaisant. Le choix fait par  certains                        constructeurs d&rsquo;une voiture 100% \u00e9lectrique  accro\u00eet                        de fait le risque d&rsquo;un \u00e9chec rapide et imm\u00e9diat. <!--more--><\/p>\n<p><strong>LE PREMIER FREIN : LE PRIX<\/strong><\/p>\n<p>Le prix de vente ou de location longue dur\u00e9e  \u00e9tabli                        par les constructeurs automobiles est excessif et  dissuasif.                        Malgr\u00e9 une aide substantielle de l&rsquo;Etat fix\u00e9e                        \u00e0 5000 euros, l&rsquo;achat d&rsquo;une voiture \u00e9lectrique                        devrait n\u00e9anmoins s&rsquo;\u00e9tablir \u00e0 environ                        35.000 euros. Ce prix hors de port\u00e9e du plus grand                         nombre am\u00e8ne certains constructeurs \u00e0 revoir                        en urgence \u00e0 la baisse le nombre de voitures  \u00e9lectriques                        vendues d&rsquo;ici \u00e0 2015, signe avant-coureur d&rsquo;un  \u00e9chec                        annonc\u00e9. Peugeot esp\u00e8re vendre \u00e0 peine                        50.000 exemplaires de la Ion d&rsquo;ici 2015, soit 0,4%  des voitures                        vendues chaque ann\u00e9e en France. Dans le meilleur                        des cas, <a href=\"http:\/\/www.agirpourlenvironnement.org\/pdf\/NoteCE.pdf\" target=\"_blank\">la Commission europ\u00e9enne                        estime \u00e0 2% la part de march\u00e9 de la voiture                        \u00e9lectrique<\/a>.<\/p>\n<p><strong>LE SECOND FREIN : L&rsquo;AUTONOMIE<\/strong><\/p>\n<p>La faible autonomie dudit v\u00e9hicule \u00e9lectrique                        en fait une seconde voiture \u00e0 usage urbain et  p\u00e9riurbain.                        Les constructeurs automobiles annoncent une  autonomie d&rsquo;\u00e0                        peine 150 kms. Or, selon <a href=\"http:\/\/www.agirpourlenvironnement.org\/pdf\/NoteCAE.pdf\" target=\"_blank\">un                        rapport du Conseil d&rsquo;analyse \u00e9conomique<\/a> dit \u00ab                        V\u00e9hicule 2030 \u00bb, cette autonomie th\u00e9orique                        ne prend pas en consid\u00e9ration certaines options  vitales                        comme les phares, les essuie-glaces, le d\u00e9givrage                        des pare-brises ou le chauffage de l&rsquo;habitacle.  Aux dires                        des auteurs du rapport \u00ab V\u00e9hicule 2030 \u00bb,                        l&rsquo;autonomie r\u00e9elle de la voiture \u00e9lectrique                        pourrait \u00eatre divis\u00e9e par deux, soit un rayon                        d&rsquo;action d&rsquo;\u00e0 peine une trentaine de kilom\u00e8tres                        !<\/p>\n<p><strong>LE TROISIEME FREIN : LE BILAN CARBONE<\/strong><\/p>\n<p>Enfin, le bilan \u00e9cologique et climatique semble  moins                        favorable que pr\u00e9vu. En effet, l&rsquo;usage  exclusivement                        urbain ou p\u00e9riurbain de la voiture \u00e9lectrique                        n\u00e9cessite une seconde voiture et ne remplacera  donc                        pas la premi\u00e8re voiture \u00ab thermique \u00bb.                        La voiture \u00e9lectrique ne viendra donc pas en  substitution                        au v\u00e9hicule thermique mais en ajout. Or, la  fabrication                        d&rsquo;une automobile est responsable de 14% \u00e0 20% des                        \u00e9missions globales d&rsquo;un v\u00e9hicule. De plus,                        le mix \u00e9nerg\u00e9tique n\u00e9cessaire \u00e0                        la production de l&rsquo;\u00e9lectricit\u00e9 de la voiture                        \u00e9lectrique induit un bilan carbone loin d&rsquo;\u00eatre                        neutre, notamment durant les p\u00e9riodes de pic de  consommation,                        appel\u00e9es \u00e0 augmenter de 10% selon <a href=\"http:\/\/www.agirpourlenvironnement.org\/pdf\/NoteERDF.pdf\" target=\"_blank\">ERDF<\/a>.                        Selon <a href=\"http:\/\/www.agirpourlenvironnement.org\/pdf\/NoteADEME.pdf\" target=\"_blank\">l&rsquo;Agence de l&rsquo;environnement                        et de la ma\u00eetrise de l&rsquo;\u00e9nergie<\/a>, \u00ab                        du puits \u00e0 la roue \u00bb (prenant ainsi en compte                        les \u00e9missions de gaz \u00e0 effet de serre li\u00e9es                        \u00e0 la fabrication et au fonctionnement), le bilan                        carbone serait de 126 g\/CO2 pour le v\u00e9hicule  \u00e9lectrique                        contre 161 g\/CO2 par km pour le v\u00e9hicule  thermique.                        Depuis la date de cette note de l&rsquo;Ademe (juillet  2009),                        les \u00e9missions de CO2 du v\u00e9hicule thermique                        ont chut\u00e9 de 19 g\/CO2 par km&#8230; Ce bilan carbone                        remet en cause le slogan publicitaire mensonger de  Renault                        selon lequel la voiture \u00e9lectrique serait \u00ab                        z\u00e9ro \u00e9mission \u00bb de CO2.<\/p>\n<p>En conclusion de ce rapport, l&rsquo;association Agir  pour l&rsquo;Environnement                        estime que \u00ab la voiture \u00e9lectrique est avant                        tout un outil de communication permettant de  verdir, \u00e0                        bon compte, l&rsquo;image de constructeurs automobiles  qui n&rsquo;ont,                        en rien, pris la mesure des contraintes  \u00e9nerg\u00e9tiques                        et climatiques dans leur strat\u00e9gie industrielle.                        \u00bb<\/p>\n<p>A l&rsquo;issu de ce rapport d\u00e9montrant les freins au                        d\u00e9veloppement de la voiture \u00e9lectrique,  l&rsquo;association                        estime, qu&rsquo;\u00e0 l&rsquo;instar du gouvernement britannique,                         le gouvernement fran\u00e7ais doit cesser de  subventionner                        le d\u00e9veloppement d&rsquo;une option technologique sans                        issu. Pour St\u00e9phen Kerckhove, d\u00e9l\u00e9gu\u00e9                        g\u00e9n\u00e9ral d&rsquo;Agir pour l&rsquo;Environnement, \u00ab                        l&rsquo;Etat fran\u00e7ais fait fausse route en soutenant une                         solution technique qui est \u00e0 l&rsquo;automobile ce que                        le minitel \u00e9tait \u00e0 l&rsquo;internet ? \u00bb.<\/p>\n<p>L&rsquo;Etat doit enfin avoir le courage de penser la  mobilit\u00e9                        autrement qu&rsquo;au travers du prisme technicien. En  zone urbaine,                        seuls le d\u00e9veloppement des transports en commun  ainsi                        que la promotion des modes de d\u00e9placement doux  sont                        \u00e0 m\u00eame de r\u00e9pondre efficacement et durablement                        aux contraintes \u00e9cologiques.<\/p>\n<p><a title=\"http:\/\/www.agirpourlenvironnement.org\/pdf\/RapportVoitureElectrique.doc\" href=\"http:\/\/www.agirpourlenvironnement.org\/pdf\/RapportVoitureElectrique.doc\" target=\"_blank\">Lire l&rsquo;int\u00e9gralit\u00e9 du rapport \u00ab\u00a0les freins au d\u00e9veloppement de la voiture \u00e9lectrique\u00a0\u00bb (format .doc)<\/a><\/p>\n<p>Source: <a title=\"www.agirpourlenvironnement.org\" href=\"http:\/\/www.agirpourlenvironnement.org\" target=\"_blank\">www.agirpourlenvironnement.org<\/a><\/p>\n","protected":false},"excerpt":{"rendered":"<p>Paris, le 28 septembre 2010 : A quelques jours de l&rsquo;ouverture du Mondial de l&rsquo;automobile, l&rsquo;association Agir pour l&rsquo;Environnement diffuse un rapport sur les freins au d\u00e9veloppement de la voiture <a class=\"more-link\" href=\"https:\/\/carfree.fr\/index.php\/2010\/09\/28\/la-voiture-electrique-est-a-lautomobile-ce-que-le-minitel-est-a-linternet\/\">Lire la suite&#8230;<\/a><\/p>\n","protected":false},"author":167,"featured_media":37306,"comment_status":"open","ping_status":"open","sticky":false,"template":"","format":"standard","meta":[],"categories":[6,124,72],"tags":[326,57,56,175,188,85,612,55,594,68,308,16,595,273,81,850,134,122,393,47,82,235,829,131,38,363],"views":7161,"_links":{"self":[{"href":"https:\/\/carfree.fr\/index.php\/wp-json\/wp\/v2\/posts\/10228"}],"collection":[{"href":"https:\/\/carfree.fr\/index.php\/wp-json\/wp\/v2\/posts"}],"about":[{"href":"https:\/\/carfree.fr\/index.php\/wp-json\/wp\/v2\/types\/post"}],"author":[{"embeddable":true,"href":"https:\/\/carfree.fr\/index.php\/wp-json\/wp\/v2\/users\/167"}],"replies":[{"embeddable":true,"href":"https:\/\/carfree.fr\/index.php\/wp-json\/wp\/v2\/comments?post=10228"}],"version-history":[{"count":0,"href":"https:\/\/carfree.fr\/index.php\/wp-json\/wp\/v2\/posts\/10228\/revisions"}],"wp:featuredmedia":[{"embeddable":true,"href":"https:\/\/carfree.fr\/index.php\/wp-json\/wp\/v2\/media\/37306"}],"wp:attachment":[{"href":"https:\/\/carfree.fr\/index.php\/wp-json\/wp\/v2\/media?parent=10228"}],"wp:term":[{"taxonomy":"category","embeddable":true,"href":"https:\/\/carfree.fr\/index.php\/wp-json\/wp\/v2\/categories?post=10228"},{"taxonomy":"post_tag","embeddable":true,"href":"https:\/\/carfree.fr\/index.php\/wp-json\/wp\/v2\/tags?post=10228"}],"curies":[{"name":"wp","href":"https:\/\/api.w.org\/{rel}","templated":true}]}}