{"id":10301,"date":"2010-10-04T08:21:14","date_gmt":"2010-10-04T07:21:14","guid":{"rendered":"http:\/\/carfree.fr\/?p=10301"},"modified":"2020-09-10T12:42:54","modified_gmt":"2020-09-10T11:42:54","slug":"laddiction-au-petrole-fige-nos-societes-greenpeace-dit-non","status":"publish","type":"post","link":"https:\/\/carfree.fr\/index.php\/2010\/10\/04\/laddiction-au-petrole-fige-nos-societes-greenpeace-dit-non\/","title":{"rendered":"L&rsquo;addiction au p\u00e9trole fige nos soci\u00e9t\u00e9s: Greenpeace dit NON!"},"content":{"rendered":"<p><img decoding=\"async\" loading=\"lazy\" title=\"addiction-petrole\" src=\"http:\/\/carfree.fr\/images\/addiction-petrole.jpg\" alt=\"addiction-petrole\" width=\"420\" height=\"200\" \/><\/p>\n<p>De Paris \u00e0 Toulouse en passant par Angers, Nancy, Marseille et une demi-douzaine d\u2019autres villes, les militants se sont rassembl\u00e9s pour lancer un cri d\u2019alerte sur la r\u00e9p\u00e9tition des accidents en mati\u00e8re d\u2019industries p\u00e9troli\u00e8res. Sur les grandes places des centres villes, les militants sont fig\u00e9s dans des gestes de la vie quotidienne, un journal, un portable, un balai ou un globe terrestre \u00e0 la main, montrant comment notre soci\u00e9t\u00e9 est aujourd\u2019hui fig\u00e9e par son usage du p\u00e9trole, dont nous sommes malheureusement tous d\u00e9pendants dans notre vie quotidienne. <!--more--><\/p>\n<p><strong>Contre les mensonges sur la mar\u00e9e noire et les projets de  forages les plus fous  : il y a urgence ! <\/strong><\/p>\n<p>Nous ne connaissons pas encore les cons\u00e9quences r\u00e9elles de la  catastrophe du golfe du Mexique et des 779 millions de litres de  p\u00e9troles d\u00e9vers\u00e9s. Le gouvernement des USA et le groupe BP ont tent\u00e9 de  cacher la r\u00e9alit\u00e9, mais le groupe de chercheurs ind\u00e9pendants embarqu\u00e9s  depuis dix jours \u00e0 bord de l\u2019Arctic Sunrise, a indiqu\u00e9 cette semaine  avoir identifi\u00e9 sur  une surface de 500 km et par 1000 m\u00e8tres de profondeur une nappe de  p\u00e9trole brut m\u00e9lang\u00e9e \u00e0 du gaz\u2026 <\/p>\n<p><strong>Arr\u00eater la qu\u00eate du p\u00e9trole \u00e0 tout pris ! <\/strong><br \/>\nGreenpeace est mobilis\u00e9e depuis longtemps contre l\u2019exploitation des sables  bitumineux en Alberta (Canada) par des groupes comme Total, Shell,  Exxon ou BP qui d\u00e9figurent une r\u00e9gion enti\u00e8re, et produisent le p\u00e9trole  le plus cher et le plus sale de la plan\u00e8te.<\/p>\n<p>Les projets de p\u00e9troles  non conventionnels nous conduisent droit dans le mur, vers un  emballement climatique irr\u00e9versible. Il nous faut d\u00e8s aujourd\u2019hui  repenser notre mod\u00e8le \u00e9nerg\u00e9tique et planifier notre sortie du p\u00e9trole.  Pour cela, il faut d\u2019abord stopper la fuite en avant vers ces \u00ab\u00a0nouveaux  p\u00e9troles\u00a0\u00bb.<\/p>\n<p>Cette manifestation symbolique vise \u00e0 montrer col\u00e8re des citoyens face \u00e0  cette recherche du p\u00e9trole \u00e0 tout prix, toujours plus loin et plus  dangereux, qui entretient et prolonge notre addiction au p\u00e9trole. 15 villes sont mobilis\u00e9es : Angers, Brest, Bordeaux, Clermont-Ferrand,  Dijon, Grenoble, Lyon, Marseille, Montpellier, Nancy, Nantes, Paris,  Rouen, Strasbourg, Toulouse.<\/p>\n<p>En  savoir plus sur le dossier et la campagne P\u00e9troles <\/p>\n","protected":false},"excerpt":{"rendered":"<p>De Paris \u00e0 Toulouse en passant par Angers, Nancy, Marseille et une demi-douzaine d\u2019autres villes, les militants se sont rassembl\u00e9s pour lancer un cri d\u2019alerte sur la r\u00e9p\u00e9tition des accidents <a class=\"more-link\" href=\"https:\/\/carfree.fr\/index.php\/2010\/10\/04\/laddiction-au-petrole-fige-nos-societes-greenpeace-dit-non\/\">Lire la suite&#8230;<\/a><\/p>\n","protected":false},"author":178,"featured_media":10302,"comment_status":"open","ping_status":"open","sticky":false,"template":"","format":"standard","meta":[],"categories":[6,124],"tags":[275,802,498,404,568,103,359,456,57,485,678,356,16,333,81,158,348,204,335,342,332,106,45,54,172,337,831,358,19,133,155,218,34],"views":6566,"_links":{"self":[{"href":"https:\/\/carfree.fr\/index.php\/wp-json\/wp\/v2\/posts\/10301"}],"collection":[{"href":"https:\/\/carfree.fr\/index.php\/wp-json\/wp\/v2\/posts"}],"about":[{"href":"https:\/\/carfree.fr\/index.php\/wp-json\/wp\/v2\/types\/post"}],"author":[{"embeddable":true,"href":"https:\/\/carfree.fr\/index.php\/wp-json\/wp\/v2\/users\/178"}],"replies":[{"embeddable":true,"href":"https:\/\/carfree.fr\/index.php\/wp-json\/wp\/v2\/comments?post=10301"}],"version-history":[{"count":0,"href":"https:\/\/carfree.fr\/index.php\/wp-json\/wp\/v2\/posts\/10301\/revisions"}],"wp:featuredmedia":[{"embeddable":true,"href":"https:\/\/carfree.fr\/index.php\/wp-json\/"}],"wp:attachment":[{"href":"https:\/\/carfree.fr\/index.php\/wp-json\/wp\/v2\/media?parent=10301"}],"wp:term":[{"taxonomy":"category","embeddable":true,"href":"https:\/\/carfree.fr\/index.php\/wp-json\/wp\/v2\/categories?post=10301"},{"taxonomy":"post_tag","embeddable":true,"href":"https:\/\/carfree.fr\/index.php\/wp-json\/wp\/v2\/tags?post=10301"}],"curies":[{"name":"wp","href":"https:\/\/api.w.org\/{rel}","templated":true}]}}