{"id":10314,"date":"2010-10-05T08:20:22","date_gmt":"2010-10-05T07:20:22","guid":{"rendered":"http:\/\/carfree.fr\/?p=10314"},"modified":"2022-05-23T08:33:27","modified_gmt":"2022-05-23T07:33:27","slug":"toulouse-trop-dabus-sur-les-pistes-cyclables","status":"publish","type":"post","link":"https:\/\/carfree.fr\/index.php\/2010\/10\/05\/toulouse-trop-dabus-sur-les-pistes-cyclables\/","title":{"rendered":"Toulouse : Trop d&rsquo;abus sur les pistes cyclables"},"content":{"rendered":"<p>Alors que la communaut\u00e9 urbaine pr\u00e9pare une harmonisation des pistes cyclables, le comportement des automobilistes irrite les adeptes de la bicyclette qui demandent davantage de s\u00e9v\u00e9rit\u00e9. <!--more--><\/p>\n<p>M\u00eame Philippe Goirand, \u00e9lu vert, d\u00e9l\u00e9gu\u00e9 aux pistes cyclables le d\u00e9plore. \u00ab Dans certaines rues toulousaines, comme la rue de Touraine, la bande cyclable est davantage occup\u00e9e par les autos que par les v\u00e9los. \u00bb<\/p>\n<p>Cette propension quotidienne des conducteurs \u00e0 occuper l&rsquo;espace v\u00e9lo rend les cyclistes verts de rage et certains en appellent \u00e0 davantage de s\u00e9v\u00e9rit\u00e9. C&rsquo;est le cas de Florian Jutisz de l&rsquo;association V\u00e9lo. \u00ab En d\u00e9pit des am\u00e9liorations r\u00e9alis\u00e9es ces derni\u00e8res ann\u00e9es par la municipalit\u00e9, il y a quelque chose qui n&rsquo;\u00e9volue pas \u00e0 Toulouse. C&rsquo;est la mentalit\u00e9 des automobilistes \u00bb, observe-t-il en ajoutant : \u00ab Il suffit de passer devant la gare Matabiau pour constater que la bande cyclable sert de parking tout au long de la journ\u00e9e \u00bb.<\/p>\n<p>Selon lui, \u00ab quelque 1 800 proc\u00e8s-verbaux sont dress\u00e9s tous les ans, par la police municipale et ce nombre reste tr\u00e8s inf\u00e9rieur au nombre de PV distribu\u00e9s dans une ville comme Paris \u00bb.\u00a0 En r\u00e9sum\u00e9, la Ville rose pourrait mieux faire et le chef de la police municipale l&rsquo;admet volontiers.<\/p>\n<p>En revanche pr\u00e9cise Jean-Pierre Havrin, \u00ab les 170 policiers municipaux ont aussi des tas de priorit\u00e9s \u00e0 g\u00e9rer. Forc\u00e9ment, ils se concentrent sur les probl\u00e8mes les plus urgents. Mais on ne peut pas leur reprocher d&rsquo;\u00eatre laxistes. Ils font au mieux \u00bb.<\/p>\n<p>En r\u00e9alit\u00e9, pour les uns comme pour les autres, la r\u00e9pression ne suffit pas \u00e0 r\u00e9soudre les incivilit\u00e9s. \u00ab C&rsquo;est aussi une question d&rsquo;\u00e9ducation et c&rsquo;est tout le sens de notre derni\u00e8re campagne sur le partage de la rue \u00bb, rappelle Philippe Goirand.<\/p>\n<p>Le pr\u00e9sident de l&rsquo;association V\u00e9lo sugg\u00e8re, lui, d&rsquo;adopter une autre m\u00e9thode. \u00ab La solution la plus efficace serait de b\u00e2tir des murets \u00e0 certains endroits pour emp\u00eacher les voitures d&#8217;empi\u00e9ter sur les pistes cyclables \u00bb, dit-il.<\/p>\n<p>Dans les mois qui viennent la ville va aussi \u00e9tendre les zones \u00e0 30 km\/heure \u00e0 de nombreux quartiers. \u00ab Une zone \u00e0 30 n&rsquo;implique pas de tracer une bande cyclable. Dans le quartier des Chalets, \u00e7a fonctionne \u00bb, se r\u00e9jouit Philippe Goirand en rappelant un chiffre : \u00ab Nous avons consacr\u00e9 4 millions d&rsquo;euros aux pistes cyclables en 2009. C&rsquo;est un effort sans pr\u00e9c\u00e9dent \u00bb.<\/p>\n<p><a href=\"http:\/\/www.ladepeche.fr\/article\/2010\/06\/03\/847634-Trop-d-abus-sur-les-pistes-cyclables.html\" target=\"_blank\" rel=\"noopener\">http:\/\/www.ladepeche.fr\/article\/2010\/06\/03\/847634-Trop-d-abus-sur-les-pistes-cyclables.html<\/a><\/p>\n<p><em>Photo: Les incivilit\u00e9s des automobilistes sont trop fr\u00e9quentes. Ici avenue des Minimes.\/Photo DDM, Michel Viala archives.<\/em><\/p>\n","protected":false},"excerpt":{"rendered":"<p>Alors que la communaut\u00e9 urbaine pr\u00e9pare une harmonisation des pistes cyclables, le comportement des automobilistes irrite les adeptes de la bicyclette qui demandent davantage de s\u00e9v\u00e9rit\u00e9.<\/p>\n","protected":false},"author":244,"featured_media":44789,"comment_status":"open","ping_status":"open","sticky":false,"template":"","format":"standard","meta":[],"categories":[7,3],"tags":[146,326,103,646,743,293,90,218,38,1664,34],"views":7564,"_links":{"self":[{"href":"https:\/\/carfree.fr\/index.php\/wp-json\/wp\/v2\/posts\/10314"}],"collection":[{"href":"https:\/\/carfree.fr\/index.php\/wp-json\/wp\/v2\/posts"}],"about":[{"href":"https:\/\/carfree.fr\/index.php\/wp-json\/wp\/v2\/types\/post"}],"author":[{"embeddable":true,"href":"https:\/\/carfree.fr\/index.php\/wp-json\/wp\/v2\/users\/244"}],"replies":[{"embeddable":true,"href":"https:\/\/carfree.fr\/index.php\/wp-json\/wp\/v2\/comments?post=10314"}],"version-history":[{"count":0,"href":"https:\/\/carfree.fr\/index.php\/wp-json\/wp\/v2\/posts\/10314\/revisions"}],"wp:featuredmedia":[{"embeddable":true,"href":"https:\/\/carfree.fr\/index.php\/wp-json\/wp\/v2\/media\/44789"}],"wp:attachment":[{"href":"https:\/\/carfree.fr\/index.php\/wp-json\/wp\/v2\/media?parent=10314"}],"wp:term":[{"taxonomy":"category","embeddable":true,"href":"https:\/\/carfree.fr\/index.php\/wp-json\/wp\/v2\/categories?post=10314"},{"taxonomy":"post_tag","embeddable":true,"href":"https:\/\/carfree.fr\/index.php\/wp-json\/wp\/v2\/tags?post=10314"}],"curies":[{"name":"wp","href":"https:\/\/api.w.org\/{rel}","templated":true}]}}