{"id":10351,"date":"2010-10-06T13:06:17","date_gmt":"2010-10-06T12:06:17","guid":{"rendered":"http:\/\/carfree.fr\/?p=10351"},"modified":"2016-05-30T12:36:46","modified_gmt":"2016-05-30T11:36:46","slug":"urgent-relance-routiere-et-autoroutiere-agissez-avant-laudition-du-ministre-de-lecologie-au-senat","status":"publish","type":"post","link":"https:\/\/carfree.fr\/index.php\/2010\/10\/06\/urgent-relance-routiere-et-autoroutiere-agissez-avant-laudition-du-ministre-de-lecologie-au-senat\/","title":{"rendered":"URGENT \/ relance routi\u00e8re et autorouti\u00e8re &#8211; Agissez avant l&rsquo;audition du ministre de l&rsquo;Ecologie au S\u00e9nat"},"content":{"rendered":"<p><img decoding=\"async\" loading=\"lazy\" title=\"singer-autoroutes\" src=\"http:\/\/carfree.fr\/images\/singer-autoroutes1.jpg\" alt=\"singer-autoroutes\" width=\"420\" height=\"200\" \/><\/p>\n<p>Mercredi 06  octobre 2010, \u00e0 16h, le ministre de l&rsquo;Ecologie sera auditionn\u00e9 par les s\u00e9nateurs  et s\u00e9natrices de la Commission de l&rsquo;\u00e9conomie, du d\u00e9veloppement durable  et de  l&rsquo;am\u00e9nagement du territoire sur la question controvers\u00e9e du Sch\u00e9ma  National des  Infrastructures de Transport (SNIT). Ce SNIT fait une grande place aux  infrastructures routi\u00e8res et autorouti\u00e8res en projetant de relancer un vaste  programme autoroutier long de plus de 1000 kilom\u00e8tres pour un co\u00fbt d\u00e9passant les  10 milliards d&rsquo;euros. <!--more--><\/p>\n<p>Si nous  prenons le peine de vous saisir en urgence, c&rsquo;est que nous estimons n\u00e9cessaire  de sensibiliser s\u00e9nateurs et s\u00e9natrices sur les risques qu&rsquo;il y aurait \u00e0 faire abstraction des contraintes climatiques et  \u00e9nerg\u00e9tiques.<\/p>\n<p>Nous nous  permettons donc de vous joindre ci-dessous un courrier-type (ci-dessous)  \u00e0  copier-coller puis envoyer par courriel \u00e0 votre s\u00e9nateur ou votre s\u00e9natrice.  Vous trouverez facilement le nom de votre parlementaire en cliquant sur  ce <a href=\"http:\/\/www.senat.fr\/listes\/sencir.html\" target=\"_blank\">lien<\/a>.<\/p>\n<p>Nous vous  remercions par avance de votre mobilisation qui s&rsquo;inscrit dans le cadre  de la  campagne d&rsquo;Agir pour l&rsquo;Environnement \u00ab\u00a0<a href=\"http:\/\/www.agirpourlenvironnement.org\/pdf\/Alerte%20n%B010%20-%204pages%20StopAutoroutes.pdf\" target=\"_blank\">Nouvelles  autoroutes : Non merci !<\/a>\u00ab\u00a0.<\/p>\n<p>\/\/\/\/\/\/\/\/\/\/\/\/\/\/\/\/<br \/>\n<em>Nom\/Pr\u00e9nom :<br \/>\nAdresse :<br \/>\nCP\/ Ville   :<\/em><\/p>\n<p><em> <\/em><em>A l\u2019attention de Mesdames et Messieurs les S\u00e9nateurs<br \/>\n<a href=\"http:\/\/www.senat.fr\/listes\/sencir.html\" target=\"_blank\">Acc\u00e9dez \u00e0  la liste des s\u00e9nateurs  et s\u00e9natrices<br \/>\n<\/a><br \/>\n<strong><span style=\"font-size: medium;\">Objet : Sch\u00e9ma  National des Infrastructures de Transport \/ Audition du ministre de  l\u2019Ecologie<\/span><\/strong><\/em><\/p>\n<p><em><\/em><em>Madame la s\u00e9natrice,<br \/>\nMonsieur le  s\u00e9nateur,<\/em><\/p>\n<p><em><\/em><em>Mercredi 06 octobre 2010, \u00e0 16h, la Commission de  l&rsquo;\u00e9conomie, du d\u00e9veloppement durable et de l&rsquo;am\u00e9nagement du territoire recevra  monsieur Jean-Louis BORLOO dans le cadre d\u2019une audition sur le Sch\u00e9ma National  des Infrastructures de Transport.<\/em><\/p>\n<p><em><\/em><em>Si nous prenons la peine de vous  saisir, c\u2019est que nous estimons que le projet de SNIT, tel que pr\u00e9sent\u00e9  le 13  juillet dernier, fait une place insidieuse \u00e0 une relance implicite d\u2019un vaste  programme routier et autoroutier.<\/em><\/p>\n<p><em><\/em><em>Mis bout \u00e0 bout, les projets  autoroutiers inscrits au Sch\u00e9ma National des Infrastructures de  Transport  repr\u00e9sentent plus de mille kilom\u00e8tres, soit une augmentation de 10% du r\u00e9seau  autoroutier hexagonal pour un co\u00fbt d\u00e9passant les 10 \u00e0 12 milliards  d\u2019euros.<\/em><\/p>\n<p><em><\/em><em>Paradoxalement, apr\u00e8s cette audition, le ministre de  l\u2019Ecologie inaugurera le lendemain et de mani\u00e8re officielle \u00ab coach carbone \u00bb,  outil disponible 24h\/24 sur Internet, gratuit et personnalisable, qui  propose  aux citoyens des \u00e9conomies en tonnes de CO2, kWh, litres de carburant et m\u00eame en  euros.<\/em><\/p>\n<p><em><\/em><em>Nous estimons que la protection de l\u2019environnement est  affaire de coh\u00e9rence et qu\u2019il n\u2019est pas possible, un jour d\u2019annoncer une relance  massive des investissements en faveur des routes et autoroutes et le  lendemain  inciter les citoyens \u00e0 r\u00e9duire leur empreinte \u00e9cologique.<\/em><\/p>\n<p><em><\/em><em>Nous vous  invitons \u00e0 saisir l\u2019occasion de cette audition pour interroger le  ministre de  l\u2019Ecologie sur l\u2019entorse \u00e0 l\u2019esprit du Grenelle que constitue ce projet de  SNIT.<\/em><\/p>\n<p><em><\/em><em>Par ailleurs, nous sommes surpris qu\u2019un document projetant  d\u2019investir plus de 170 milliards d\u2019euros dans de nouvelles  infrastructures de  transport ne fasse pas l\u2019objet d\u2019un vote au parlement mais de la publication  d\u2019un simple d\u00e9cret.<\/em><\/p>\n<p><em><\/em><em>Selon les donn\u00e9es incluses dans ce SNIT, cet  investissement aura pour effet de r\u00e9duire nos \u00e9missions de CO2 de 2  millions de  tonnes par an, soit une baisse des \u00e9missions de CO2 d\u2019\u00e0 peine 0.3%&#8230; En terme  d\u2019efficacit\u00e9 \u00e9conomique, il ne nous appara\u00eet pas \u00e9vident que les sommes  mobilis\u00e9es le soient \u00e0 bonne escient. A titre de comparaison, une baisse  de 10  km\/h des vitesses autoris\u00e9es sur autoroute permettrait de r\u00e9duire de 4 millions  de tonnes nos \u00e9missions de gaz \u00e0 effet de serre.<\/em><\/p>\n<p><em><\/em><em>Je vous remercie  donc de rappeler au ministre de l\u2019Ecologie l\u2019imp\u00e9rieuse n\u00e9cessit\u00e9 \u00e0 r\u00e9duire  notre empreinte \u00e9cologique et notre bilan carbone, ce qui passe par une refonte  profonde de ce Sch\u00e9ma National des Infrastructures de Transport.<\/em><\/p>\n<p><em><\/em><em>Je  vous prie d\u2019agr\u00e9er, Madame la s\u00e9natrice, Monsieur le s\u00e9nateur, l\u2019expression de  nos sentiments les plus respectueux.<\/em><\/p>\n<div><span style=\"font-family: Arial;\"><em><\/em><em> <\/em><\/span><\/div>\n<div><span style=\"font-family: Arial; font-size: medium;\"><span style=\"font-size: x-small;\"><span style=\"font-size: small;\"><em>\/\/\/\/\/\/\/\/\/\/\/\/\/\/\/<\/em><\/span><\/span><\/span><\/div>\n","protected":false},"excerpt":{"rendered":"<p>Mercredi 06 octobre 2010, \u00e0 16h, le ministre de l&rsquo;Ecologie sera auditionn\u00e9 par les s\u00e9nateurs et s\u00e9natrices de la Commission de l&rsquo;\u00e9conomie, du d\u00e9veloppement durable et de l&rsquo;am\u00e9nagement du territoire <a class=\"more-link\" href=\"https:\/\/carfree.fr\/index.php\/2010\/10\/06\/urgent-relance-routiere-et-autoroutiere-agissez-avant-laudition-du-ministre-de-lecologie-au-senat\/\">Lire la suite&#8230;<\/a><\/p>\n","protected":false},"author":167,"featured_media":10353,"comment_status":"open","ping_status":"open","sticky":false,"template":"","format":"standard","meta":[],"categories":[77],"tags":[146,112,722,103,290,57,56,306,612,328,60,55,308,16,595,281,850,760,172,226,34,144],"views":5145,"_links":{"self":[{"href":"https:\/\/carfree.fr\/index.php\/wp-json\/wp\/v2\/posts\/10351"}],"collection":[{"href":"https:\/\/carfree.fr\/index.php\/wp-json\/wp\/v2\/posts"}],"about":[{"href":"https:\/\/carfree.fr\/index.php\/wp-json\/wp\/v2\/types\/post"}],"author":[{"embeddable":true,"href":"https:\/\/carfree.fr\/index.php\/wp-json\/wp\/v2\/users\/167"}],"replies":[{"embeddable":true,"href":"https:\/\/carfree.fr\/index.php\/wp-json\/wp\/v2\/comments?post=10351"}],"version-history":[{"count":0,"href":"https:\/\/carfree.fr\/index.php\/wp-json\/wp\/v2\/posts\/10351\/revisions"}],"wp:featuredmedia":[{"embeddable":true,"href":"https:\/\/carfree.fr\/index.php\/wp-json\/"}],"wp:attachment":[{"href":"https:\/\/carfree.fr\/index.php\/wp-json\/wp\/v2\/media?parent=10351"}],"wp:term":[{"taxonomy":"category","embeddable":true,"href":"https:\/\/carfree.fr\/index.php\/wp-json\/wp\/v2\/categories?post=10351"},{"taxonomy":"post_tag","embeddable":true,"href":"https:\/\/carfree.fr\/index.php\/wp-json\/wp\/v2\/tags?post=10351"}],"curies":[{"name":"wp","href":"https:\/\/api.w.org\/{rel}","templated":true}]}}