{"id":10389,"date":"2010-10-12T09:52:17","date_gmt":"2010-10-12T08:52:17","guid":{"rendered":"http:\/\/carfree.fr\/?p=10389"},"modified":"2020-08-15T15:07:18","modified_gmt":"2020-08-15T14:07:18","slug":"transports-moteurs-des-changements-climatiques","status":"publish","type":"post","link":"https:\/\/carfree.fr\/index.php\/2010\/10\/12\/transports-moteurs-des-changements-climatiques\/","title":{"rendered":"Transports : Moteurs des changements climatiques"},"content":{"rendered":"<p>Le R\u00e9seau Action Climat &#8211; France publie l\u2019\u00e9dition 2010 de sa brochure \u00ab\u00a0Transports : Moteur des changements climatiques\u00a0\u00bb qui fait le point sur l\u2019impact des transports sur les changements climatiques et surtout de l\u2019automobile. <!--more--><\/p>\n<p><strong>Septembre 2010 &#8211; R\u00e9actualisation<\/strong><\/p>\n<p>Depuis des d\u00e9cennies, les \u00e9missions de gaz \u00e0 effet de serre (GES) des transports progressent. Les d\u00e9placements se rallongent et le nombre de v\u00e9hicules en circulation augmente. Nous transportons \u00e9galement plus de marchandises et sur de plus grandes distances. Aujourd\u2019hui, 83 % des m\u00e9nages fran\u00e7ais disposent au moins d\u2019une voiture contre 69 % en 1980.<\/p>\n<p>En France, plus de la moiti\u00e9 des \u00e9missions de GES des transports sont dues aux voitures, le reste \u00e9tant imputable aux camions (environ 1\/4), aux v\u00e9hicules utilitaires, aux avions et aux deux-roues motoris\u00e9s.<\/p>\n<p>Le R\u00e9seau Action Climat &#8211; France rappelle dans sa nouvelle publication grand public <em>Transport : Moteur des changements climatiques<\/em> que le transport a un impact majeur sur les changements climatiques tandis que de nombreuses alternatives existent.<\/p>\n<p>Simple, p\u00e9dagogique et color\u00e9e, cette brochure pose clairement le sujet de l\u2019impact de la voiture individuelle depuis sa production \u00e0 son traitement en fin de vie, sans oublier la consommation de carburant tout au long de son utilisation.<\/p>\n<p>Le guide donne aussi des pistes concr\u00e8tes pour concilier nos imp\u00e9ratifs de d\u00e9placement avec la protection du climat (explications, chiffres, gestes \u00e9cocitoyens, etc).<\/p>\n<p>Source: <a title=\"http:\/\/www.rac-f.org\/\" href=\"http:\/\/www.rac-f.org\/\" target=\"_blank\" rel=\"noopener\">http:\/\/www.rac-f.org\/<\/a><\/p>\n","protected":false},"excerpt":{"rendered":"<p>Le R\u00e9seau Action Climat &#8211; France publie l\u2019\u00e9dition 2010 de sa brochure \u00ab\u00a0Transports : Moteur des changements climatiques\u00a0\u00bb qui fait le point sur l\u2019impact des transports sur les changements climatiques <a class=\"more-link\" href=\"https:\/\/carfree.fr\/index.php\/2010\/10\/12\/transports-moteurs-des-changements-climatiques\/\">Lire la suite&#8230;<\/a><\/p>\n","protected":false},"author":70,"featured_media":37712,"comment_status":"open","ping_status":"open","sticky":false,"template":"","format":"standard","meta":[],"categories":[124,72],"tags":[697,62,806,376,290,110,57,188,138,55,594,16,595,491,29,82,176],"views":5427,"_links":{"self":[{"href":"https:\/\/carfree.fr\/index.php\/wp-json\/wp\/v2\/posts\/10389"}],"collection":[{"href":"https:\/\/carfree.fr\/index.php\/wp-json\/wp\/v2\/posts"}],"about":[{"href":"https:\/\/carfree.fr\/index.php\/wp-json\/wp\/v2\/types\/post"}],"author":[{"embeddable":true,"href":"https:\/\/carfree.fr\/index.php\/wp-json\/wp\/v2\/users\/70"}],"replies":[{"embeddable":true,"href":"https:\/\/carfree.fr\/index.php\/wp-json\/wp\/v2\/comments?post=10389"}],"version-history":[{"count":0,"href":"https:\/\/carfree.fr\/index.php\/wp-json\/wp\/v2\/posts\/10389\/revisions"}],"wp:featuredmedia":[{"embeddable":true,"href":"https:\/\/carfree.fr\/index.php\/wp-json\/wp\/v2\/media\/37712"}],"wp:attachment":[{"href":"https:\/\/carfree.fr\/index.php\/wp-json\/wp\/v2\/media?parent=10389"}],"wp:term":[{"taxonomy":"category","embeddable":true,"href":"https:\/\/carfree.fr\/index.php\/wp-json\/wp\/v2\/categories?post=10389"},{"taxonomy":"post_tag","embeddable":true,"href":"https:\/\/carfree.fr\/index.php\/wp-json\/wp\/v2\/tags?post=10389"}],"curies":[{"name":"wp","href":"https:\/\/api.w.org\/{rel}","templated":true}]}}