{"id":10397,"date":"2010-10-11T11:57:57","date_gmt":"2010-10-11T10:57:57","guid":{"rendered":"http:\/\/carfree.fr\/?p=10397"},"modified":"2021-02-08T11:59:57","modified_gmt":"2021-02-08T10:59:57","slug":"cochet-seul-depute-lucide-sur-la-bagnole","status":"publish","type":"post","link":"https:\/\/carfree.fr\/index.php\/2010\/10\/11\/cochet-seul-depute-lucide-sur-la-bagnole\/","title":{"rendered":"Cochet, seul d\u00e9put\u00e9 lucide sur la bagnole"},"content":{"rendered":"<p><img decoding=\"async\" loading=\"lazy\" title=\"point-rouge-cochet\" src=\"http:\/\/carfree.fr\/images\/point-rouge-cochet.jpg\" alt=\"point-rouge-cochet\" width=\"420\" height=\"200\" \/><\/p>\n<p>Finalement, la d\u00e9confiture de France Inter a du bon\u00a0: on va voir  ailleurs, et on d\u00e9couvre parfois des choses int\u00e9ressantes\u00a0: la revue de  presse de C\u00e9cile de Kervasdou\u00e9 sur France Culture, les chroniques de Guy  Carlier sur Europe 1 (m\u00eame en courant le risque d\u2019entendre glapir  l\u2019insupportable Fogiel, promu au rang de \u201cjournaliste interviewer\u201d sur  radio Sarko\u2026 Pire\u00a0: j\u2019avoue retrouver de plus en plus souvent Demorand  avant 19h00 sur la m\u00eame radio Sarko. Il faut avouer qu\u2019il est autrement  plus int\u00e9ressant \u00e0 \u00e9couter que le platissime et r\u00e9v\u00e9rencieusissime (avec  les puissants) Patrick Cohen qui l\u2019a remplac\u00e9 sur Inter. Quant \u00e0 Audrey  Montebourg Pulvar,  certes autrement plus int\u00e9ressante (sur tous les plans, d\u2019aillleurs), sa  vie priv\u00e9e jette \u00e9videmment une ombre sur chacune de ses paroles. Bref. <!--more--><\/p>\n<p><iframe loading=\"lazy\" frameborder=\"0\" width=\"800\" height=\"600\" src=\"https:\/\/www.dailymotion.com\/embed\/video\/xf4g5u\" allowfullscreen allow=\"autoplay\"><\/iframe><\/p>\n<p>Et hier, bingo, \u00e9mission en direct du salon de l\u2019auto avec\u2026 Yves  Cochet\u00a0! J\u2019ai d\u00e9j\u00e0 d\u00fb le dire, j\u2019aime bien Cochet et sa mani\u00e8re de  rester droit dans ses bottes quand ses coll\u00e8gues commencent \u00e0 fr\u00e9tiller \u00e0  l\u2019odeur de la bonne soupe gouvernementale qui se profile avec le retour  des \u201csocialistes\u201d au pouvoir, et que des anciens du Modem se pressent  avec eux autour de la gamelle virtuelle. Cochet restera dans l\u2019Histoire  comme le premier parlementaire \u00e0 avoir compris que demain n\u2019aura plus  rien \u00e0 voir avec aujourd\u2019hui, et qu\u2019il faudrait peut-\u00eatre bien commencer  \u00e0 s\u2019y pr\u00e9parer plut\u00f4t que de continuer \u00e0 faire l\u2019autruche et \u00e0 sauter  sur sa chaise comme un cabri en criant \u201c<em>La croissance\u00ae, la croissance<\/em><em>\u00ae<\/em><em>, la croissance<\/em><em>\u00ae<\/em>\u201d.<\/p>\n<p>J\u2019aime aussi son approche pragmatique\u00a0: contrairement \u00e0 bon nombre de  \u201cd\u00e9croissants\u201d, y compris parmi les plus brillants, il ne fait pas dans  la philosophie. Il ne se contente pas de snober les cons-sommateurs et  de tenter de les convaincre qu\u2019ils seraient bien plus heureux sans leur  4&#215;4, leur t\u00e9l\u00e9 3D d\u20191m50, leur Iphone et leurs vacances aux Seychelles\u00a0:  c\u2019est totalement inefficace, vou\u00e9 \u00e0 l\u2019\u00e9chec, en plus de vous faire  passer pour un demeur\u00e9 doubl\u00e9 d\u2019un extraterrestre. Vous avez peut-\u00eatre  essay\u00e9 de convaincre un catholique (je dis catholique parce que c\u2019est  surtout \u00e7a que j\u2019ai dans mon entourage, mais j\u2019imagine que c\u2019est pareil,  voire pire avec un juif, un musulman, ou toute autre victime  d\u2019intoxication religieuse) que dieu n\u2019existe pas. Avez-vous r\u00e9ussi\u00a0?<\/p>\n<p>Comme Cochet, je pr\u00e9f\u00e8re utiliser des arguments scientifiques et  rationnels\u00a0: m\u00eame si vous n\u2019aimez pas la d\u00e9croissance, vous n\u2019aurez pas  le choix. <strong><em>THERE WON\u2019T BE ANY ALTERNATIVE<\/em><\/strong>.  Comme les ultralib\u00e9raux, oui oui. Comme pour Sarkozy et les retraites\u00a0:  il n\u2019 y a pas le choix. Sauf que pour la d\u00e9croissance, c\u2019est vrai.<\/p>\n<p>Alors \u00e9coutez Cochet, interrog\u00e9 par Demorand et Askolovitch, un brin  provocateurs et dubitatifs, mais dont les questions sont int\u00e9ressantes.<\/p>\n<p>Il faut situer le cadre, le salon de l\u2019auto, que Demorand qualifie de \u201c<em>d\u00e9monstration de force de l\u2019industrie automobile<\/em>\u201d, et dans lequel sont syst\u00e9matiquement mis en avant les v\u00e9hicules <em>\u201d\u201d\u201c\u201d\u201c\u201d\u201c\u201d\u201cVerts\u201d\u201c\u201d\u201c\u201d\u201c\u201d\u201c\u201d<\/em>,  \u00e9lectriques, hybrides, ou fonctionnant aux \u201cbiocarburants\u201d (ces  derniers ont semble-t-il du plomb dans l\u2019aile). Alors que dans les  faits, toutes les voitures achet\u00e9es par les cons-sommateurs fonctionnent  toujours au p\u00e9trole, et m\u00eame 8 ou 9 sur 10 au diesel-qui-pue.<\/p>\n<p>Dans ces conditions, la question d\u2019Askolovitch est amusante (je n\u2019ai  pas le courage de retranscrire mot pour mot, alors je caricature un peu  mais l\u2019esprit y est\u00a0: \u201c<em>ha ha, esp\u00e8ce de d\u00e9croissant\u00a0! \u00c7a fait quoi  d\u2019\u00eatre d\u00e9menti par les faits, et de voir que les constructeurs  automobiles se sont adapt\u00e9s et proposent d\u00e9sormais des mod\u00e8les  \u00e9lectriques ou hybrides qui vont permettre de ne rien changer \u00e0 notre  mode de vie tout en n\u2019aggravant pas le r\u00e9chauffement climatique\u00a0?<\/em>\u201d<\/p>\n<p>Cochet explique avec un calme olympien qu\u2019il n\u2019y croit pas une  seconde, que l\u2019\u00e9lectricit\u00e9 (qui n\u2019est pas une \u00e9nergie primaire et doit  donc \u00eatre produite \u00e0 l\u2019aide d\u2019\u00e9nergies primaires comme\u2026 le p\u00e9trole) a un  rendement inf\u00e9rieur \u00e0 celui du p\u00e9trole. Comme je l\u2019ai d\u00e9j\u00e0 \u00e9crit \u00e0  propos du pot de yaourt Mitsubishi Peugeot,  les batteries actuelles confinent ces v\u00e9hicules \u00e0 la marginalit\u00e9  commerciale. Ce sont des publicit\u00e9s ambulantes. Cochet ajoute qu\u2019elles  ne sont pas rapides et ne font pas vroum-vroum au feu rouge, et qu\u2019elle  n\u2019ont donc que peu de chance d\u2019int\u00e9resser la gent masculine, qui selon  lui repr\u00e9sente 80% des visiteurs du salon. En cinq minutes, il n\u2019a  \u00e9videmment pas le temps de parler du goulot d\u2019\u00e9tranglement de la  production de lithium qui l\u2019emp\u00eachera de toute fa\u00e7on de se d\u00e9velopper.<\/p>\n<p>L\u2019hybride a nettement plus de potentiel, au moins sur un plan  commercial, puisqu\u2019elle est aussi utilisable que les v\u00e9hicules actuels,  mais n\u2019a strictement rien de r\u00e9volutionnaire \u00e0 la pompe\u00a0! J\u2019ai un billet  en pr\u00e9paration sur la 3008 Pigeot hybride, et il est possible que je me  retrouve prochainement au volant d\u2019une autre hybride japonaise  fabriqu\u00e9e en Grande Bretagne. \u00c0 suivre donc.<\/p>\n<p>Bref, avec cette crise du p\u00e9trole qui n\u2019en finit plus de se pr\u00e9parer  et qui condamne la \u201ccroissance\u00ae\u201d et toute \u201creprise\u00ae\u201d pour quelques  d\u00e9cennies, il est \u00e9vident que l\u2019industrie automobile et ses salari\u00e9s ont  du souci \u00e0 se faire. Les autres aussi, puisque la d\u00e9cr\u00e9pitude de  l\u2019automobile va entra\u00eener le reste de cette \u00e9conomie drogu\u00e9e au p\u00e9trole  au fond de l\u2019\u00e9gout. Cochet donne m\u00eame rendez-vous \u00e0 Askolovitch au salon  de l\u2019auto 2020, en insinuant que ce salon pourrait ne jamais avoir  lieu\u2026 Dialogue de sourds\u2026<\/p>\n<p>Il faudrait de nombreux Cochet pour le marteler\u00a0: la voiture du futur  sera plus rare, plus petite, plus l\u00e9g\u00e8re, plus lente, moins gourmande.  Ou elle ne sera pas.<\/p>\n<p>Bonus track\u00a0\u00a0: un autre dialogue de sourds, celui de Cochet face aux  pauvres ouvriers de Citro\u00ebn Aulnay (usine que je connais bien pour y  avoir pass\u00e9 quelques semaines dans une vie ant\u00e9rieure). Mais ce qui est  int\u00e9ressant, c\u2019est que les ouvriers ne semblent pas avoir grand\u2019chose \u00e0  foutre de ce qu\u2019ils fabriquent\u00a0: ce qu\u2019ils viennent chercher, c\u2019est  \u00e9videmment de quoi remplir la gamelle tous les mois. Tr\u00e8s remont\u00e9s face \u00e0  leurs patrons et \u00e0 la soci\u00e9t\u00e9 capitaliste, ils ne veulent pourtant pas  entendre parler d\u2019\u00e9cologie, encore moins de d\u00e9croissance\u2026<\/p>\n<p><iframe loading=\"lazy\" frameborder=\"0\" width=\"800\" height=\"460\" src=\"https:\/\/www.dailymotion.com\/embed\/video\/x8fjv3\" allowfullscreen allow=\"autoplay\"><\/iframe><\/p>\n","protected":false},"excerpt":{"rendered":"<p>Finalement, la d\u00e9confiture de France Inter a du bon\u00a0: on va voir ailleurs, et on d\u00e9couvre parfois des choses int\u00e9ressantes\u00a0: la revue de presse de C\u00e9cile de Kervasdou\u00e9 sur France <a class=\"more-link\" href=\"https:\/\/carfree.fr\/index.php\/2010\/10\/11\/cochet-seul-depute-lucide-sur-la-bagnole\/\">Lire la suite&#8230;<\/a><\/p>\n","protected":false},"author":102,"featured_media":10400,"comment_status":"open","ping_status":"open","sticky":false,"template":"","format":"standard","meta":[],"categories":[495,73],"tags":[268,185,80,290,402,57,85,139,107,193,84,60,68,16,99,198,81,550,474,45,393,830,263,82,86,1669,412,19,714,752],"views":6598,"_links":{"self":[{"href":"https:\/\/carfree.fr\/index.php\/wp-json\/wp\/v2\/posts\/10397"}],"collection":[{"href":"https:\/\/carfree.fr\/index.php\/wp-json\/wp\/v2\/posts"}],"about":[{"href":"https:\/\/carfree.fr\/index.php\/wp-json\/wp\/v2\/types\/post"}],"author":[{"embeddable":true,"href":"https:\/\/carfree.fr\/index.php\/wp-json\/wp\/v2\/users\/102"}],"replies":[{"embeddable":true,"href":"https:\/\/carfree.fr\/index.php\/wp-json\/wp\/v2\/comments?post=10397"}],"version-history":[{"count":0,"href":"https:\/\/carfree.fr\/index.php\/wp-json\/wp\/v2\/posts\/10397\/revisions"}],"wp:featuredmedia":[{"embeddable":true,"href":"https:\/\/carfree.fr\/index.php\/wp-json\/"}],"wp:attachment":[{"href":"https:\/\/carfree.fr\/index.php\/wp-json\/wp\/v2\/media?parent=10397"}],"wp:term":[{"taxonomy":"category","embeddable":true,"href":"https:\/\/carfree.fr\/index.php\/wp-json\/wp\/v2\/categories?post=10397"},{"taxonomy":"post_tag","embeddable":true,"href":"https:\/\/carfree.fr\/index.php\/wp-json\/wp\/v2\/tags?post=10397"}],"curies":[{"name":"wp","href":"https:\/\/api.w.org\/{rel}","templated":true}]}}