{"id":10714,"date":"2010-10-24T09:38:32","date_gmt":"2010-10-24T08:38:32","guid":{"rendered":"http:\/\/carfree.fr\/?p=10714"},"modified":"2020-08-15T15:12:23","modified_gmt":"2020-08-15T14:12:23","slug":"detroit-passe-au-vert","status":"publish","type":"post","link":"https:\/\/carfree.fr\/index.php\/2010\/10\/24\/detroit-passe-au-vert\/","title":{"rendered":"\u00ab\u00a0Detroit passe au vert\u00a0\u00bb"},"content":{"rendered":"<p><img decoding=\"async\" loading=\"lazy\" src=\"http:\/\/carfree.fr\/img\/2010\/10\/eggplant_car.jpg\" alt=\"eggplant_car\" width=\"350\" height=\"272\" \/><\/p>\n<p>L&rsquo;excellente cha\u00eene de t\u00e9l\u00e9vision Arte diffusait le mois dernier un reportage sur l&rsquo;ex capitale am\u00e9ricaine de l&rsquo;automobile, Detroit, qui apr\u00e8s l&rsquo;effondrement des 3 g\u00e9ants de l&rsquo;automobile am\u00e9ricains, rena\u00eet de ses cendres en d\u00e9veloppant une agriculture urbaine et biologique. Il ne s&rsquo;agit pas de multinationales agricoles \u00e0 la Monsanto, qui brassent les dollars par millions de mani\u00e8re douteuse, mais bien de faire pousser soi-m\u00eame ses l\u00e9gumes dans son jardin, et de vendre le surplus sur des march\u00e9s locaux. Un avant go\u00fbt de vie post-p\u00e9trole. Tant de simplicit\u00e9 : \u00e7a laisse r\u00eaveur. <!--more--><\/p>\n<p><em>\u00ab\u00a0A Detroit, la rouille vire au vert. La ville symbole de la \u00abrust belt\u00bb am\u00e9ricaine, la capitale d\u00e9chue de l\u2019automobile, voit fleurir des milliers de jardins dans ses arri\u00e8re-cours, ses parcs et ses terrains vagues.<\/em><\/p>\n<p><em>L\u2019agriculture urbaine fournit d\u00e9j\u00e0 durant la saison jusqu\u2019\u00e0 15% des besoins en fruits et l\u00e9gumes de la ville.<\/em><\/p>\n<p><em>Elle est pratiqu\u00e9e par des d\u00e9fenseurs de la nourriture saine et bio, tel Greg Willerer, comme par des militants de la cause noire qui veulent rompre la d\u00e9pendance de la communaut\u00e9 Africaine-Am\u00e9ricaine \u00e0 la nourriture industrielle.<\/em><\/p>\n<p><em>Elle offre aussi un espoir aux dizaines de milliers de ch\u00f4meurs qui se pressent dans les soupes populaires. Et elle attire m\u00eame la convoitise de financiers, comme John Hantz, pr\u00eat \u00e0 investir 30 millions de dollars dans la cr\u00e9ation d\u2019une exploitation commerciale en ville.<\/em><\/p>\n<p><em>A Detroit, il y a de la place pour tout le monde : la ville dispose de plus de 100 km2 de terrains libres \u2013 l\u2019\u00e9quivalent de la ville de San Francisco.\u00a0\u00bb<\/em><\/p>\n<p><em>Source Laurent Cibien, Alain Guillon et Pascal Carcanade \u2013 ARTE GEIE &#8211; France 2010<\/em><\/p>\n","protected":false},"excerpt":{"rendered":"<p>L&rsquo;excellente cha\u00eene de t\u00e9l\u00e9vision Arte diffusait le mois dernier un reportage sur l&rsquo;ex capitale am\u00e9ricaine de l&rsquo;automobile, Detroit, qui apr\u00e8s l&rsquo;effondrement des 3 g\u00e9ants de l&rsquo;automobile am\u00e9ricains, rena\u00eet de ses <a class=\"more-link\" href=\"https:\/\/carfree.fr\/index.php\/2010\/10\/24\/detroit-passe-au-vert\/\">Lire la suite&#8230;<\/a><\/p>\n","protected":false},"author":111,"featured_media":28658,"comment_status":"open","ping_status":"open","sticky":false,"template":"","format":"standard","meta":[],"categories":[73,6],"tags":[886,887,413,107,888,1663,389,466,889,97],"views":8886,"_links":{"self":[{"href":"https:\/\/carfree.fr\/index.php\/wp-json\/wp\/v2\/posts\/10714"}],"collection":[{"href":"https:\/\/carfree.fr\/index.php\/wp-json\/wp\/v2\/posts"}],"about":[{"href":"https:\/\/carfree.fr\/index.php\/wp-json\/wp\/v2\/types\/post"}],"author":[{"embeddable":true,"href":"https:\/\/carfree.fr\/index.php\/wp-json\/wp\/v2\/users\/111"}],"replies":[{"embeddable":true,"href":"https:\/\/carfree.fr\/index.php\/wp-json\/wp\/v2\/comments?post=10714"}],"version-history":[{"count":0,"href":"https:\/\/carfree.fr\/index.php\/wp-json\/wp\/v2\/posts\/10714\/revisions"}],"wp:featuredmedia":[{"embeddable":true,"href":"https:\/\/carfree.fr\/index.php\/wp-json\/"}],"wp:attachment":[{"href":"https:\/\/carfree.fr\/index.php\/wp-json\/wp\/v2\/media?parent=10714"}],"wp:term":[{"taxonomy":"category","embeddable":true,"href":"https:\/\/carfree.fr\/index.php\/wp-json\/wp\/v2\/categories?post=10714"},{"taxonomy":"post_tag","embeddable":true,"href":"https:\/\/carfree.fr\/index.php\/wp-json\/wp\/v2\/tags?post=10714"}],"curies":[{"name":"wp","href":"https:\/\/api.w.org\/{rel}","templated":true}]}}