{"id":10958,"date":"2010-11-15T00:20:31","date_gmt":"2010-11-14T23:20:31","guid":{"rendered":"http:\/\/carfree.fr\/?p=10958"},"modified":"2022-05-19T11:16:21","modified_gmt":"2022-05-19T10:16:21","slug":"nathalie-kosciusko-morizet-une-cloche-a-lecologie","status":"publish","type":"post","link":"https:\/\/carfree.fr\/index.php\/2010\/11\/15\/nathalie-kosciusko-morizet-une-cloche-a-lecologie\/","title":{"rendered":"Nathalie Kosciusko-Morizet, une cloche \u00e0 l&rsquo;\u00e9cologie"},"content":{"rendered":"<p>Bon d&rsquo;accord, le titre de l&rsquo;article est limite sexiste, mais vous comprendrez en lisant pourquoi Nathalie Kosciusko-Morizet m\u00e9rite amplement le titre de \u00ab\u00a0cloche\u00a0\u00bb&#8230;\u00a0 En outre, il repr\u00e9sente bien ce que je pense de la droite \u00e9colo-lib\u00e9rale&#8230; Alors tant pis pour Nathalie Kosciusko-Morizet, NKM pour les m\u00e9dias, qui devient aujourd&rsquo;hui m\u00eame ministre de l\u2019\u00e9cologie, du d\u00e9veloppement durable, des transports et du  logement. <!--more--><\/p>\n<p>Car c&rsquo;est bien dans un contexte d&rsquo;affaiblissement g\u00e9n\u00e9ral de l&rsquo;\u00e9cologie que Nathalie Kosciusko-Morizet revient aux affaires. Son minist\u00e8re est d\u00e9sormais amput\u00e9 de l&rsquo;\u00e9nergie, de la mer, de l&rsquo;am\u00e9nagement du territoire,  de la ville, des technologies vertes et des n\u00e9gociations sur le climat&#8230; Et surtout, elle n&rsquo;est plus que num\u00e9ro 4 du gouvernement et non plus ministre d&rsquo;\u00e9tat comme ont pu l&rsquo;\u00eatre bri\u00e8vement Alain Jupp\u00e9 puis Jean-Louis Borloo.<\/p>\n<p>C&rsquo;est sans doute la traduction logique du d\u00e9sormais c\u00e9l\u00e8bre \u00ab\u00a0<a title=\"http:\/\/carfree.fr\/index.php\/2010\/07\/08\/lecologie-ca-commence-a-bien-faire\/\" href=\"http:\/\/carfree.fr\/index.php\/2010\/07\/08\/lecologie-ca-commence-a-bien-faire\/\" target=\"_blank\" rel=\"noopener\">L&rsquo;\u00e9cologie, \u00e7a commence \u00e0 bien faire<\/a>\u00ab\u00a0&#8230; Le super minist\u00e8re issu du pacte  \u00e9cologique de <a title=\"http:\/\/carfree.fr\/index.php\/2010\/03\/17\/hulot-et-allegre-meme-combat\/\" href=\"http:\/\/carfree.fr\/index.php\/2010\/03\/17\/hulot-et-allegre-meme-combat\/\" target=\"_blank\" rel=\"noopener\">Nicolas Hulot<\/a> est d\u00e9sormais d\u00e9capit\u00e9, l&rsquo;\u00e9nergie retourne \u00e0 l&rsquo;\u00e9conomie (vive le nucl\u00e9aire et vive le p\u00e9trole!), et pour les \u00ab\u00a0n\u00e9gociations sur le climat\u00a0\u00bb, on verra bien&#8230;<\/p>\n<p><strong>L&rsquo;\u00e9cologie des p\u00e2querettes<\/strong><\/p>\n<p>Nathalie Kosciusko-Morizet va donc devoir composer avec un minist\u00e8re croupion dans un gouvernement qui se fout de l&rsquo;\u00e9cologie pour faire face aux enjeux majeurs de la destruction de l&rsquo;environnement. Bon courage!<\/p>\n<p>Elle avait pourtant tout pour elle, jeune et brillante, polytechnicienne, \u00ab\u00a0experte en  environnement\u00a0\u00bb, ancienne secr\u00e9taire d&rsquo;\u00e9tat \u00e0 l&rsquo;\u00e9cologie, secr\u00e9taire  nationale charg\u00e9e de l&rsquo;\u00e9cologie \u00e0 l&rsquo;UMP (bon, l\u00e0 \u00e7a se g\u00e2te&#8230;),  pourfendeuse d&rsquo;OGM allant jusqu&rsquo;\u00e0 faire la bise \u00e0 Jos\u00e9 Bov\u00e9, capable de  traiter de l\u00e2ches des gens au-dessus de tout soup\u00e7on comme Jean-Fran\u00e7ois  Cop\u00e9 ou Jean-Louis Borloo&#8230; Bref, un v\u00e9ritable CV de <em>pasionaria<\/em> de l&rsquo;environnement!<\/p>\n<p>D&rsquo;ailleurs, elle le d\u00e9clarait le 9 janvier 2009 au journal <a title=\"http:\/\/www.lemonde.fr\/cgi-bin\/ACHATS\/acheter.cgi?offre=ARCHIVES&amp;type_item=ART_ARCH_30J&amp;objet_id=1065671&amp;clef=ARC-TRK-D_01\" href=\"http:\/\/www.lemonde.fr\/cgi-bin\/ACHATS\/acheter.cgi?offre=ARCHIVES&amp;type_item=ART_ARCH_30J&amp;objet_id=1065671&amp;clef=ARC-TRK-D_01\" target=\"_blank\" rel=\"noopener\">Le Monde<\/a>: \u00ab\u00a0<em>Je me suis tr\u00e8s t\u00f4t int\u00e9ress\u00e9e aux questions de l\u2019environnement, bien avant Polytechnique. Je pourrais vous montrer des photos de moi \u00e0 deux ans en train de cueillir des p\u00e2querettes avec ma s\u0153ur\u2026<\/em>\u00ab\u00a0. Diantre! On doit au moins \u00eatre 60 millions d&rsquo;\u00e9cologistes en France \u00e0 avoir \u00ab\u00a0cueilli des p\u00e2querettes\u00a0\u00bb dans notre enfance&#8230;<\/p>\n<p>Apr\u00e8s Chantal Jouanno la<a title=\"http:\/\/carfree.fr\/index.php\/2010\/10\/15\/chantal-jouanno-sans-tabou\/\" href=\"http:\/\/carfree.fr\/index.php\/2010\/10\/15\/chantal-jouanno-sans-tabou\/\" target=\"_blank\" rel=\"noopener\"> ministre \u00ab\u00a0des fleurs et des abeilles\u00a0\u00bb<\/a>, voici donc la ministre \u00ab\u00a0des p\u00e2querettes\u00a0\u00bb&#8230; C&rsquo;est tr\u00e8s fleuri \u00e0 l&rsquo;UMP, en fait une nouvelle tendance de l&rsquo;\u00e9cologie politique version d\u00e9sodorisant Wizard \u00ab\u00a0fleurs des bois\u00a0\u00bb&#8230;<\/p>\n<p>Car sur le CV de NKM, il y a aussi un passage (pantouflage) chez <a title=\"http:\/\/fr.wikipedia.org\/wiki\/Alstom\" href=\"http:\/\/fr.wikipedia.org\/wiki\/Alstom\" target=\"_blank\" rel=\"noopener\">Alstom<\/a> de 1999 \u00e0 2001, une entreprise bien connue dans le milieu des centrales \u00e9lectriques et qui a connu en 2006 quelques petits probl\u00e8mes relatifs \u00e0 l&rsquo;amiante&#8230;<\/p>\n<p><strong>La lutte pour la vie sur terre et pour une place au soleil<\/strong><\/p>\n<p>Cette vocation pr\u00e9coce pour l&rsquo;environnement ne doit pas faire oublier non plus son petit destin personnel. Alors que NKM d\u00e9clarait partout que l&rsquo;\u00e9cologie \u00e9tait sa raison d&rsquo;\u00eatre, elle accepte brusquement en septembre 2009 un poste de secr\u00e9taire d&rsquo;\u00c9tat charg\u00e9e de la Prospective et du D\u00e9veloppement de l&rsquo;\u00e9conomie num\u00e9rique, ce qui lui permet de se rapprocher de son fr\u00e8re, <a title=\"http:\/\/fr.wikipedia.org\/wiki\/Pierre_Kosciusko-Morizet\" href=\"http:\/\/fr.wikipedia.org\/wiki\/Pierre_Kosciusko-Morizet\" target=\"_blank\" rel=\"noopener\">Pierre Kosciusko-Morizet<\/a>, fondateur du site de commerce en ligne PriceMinister.com et pr\u00e9sident de l\u2019Association pour le commerce et les services en ligne&#8230;<\/p>\n<p>Il faut \u00eatre cependant honn\u00eate, NKM a quitt\u00e9 son poste de secr\u00e9taire d&rsquo;\u00e9tat \u00e0 l&rsquo;\u00e9cologie car elle \u00e9tait f\u00e2ch\u00e9e avec Jean-Louis Borloo, alors tant pis pour l&rsquo;\u00e9cologie et pour la plan\u00e8te!<\/p>\n<p>Comme le dit tr\u00e8s bien <a title=\"http:\/\/fabrice-nicolino.com\/index.php\/?p=484\" href=\"http:\/\/fabrice-nicolino.com\/index.php\/?p=484\" target=\"_blank\" rel=\"noopener\">Fabrice Nicolino<\/a>, \u00ab\u00a0<em>je ne pense pas que cette dame se moque de l\u2019\u00e9cologie. Je crois pour  commencer qu\u2019elle est tr\u00e8s ignorante, malgr\u00e9 Polytechnique et les  efforts de son service de presse. Je crois qu\u2019elle consid\u00e8re cette  question comme int\u00e9ressante. Mais s\u00fbrement pas plus d\u00e9cisive que son  sort personnel. On peut le dire autrement : entre la lutte pour la vie  sur terre et son sublime destin politique de banlieue, elle a choisi, et depuis longtemps<\/em>\u00ab\u00a0.<\/p>\n<p><strong>\u00abTu viens ?\u00bb&#8230; Non !<br \/>\n<\/strong><\/p>\n<p>Et elle a m\u00eame commis un bouquin au titre aguicheur (Tu viens?, Gallimard, 2009) pour nous parler, entre autres, d&rsquo;\u00e9cologie. Apparemment, il s&rsquo;agirait d&rsquo;un \u00ab\u00a0<em>v\u00e9ritable br\u00fblot (&#8230;) aussi fort que du Guillaume Musso<\/em>\u00ab\u00a0&#8230; Selon le Nouvel Obs, \u00ab\u00a0<em>l&rsquo;ordre \u00e9tabli n&rsquo;a plus qu&rsquo;\u00e0 faire ses valises<\/em>\u00ab\u00a0.<\/p>\n<p>Et le r\u00e9sum\u00e9 du bouquin par le Nouvel Obs est tr\u00e8s clair: \u00ab\u00a0<em>On ne comprend pas bien de quoi parle ce livre<\/em>\u00ab\u00a0. Attention c&rsquo;est du lourd, le fond du propos de ce brillant ouvrage, c&rsquo;est que demain, on y va, alors autant y aller en  mode num\u00e9rico-\u00e9colo. L&rsquo;avenir sera vert et fleuri comme un fond d&rsquo;\u00e9cran  Windows&#8230;<\/p>\n<p>Du c\u00f4t\u00e9 des OGM, la bise \u00e0 Jos\u00e9 Bov\u00e9 lui a par contre laiss\u00e9 un mauvais souvenir, \u00e0 moins que les remontrances de Fran\u00e7ois Fillon suite \u00e0 sa sortie sur les \u00ab\u00a0l\u00e2ches de la majorit\u00e9\u00a0\u00bb aient eu un certain effet: <em>\u00ab\u00a0Les faucheurs d&rsquo;OGM ne sont pas des proph\u00e8tes, parce qu&rsquo;ils sont dans la <\/em><em>posture<\/em> <em>et que leur syst\u00e9matisme<\/em> <em>dessert la saine r\u00e9volte<\/em>\u00ab\u00a0.<\/p>\n<p><strong>Quand l\u2019id\u00e9ologie maquille les r\u00e9sultats scientifiques<\/strong><\/p>\n<p>Au-del\u00e0 des p\u00e2querettes, des gentils OGM ou de l&rsquo;amiante, quel est donc le fondement de la pens\u00e9e \u00e9cologiste de Nathalie Kosciusko-Morizet?<\/p>\n<p>C&rsquo;est <a title=\"http:\/\/www.decroissance.org\/?chemin=textes\/kosciuscko-morizet\" href=\"http:\/\/www.decroissance.org\/?chemin=textes\/kosciuscko-morizet\" target=\"_blank\" rel=\"noopener\">Nicolas Ridoux<\/a>, ing\u00e9nieur et auteur de <em>La D\u00e9croissance pour tous<\/em> (\u00e9ditions Parangon, 2006) qui nous rappelle sans doute l&rsquo;essentiel. La pens\u00e9e de NKM en mati\u00e8re d&rsquo;\u00e9cologie est d&rsquo;essence n\u00e9olib\u00e9rale.<\/p>\n<p>Selon Nathalie Kosciusko-Morizet, la croissance n\u2019est pas le probl\u00e8me, elle est la solution. Les  probl\u00e8mes cr\u00e9\u00e9s par la croissance seront r\u00e9gl\u00e9s par elle : il suffit  donc de l\u2019acc\u00e9l\u00e9rer ! NKM appuie apparemment son discours sur des  travaux scientifiques qui, si on les regarde de plus pr\u00e8s, sont plus que critiquables.<\/p>\n<p>Elle appuie son raisonnement sur ce que les sp\u00e9cialistes de la pens\u00e9e \u00e9conomique n\u00e9olib\u00e9rale appellent les \u00ab\u00a0courbes en cloche\u00a0\u00bb. En gros, plus la croissance est forte et plus la pollution baisserait: <em>\u00ab\u00a0La position de l&rsquo;UMP est de pousser pour que nous arrivions le plus vite possible au deuxi\u00e8me point des \u00ab\u00a0courbes en cloche\u00a0\u00bb.\u00a0\u00bb<\/em> (Le Monde, 23 janvier 2007).<\/p>\n<p>Traduction: il faut produire plus, consommer plus et augmenter la croissance pour faire baisser la pollution. Logique, non? Vite, un Grenelle de la croissance!<\/p>\n<p>Et tant pis si l&rsquo;exp\u00e9rience historique montre le contraire, si de nombreux rapports pr\u00e9cisent que c&rsquo;est d&rsquo;abord la r\u00e9glementation qui fait baisser la pollution et non pas le PIB par t\u00eate ou la croissance. Le principal, c&rsquo;est de d\u00e9velopper la sacro-sainte croissance (qui d\u00e9veloppera les emplois un jour et les profits tout de suite).<\/p>\n<p>Comme le dit Nicolas Ridoux, <em>\u00ab\u00a0ne serions-nous pas en pr\u00e9sence d\u2019un discours au service d\u2019une id\u00e9ologie  ? Cette id\u00e9ologie ne serait-elle pas la totale substituabilit\u00e9 d\u2019un  capital artificiel au capital naturel ? C\u2019est la  n\u00e9gation de toute irr\u00e9versibilit\u00e9 r\u00e9elle et la croyance irrationnelle  qu\u2019un environnement rendu invivable pourra toujours \u00eatre corrig\u00e9,  remplac\u00e9, par une cr\u00e9ation artificielle humaine\u00a0\u00bb<\/em>.<\/p>\n<p>Vivement la mise en place d&rsquo;une bourse de l&rsquo;air libre o\u00f9 les cr\u00e9dits oxyg\u00e8ne s&rsquo;\u00e9changeront sur les march\u00e9s \u00e0 terme!<\/p>\n","protected":false},"excerpt":{"rendered":"<p>Bon d&rsquo;accord, le titre de l&rsquo;article est limite sexiste, mais vous comprendrez en lisant pourquoi Nathalie Kosciusko-Morizet m\u00e9rite amplement le titre de \u00ab\u00a0cloche\u00a0\u00bb&#8230;\u00a0 En outre, il repr\u00e9sente bien ce que <a class=\"more-link\" href=\"https:\/\/carfree.fr\/index.php\/2010\/11\/15\/nathalie-kosciusko-morizet-une-cloche-a-lecologie\/\">Lire la suite&#8230;<\/a><\/p>\n","protected":false},"author":18,"featured_media":44725,"comment_status":"open","ping_status":"open","sticky":false,"template":"","format":"standard","meta":[],"categories":[52,124],"tags":[697,146,416,722,57,292,107,53,328,84,60,245,68,308,1129,16,665,281,115,61,278,691,899,694,45,54,287,33,117,310,412,829,150,34],"views":11206,"_links":{"self":[{"href":"https:\/\/carfree.fr\/index.php\/wp-json\/wp\/v2\/posts\/10958"}],"collection":[{"href":"https:\/\/carfree.fr\/index.php\/wp-json\/wp\/v2\/posts"}],"about":[{"href":"https:\/\/carfree.fr\/index.php\/wp-json\/wp\/v2\/types\/post"}],"author":[{"embeddable":true,"href":"https:\/\/carfree.fr\/index.php\/wp-json\/wp\/v2\/users\/18"}],"replies":[{"embeddable":true,"href":"https:\/\/carfree.fr\/index.php\/wp-json\/wp\/v2\/comments?post=10958"}],"version-history":[{"count":0,"href":"https:\/\/carfree.fr\/index.php\/wp-json\/wp\/v2\/posts\/10958\/revisions"}],"wp:featuredmedia":[{"embeddable":true,"href":"https:\/\/carfree.fr\/index.php\/wp-json\/wp\/v2\/media\/44725"}],"wp:attachment":[{"href":"https:\/\/carfree.fr\/index.php\/wp-json\/wp\/v2\/media?parent=10958"}],"wp:term":[{"taxonomy":"category","embeddable":true,"href":"https:\/\/carfree.fr\/index.php\/wp-json\/wp\/v2\/categories?post=10958"},{"taxonomy":"post_tag","embeddable":true,"href":"https:\/\/carfree.fr\/index.php\/wp-json\/wp\/v2\/tags?post=10958"}],"curies":[{"name":"wp","href":"https:\/\/api.w.org\/{rel}","templated":true}]}}