{"id":1097,"date":"2009-01-16T13:06:45","date_gmt":"2009-01-16T12:06:45","guid":{"rendered":"http:\/\/carfree.fr\/index.php\/2009\/01\/16\/les-motards-sont-des-cons\/"},"modified":"2023-04-18T14:31:26","modified_gmt":"2023-04-18T13:31:26","slug":"les-motards-sont-des-cons","status":"publish","type":"post","link":"https:\/\/carfree.fr\/index.php\/2009\/01\/16\/les-motards-sont-des-cons\/","title":{"rendered":"Les motards sont des cons"},"content":{"rendered":"<p>Je sais d\u00e9j\u00e0 ce que l&rsquo;on va me dire: cela ne se fait pas de stigmatiser une cat\u00e9gorie de la population, cela ne fait pas avancer le schmilblick et risque au contraire de braquer les motards au lieu de les faire \u00e9voluer. Et bien, braquons-les ces motards car ils sont \u00e0 mon avis incapables de la moindre \u00e9volution. <!--more--><\/p>\n<p>Les motards sont des cons car le principe m\u00eame de la moto consiste \u00e0 surpasser les r\u00e8gles, \u00e0 s&rsquo;en affranchir afin de bien montrer aux autres dans quelle pi\u00e8tre estime ils les placent. Les motards pensent que tous les autres usagers de la route sont des cons: les automobilistes assimil\u00e9s \u00e0 des moutons pare-choc contre pare-choc, les pi\u00e9tons dont la lenteur les insupporte et les v\u00e9los qui leur volent leur pseudo image d&rsquo;\u00e9pinal de cow-boy chevauchant son fid\u00e8le destrier&#8230;<!--more--><\/p>\n<p>Car le motard, au fond de lui-m\u00eame, se prend pour un cow-boy. Mais attention, pas le cow-boy fa\u00e7on lucky luke d\u00e9fenseur de la veuve et de l&rsquo;orphelin (la moto provoque sans doute autant de veuves que d&rsquo;orphelins&#8230;), plut\u00f4t le cow-boy fa\u00e7on plouc qui \u00e9coute de la country, qui boit de la bi\u00e8re et qui sent la sueur.<\/p>\n<p>Les motards sont des cons parce que, si vous discutez avec des membres de cette cat\u00e9gorie de la population, ils vous disent tous qu&rsquo;ils respectent les r\u00e8gles, sont tr\u00e8s prudents et ne font jamais d&rsquo;exc\u00e8s de vitesse. Leur leitmotiv, c&rsquo;est: \u00ab\u00a0oui, il y a quelques moutons noirs qui salissent l&rsquo;image des motards, mais dans l&rsquo;ensemble nous sommes irr\u00e9prochables\u00a0\u00bb (le mythe du chevalier sans peur et sans reproche).<\/p>\n<p>Sauf que, quiconque pratique la voie publique ou les routes sait qu&rsquo;il n&rsquo;en est rien. La plupart des motards ne connaissent pas le 50 km\/h en ville et il est m\u00eame comique de les voir produire des acc\u00e9l\u00e9rations incroyables entre deux feux rouges sur 100 ou 200 m\u00e8tres, d\u00e9passer all\u00e8grement la vitesse autoris\u00e9e pour venir pitoyablement s&rsquo;affaisser devant un feu. Enfin, c&rsquo;est moins comique pour les pi\u00e9tons qui doivent faire tr\u00e8s attention d\u00e8s qu&rsquo;une moto appara\u00eet dans le paysage urbain ou pour les riverains sans cesse d\u00e9rang\u00e9s par le bruit infernal de ces acc\u00e9l\u00e9rations inutiles qui n&rsquo;ont probablement d&rsquo;autre but que de flatter l&rsquo;\u00e9go machiste du motard moyen&#8230;<\/p>\n<p>En rase campagne ou sur autoroute, c&rsquo;est carr\u00e9ment le r\u00e8gne du motard fou qui ne <a title=\"http:\/\/carfree.fr\/index.php\/2009\/02\/06\/les-deux-roues-motorises-ne-respectent-pas-les-limitations-de-vitesse\/\" href=\"http:\/\/carfree.fr\/index.php\/2009\/02\/06\/les-deux-roues-motorises-ne-respectent-pas-les-limitations-de-vitesse\/\">conna\u00eet plus de limitations de vitesse<\/a>&#8230; genre je slalome entre les voitures comme sur le bol d&rsquo;or et je fais des signes avec le pied pour remercier les automobilistes! Car, il faut pr\u00e9ciser que le motard est un \u00eatre qui communique essentiellement avec son pied, si\u00e8ge probable de son cerveau, pour donner des indications \u00e9sot\u00e9riques aux autres usagers de la route&#8230; Quand je vous dis que les motards sont des cons&#8230; Parfois c&rsquo;est pour remercier l&rsquo;automobiliste de l&rsquo;avoir laiss\u00e9 passer (automobiliste qui s&rsquo;en fout compl\u00e8tement au passage), parfois c&rsquo;est carr\u00e9ment pour mettre des coups de pompe dans l&rsquo;aile de la bagnole si celle-ci a eu l&rsquo;outrecuidance de faire un \u00e9cart&#8230; Car les motards ne sont pas seulement cons, ils sont aussi franchement irresponsables.<\/p>\n<p>\u00c9galement, les motards ne se contentent pas de mettre leur vie ou celle des autres en danger, ils aiment particuli\u00e8rement bien faire chier les autres. Ainsi, le bruit de la moto en ville est tout simplement insupportable, particuli\u00e8rement la nuit, car les motards doivent apprendre que tr\u00e8s souvent les gens essayent de dormir la nuit&#8230; Et m\u00eame le jour, le bruit d&rsquo;une moto p\u00e9taradant produisant sa stupide acc\u00e9l\u00e9ration couvre l&rsquo;ensemble du bruit de fond urbain, et pourtant le niveau en d\u00e9cibels est d\u00e9j\u00e0 \u00e9lev\u00e9! Vous me direz, le jour c&rsquo;est moins grave car on ne dort pas. Erreur, ayant un b\u00e9b\u00e9, je peux vous dire qu&rsquo;une moto passant dans la rue le r\u00e9veille illico et ce, malgr\u00e9 du double-vitrage.<\/p>\n<p>Et les motards ne se contentent pas de faire chier les gens en passant dans leur rue, ils organisent m\u00eame dans chaque ville, en g\u00e9n\u00e9ral une fois par semaine ou une fois par mois, des grands rassemblements de motards sur une place ou un boulevard&#8230; Je ne vous explique pas le degr\u00e9 d&rsquo;exasp\u00e9ration des riverains quand vous avez plusieurs dizaines de motos qui viennent pr\u00e8s de chez vous puis repartent ensemble, en g\u00e9n\u00e9ral assez tard le soir, et qu&rsquo;entre temps les motards ont fait tourner leur moteur \u00e0 qui mieux mieux pour \u00e9pater la galerie.<\/p>\n<p>Car la passion du motard, c&rsquo;est sa moto (en g\u00e9n\u00e9ral avant sa femme) et ce qu&rsquo;il aime le mieux, c&rsquo;est faire tourner son moteur si possible inutilement (c&rsquo;est-\u00e0-dire sans se mouvoir vers un but pr\u00e9cis) et devant une assistance nombreuse, volontaire ou contrainte. Et il ne se contente pas de d\u00e9ranger les riverains en faisant tourner inutilement son moteur, le motard adore aussi rouler tr\u00e8s vite sur route juste pour le plaisir et se faire filmer par un copain avec un t\u00e9l\u00e9phone portable. Cela fournit une quantit\u00e9 inimaginable de vid\u00e9os sur Internet (Cf photo). Certains motards enfreignent ainsi d\u00e9lib\u00e9r\u00e9ment les limitations de vitesse, filment leurs \u00ab\u00a0exploits\u00a0\u00bb et diffusent les vid\u00e9os sur le web. A l&rsquo;heure o\u00f9 la ressource en p\u00e9trole se rar\u00e9fie, la pollution ne cesse d&rsquo;augmenter et le r\u00e9chauffement climatique est d\u00e9sormais av\u00e9r\u00e9, vous pouvez appr\u00e9cier toute l&rsquo;\u00e9tendue de la connerie des motards&#8230;<\/p>\n<p>Les motards sont \u00e9galement des cons quand ils se pr\u00e9tendent \u00ab\u00a0motards en col\u00e8re\u00a0\u00bb et veulent faire abattre l&rsquo;ensemble des arbres de France situ\u00e9s le long des routes (rien que \u00e7a!) et faire enlever l&rsquo;ensemble des barri\u00e8res de s\u00e9curit\u00e9 situ\u00e9es sur les autoroutes. Faire croire aux gens et aux pouvoirs publics que les arbres et les barri\u00e8res de s\u00e9curit\u00e9 sont responsables de leurs accidents de la route, si c&rsquo;est pas de la connerie \u00e7a! Au passage, les arbres absorbent une part de leurs \u00e9missions massives de CO2 et les barri\u00e8res de s\u00e9curit\u00e9 sauvent des vies, mais bon, ils ne veulent rien savoir les motards car ils sont en col\u00e8re!<\/p>\n<p>Heureusement, les motards sont vou\u00e9s \u00e0 dispara\u00eetre en tant qu&rsquo;esp\u00e8ce vivante, c&rsquo;est la loi de l&rsquo;\u00e9volution: les esp\u00e8ces les moins intelligentes s&rsquo;effacent et laissent la place aux esp\u00e8ces les plus \u00e9volu\u00e9es. Et le premier pr\u00e9dateur du motard, c&rsquo;est la moto! A leur corps d\u00e9fendant, ce n&rsquo;est pas l&rsquo;arbre ou la barri\u00e8re de s\u00e9curit\u00e9, mais c&rsquo;est en premier lieu leur connerie qui est responsable de l&rsquo;h\u00e9catombe routi\u00e8re des motards.<\/p>\n<p>La moto est en effet le mode de d\u00e9placement le plus dangereux loin devant tous les autres modes de d\u00e9placement (Source: S\u00e9curit\u00e9 routi\u00e8re). Bien que les motocyclistes parcourent en moyenne assez peu de kilom\u00e8tres par an et ne constituent que 1,1% du trafic, ils repr\u00e9sentent 10,1% des conducteurs impliqu\u00e9s dans un accident corporel et 18% des victimes tu\u00e9es. Si l\u2019on tient compte du kilom\u00e9trage parcouru, le risque d\u2019\u00eatre tu\u00e9 lors d\u2019un accident est 23 fois plus \u00e9lev\u00e9 pour un motard que pour un utilisateur de voiture de tourisme. Mais \u00e0 part \u00e7a, les motards font tr\u00e8s attention et sont des mod\u00e8les de respect des r\u00e8gles et des limitations de vitesse&#8230;<\/p>\n<p><a title=\"http:\/\/carfree.fr\/index.php\/2009\/01\/19\/les-motards-sont-des-cons-ca-se-confirme\/\" href=\"http:\/\/carfree.fr\/index.php\/2009\/01\/19\/les-motards-sont-des-cons-ca-se-confirme\/\">Quand je vous dis que les motards sont des cons&#8230;<\/a><\/p>\n","protected":false},"excerpt":{"rendered":"<p>Je sais d\u00e9j\u00e0 ce que l&rsquo;on va me dire: cela ne se fait pas de stigmatiser une cat\u00e9gorie de la population, cela ne fait pas avancer le schmilblick et risque au contraire de braquer les motards au lieu de les faire \u00e9voluer. Et bien, braquons-les ces motards car ils sont \u00e0 mon avis incapables de la moindre \u00e9volution. Les motards sont des cons car le principe m\u00eame de la moto consiste \u00e0 surpasser les r\u00e8gles [&#8230;] <a class=\"more-link\" href=\"https:\/\/carfree.fr\/index.php\/2009\/01\/16\/les-motards-sont-des-cons\/\">Lire la suite&#8230;<\/a><\/p>\n","protected":false},"author":3,"featured_media":45371,"comment_status":"closed","ping_status":"closed","sticky":false,"template":"","format":"standard","meta":[],"categories":[127],"tags":[185,130,103,57,56,11,245,16,1318,521,234,347,45,101,33,178,220,1664,34,144],"views":73999,"_links":{"self":[{"href":"https:\/\/carfree.fr\/index.php\/wp-json\/wp\/v2\/posts\/1097"}],"collection":[{"href":"https:\/\/carfree.fr\/index.php\/wp-json\/wp\/v2\/posts"}],"about":[{"href":"https:\/\/carfree.fr\/index.php\/wp-json\/wp\/v2\/types\/post"}],"author":[{"embeddable":true,"href":"https:\/\/carfree.fr\/index.php\/wp-json\/wp\/v2\/users\/3"}],"replies":[{"embeddable":true,"href":"https:\/\/carfree.fr\/index.php\/wp-json\/wp\/v2\/comments?post=1097"}],"version-history":[{"count":0,"href":"https:\/\/carfree.fr\/index.php\/wp-json\/wp\/v2\/posts\/1097\/revisions"}],"wp:featuredmedia":[{"embeddable":true,"href":"https:\/\/carfree.fr\/index.php\/wp-json\/wp\/v2\/media\/45371"}],"wp:attachment":[{"href":"https:\/\/carfree.fr\/index.php\/wp-json\/wp\/v2\/media?parent=1097"}],"wp:term":[{"taxonomy":"category","embeddable":true,"href":"https:\/\/carfree.fr\/index.php\/wp-json\/wp\/v2\/categories?post=1097"},{"taxonomy":"post_tag","embeddable":true,"href":"https:\/\/carfree.fr\/index.php\/wp-json\/wp\/v2\/tags?post=1097"}],"curies":[{"name":"wp","href":"https:\/\/api.w.org\/{rel}","templated":true}]}}