{"id":10993,"date":"2010-11-17T09:44:43","date_gmt":"2010-11-17T08:44:43","guid":{"rendered":"http:\/\/carfree.fr\/?p=10993"},"modified":"2022-05-11T12:05:54","modified_gmt":"2022-05-11T11:05:54","slug":"arcadia-ou-la-parodie-de-ruralite","status":"publish","type":"post","link":"https:\/\/carfree.fr\/index.php\/2010\/11\/17\/arcadia-ou-la-parodie-de-ruralite\/","title":{"rendered":"Arcadia ou la parodie de ruralit\u00e9"},"content":{"rendered":"<p><img decoding=\"async\" loading=\"lazy\" title=\"arcadia\" src=\"http:\/\/carfree.fr\/images\/arcadia.jpg\" alt=\"arcadia\" width=\"420\" height=\"200\" \/><\/p>\n<p>L\u2019exposition \u00ab\u00a0Arcadia redesigned 2004-2005\u00a0\u00bb  de Herman van den Boom est \u00e0 voir au mus\u00e9e de la Photographie de  Charleroi (Belgique) jusqu\u2019au 16 janvier 2011. <!--more--><\/p>\n<p>L\u2019art interroge notre soci\u00e9t\u00e9. Les photographies  d\u2019Herman van den Boom actuellement pr\u00e9sent\u00e9es au mus\u00e9e de la photo \u00e0  Charleroi en attestent clairement. Elles s\u2019int\u00e9ressent \u00e0 une facette  particuli\u00e8re mais hautement significative de l\u2019\u00e9parpillement de  l\u2019habitat\u00a0: les jardins de maisons \u00ab\u00a04 fa\u00e7ades\u00a0\u00bb. Produits d\u2019une  v\u00e9ritable industrie du lotissement, ces maisons sont devenues bien  banales dans nos campagnes. Mais peut-on encore vraiment parler  de campagne\u00a0?<\/p>\n<p>C\u2019est l\u00e0 un des paradoxes de ce que donne concr\u00e8tement  l\u2019\u00e9parpillement de l\u2019habitat. Les gens, fantasmant une id\u00e9e de campagne,  abandonnent la ville, ses magasins, son animation, son patrimoine, ses  parcs, pour s\u2019installer dans un environnement qui n\u2019est, somme toute,  que grotesquement rural.<\/p>\n<p>Si parfois des champs r\u00e9sistent \u00e0 l\u2019urbanisation, \u00e0  l\u2019int\u00e9rieur d\u2019un lotissement, la campagne est parodi\u00e9e quand elle n\u2019est  pas simplement an\u00e9antie. Une campagne lotie n\u2019est qu\u2019une parodie de  ruralit\u00e9. Le sol est asphalt\u00e9, des cl\u00f4tures sinon des m\u00fbrs sont dress\u00e9s,  et ce qui demeure de v\u00e9g\u00e9tal est artificialis\u00e9 \u00e0 l\u2019extr\u00eame.<\/p>\n<p>C\u2019est pr\u00e9cis\u00e9ment ce que mettent en avant les  photographies d\u2019Herman van den Boom. Dans ces jardins de maisons \u00ab\u00a04  fa\u00e7ades\u00a0\u00bb, l\u2019intervention humaine est omnipr\u00e9sente. S\u2019en d\u00e9gage une  grande froideur, une aust\u00e9rit\u00e9 quasi-min\u00e9rale. La nature et la vie y  sont aussi pr\u00e9sentes que sur un parking ou une autoroute.<\/p>\n<p>Ces r\u00e9alisations individuelles incongrues, mises bout \u00e0  bout, se muent en un paysage surr\u00e9aliste. Victime de ce processus, ce  qui reste dans nos campagnes d\u2019espaces naturels et ruraux tend \u00e0 dispara\u00eetre.  Chaque photographie expos\u00e9e est un v\u00e9ritable choc, choc est d\u2019autant  plus fort que c\u2019est sur l\u2019ensemble du territoire que ces clich\u00e9s  auraient pu \u00eatre pris.<\/p>\n<p>Ces paysages refl\u00e8tent un imaginaire st\u00e9rile inconscient des beaut\u00e9s naturelles, montrant comment des propri\u00e9taires transforment leur environnement naturel. \u00ab\u00a0<em>En regardant ces fa\u00e7ades de maisons et ces jardins, il m\u2019est apparu que ce que je photographiais pouvait \u00eatre ressenti et v\u00e9cu comme une moderne Arcadia (r\u00e9gion de la Gr\u00e8ce Antique c\u00e9l\u00e8bre dans la mythologie pour sa vie harmonieuse, symbole d\u2019un \u00e2ge d\u2019or idyllique\u2026)<\/em>\u00ab\u00a0.<\/p>\n<p>Le paysage contemporain est ainsi non seulement profond\u00e9ment et gravement transform\u00e9 par l\u2019industrialisation et la mondialisation mais aussi, \u00e0 une autre \u00e9chelle, de fa\u00e7on significative, au quotidien et dans notre environnement familier par les jardins d\u2019agr\u00e9ment qui cr\u00e9ent leur propre fiction d\u2019Arcadie.<\/p>\n<p>Ainsi, des espaces am\u00e9nag\u00e9s et propres qui aspirent \u00e0 la s\u00e9curit\u00e9 et au confort, produisent le sentiment oppos\u00e9, celui d\u2019une agression violente envers la nature.<\/p>\n<p>Voir quelques photos de Herman van den Boom sur le site <a title=\"http:\/\/www.museephoto.be\/\" href=\"http:\/\/www.museephoto.be\/\" target=\"_blank\">www.museephoto.be<\/a><\/p>\n<p>Source: <a title=\"http:\/\/www.iewonline.be\/\" href=\"http:\/\/www.iewonline.be\/\" target=\"_blank\">http:\/\/www.iewonline.be\/<\/a><\/p>\n","protected":false},"excerpt":{"rendered":"<p>L\u2019exposition \u00ab\u00a0Arcadia redesigned 2004-2005\u00a0\u00bb de Herman van den Boom est \u00e0 voir au mus\u00e9e de la Photographie de Charleroi (Belgique) jusqu\u2019au 16 janvier 2011.<\/p>\n","protected":false},"author":173,"featured_media":10994,"comment_status":"open","ping_status":"open","sticky":false,"template":"","format":"standard","meta":[],"categories":[165],"tags":[171,103,544,308,65,1670,294,163,318,81,121,642,365,278,839,43,347,704,151,19],"views":6369,"_links":{"self":[{"href":"https:\/\/carfree.fr\/index.php\/wp-json\/wp\/v2\/posts\/10993"}],"collection":[{"href":"https:\/\/carfree.fr\/index.php\/wp-json\/wp\/v2\/posts"}],"about":[{"href":"https:\/\/carfree.fr\/index.php\/wp-json\/wp\/v2\/types\/post"}],"author":[{"embeddable":true,"href":"https:\/\/carfree.fr\/index.php\/wp-json\/wp\/v2\/users\/173"}],"replies":[{"embeddable":true,"href":"https:\/\/carfree.fr\/index.php\/wp-json\/wp\/v2\/comments?post=10993"}],"version-history":[{"count":0,"href":"https:\/\/carfree.fr\/index.php\/wp-json\/wp\/v2\/posts\/10993\/revisions"}],"wp:featuredmedia":[{"embeddable":true,"href":"https:\/\/carfree.fr\/index.php\/wp-json\/"}],"wp:attachment":[{"href":"https:\/\/carfree.fr\/index.php\/wp-json\/wp\/v2\/media?parent=10993"}],"wp:term":[{"taxonomy":"category","embeddable":true,"href":"https:\/\/carfree.fr\/index.php\/wp-json\/wp\/v2\/categories?post=10993"},{"taxonomy":"post_tag","embeddable":true,"href":"https:\/\/carfree.fr\/index.php\/wp-json\/wp\/v2\/tags?post=10993"}],"curies":[{"name":"wp","href":"https:\/\/api.w.org\/{rel}","templated":true}]}}