{"id":10999,"date":"2010-11-27T15:09:03","date_gmt":"2010-11-27T14:09:03","guid":{"rendered":"http:\/\/carfree.fr\/?p=10999"},"modified":"2016-09-16T09:52:20","modified_gmt":"2016-09-16T08:52:20","slug":"mulhouse-le-premier-tram-train-de-france-entre-en-service","status":"publish","type":"post","link":"https:\/\/carfree.fr\/index.php\/2010\/11\/27\/mulhouse-le-premier-tram-train-de-france-entre-en-service\/","title":{"rendered":"Mulhouse: le premier tram-train de France entre en service"},"content":{"rendered":"<p>Le 12 d\u00e9cembre 2010, le premier tram-train interconnect\u00e9 de France sera mis en circulation dans l\u2019agglom\u00e9ration mulhousienne. Le tram-train est un v\u00e9hicule sp\u00e9cialement con\u00e7u pour circuler \u00e0 la fois sur les voies de tramway et sur les voies ferr\u00e9es. Il permettra de relier la gare de Mulhouse \u00e0 Thann Saint-Jacques, sans changement, et poursuivra, \u00e0 terme, jusqu\u2019\u00e0 Kruth. <!--more--><\/p>\n<p>Les Mulhousiens b\u00e9n\u00e9ficieront d\u00e8s lors d\u2019une troisi\u00e8me ligne de tramway, en compl\u00e9ment des deux existantes et d\u2019une ligne de tram-train. Cette ligne relie la gare de Mulhouse et la commune de Lutterbach. Outre les arr\u00eats existants de la gare de Mulhouse \u00e0 la station Daguerre, cette ligne desservira quatre nouvelles stations : Zu Rhein, Dornach gare, Mus\u00e9es et Lutterbach. De quoi \u00e9tendre la desserte \u00e0 une nouvelle commune de Mulhouse Alsace Agglom\u00e9ration et transporter les visiteurs jusqu\u2019au pied de la Cit\u00e9 du train et du mus\u00e9e EDF-Electropolis.<\/p>\n<p>Le tram train permettra aussi aux habitants de l\u2019agglom\u00e9ration, ainsi qu\u2019aux personnes qui travaillent, \u00e9tudient, viennent acheter, fl\u00e2ner, visiter Mulhouse (et vice versa), de privil\u00e9gier les transports en commun et de ne pas engorger les r\u00e9seaux routiers (les \u00e9changes entre l&rsquo;agglom\u00e9ration mulhousienne et sa r\u00e9gion repr\u00e9sentent une voiture sur quatre qui circule en ville).<br \/>\n<strong><br \/>\nUn moyen de transport confortable<\/strong><\/p>\n<p>Le tram-train est un v\u00e9hicule \u00e9lectrique performant, rapide et stable pouvant atteindre 100 km\/h. Climatis\u00e9 et silencieux, il assure un voyage confortable. 231 passagers peuvent \u00eatre accueillis, dont 85 en place assise. Son design moderne a \u00e9t\u00e9 con\u00e7u par l\u2019artiste catalan Peret, \u00e9galement cr\u00e9ateur de la robe du tramway. La d\u00e9coration ext\u00e9rieure combine les caract\u00e9ristiques de la robe du tramway et celle du TER Alsace. Les rames sont \u00e9quip\u00e9es d\u2019un syst\u00e8me d\u2019information lumineux et sonore, annon\u00e7ant les prochains arr\u00eats. Cet \u00e9quipement qui permet aux malvoyants de circuler en toute s\u00e9curit\u00e9. Par ailleurs, les planchers bas et les marchepieds r\u00e9tractables sont facilement accessibles aux personnes \u00e0 mobilit\u00e9 r\u00e9duite.<\/p>\n<p>Source: <a title=\"http:\/\/www.mulhouse-alsace.fr\/\" href=\"http:\/\/www.mulhouse-alsace.fr\/\" target=\"_blank\">http:\/\/www.mulhouse-alsace.fr\/<\/a><\/p>\n<p>Photo: Le Tram Train et le tramway de Mulhouse sur les m\u00eames voies (<a title=\"http:\/\/lefuretmulhousien.fr\/\" href=\"http:\/\/lefuretmulhousien.fr\/\" target=\"_blank\">http:\/\/lefuretmulhousien.fr\/<\/a>)<\/p>\n","protected":false},"excerpt":{"rendered":"<p>Le 12 d\u00e9cembre 2010, le premier tram-train interconnect\u00e9 de France sera mis en circulation dans l\u2019agglom\u00e9ration mulhousienne. Le tram-train est un v\u00e9hicule sp\u00e9cialement con\u00e7u pour circuler \u00e0 la fois sur <a class=\"more-link\" href=\"https:\/\/carfree.fr\/index.php\/2010\/11\/27\/mulhouse-le-premier-tram-train-de-france-entre-en-service\/\">Lire la suite&#8230;<\/a><\/p>\n","protected":false},"author":71,"featured_media":37543,"comment_status":"open","ping_status":"open","sticky":false,"template":"","format":"standard","meta":[],"categories":[4,8],"tags":[697,110,57,134,642,556,151,246,408,567,248,131,164,34],"views":7963,"_links":{"self":[{"href":"https:\/\/carfree.fr\/index.php\/wp-json\/wp\/v2\/posts\/10999"}],"collection":[{"href":"https:\/\/carfree.fr\/index.php\/wp-json\/wp\/v2\/posts"}],"about":[{"href":"https:\/\/carfree.fr\/index.php\/wp-json\/wp\/v2\/types\/post"}],"author":[{"embeddable":true,"href":"https:\/\/carfree.fr\/index.php\/wp-json\/wp\/v2\/users\/71"}],"replies":[{"embeddable":true,"href":"https:\/\/carfree.fr\/index.php\/wp-json\/wp\/v2\/comments?post=10999"}],"version-history":[{"count":0,"href":"https:\/\/carfree.fr\/index.php\/wp-json\/wp\/v2\/posts\/10999\/revisions"}],"wp:featuredmedia":[{"embeddable":true,"href":"https:\/\/carfree.fr\/index.php\/wp-json\/wp\/v2\/media\/37543"}],"wp:attachment":[{"href":"https:\/\/carfree.fr\/index.php\/wp-json\/wp\/v2\/media?parent=10999"}],"wp:term":[{"taxonomy":"category","embeddable":true,"href":"https:\/\/carfree.fr\/index.php\/wp-json\/wp\/v2\/categories?post=10999"},{"taxonomy":"post_tag","embeddable":true,"href":"https:\/\/carfree.fr\/index.php\/wp-json\/wp\/v2\/tags?post=10999"}],"curies":[{"name":"wp","href":"https:\/\/api.w.org\/{rel}","templated":true}]}}