{"id":1101,"date":"2009-01-03T15:17:40","date_gmt":"2009-01-03T14:17:40","guid":{"rendered":"http:\/\/carfree.fr\/index.php\/2009\/01\/03\/incendies-de-voitures-larchaisme-juridique-de-nicolas-sarkozy\/"},"modified":"2018-11-08T15:35:44","modified_gmt":"2018-11-08T14:35:44","slug":"incendies-de-voitures-larchaisme-juridique-de-nicolas-sarkozy","status":"publish","type":"post","link":"https:\/\/carfree.fr\/index.php\/2009\/01\/03\/incendies-de-voitures-larchaisme-juridique-de-nicolas-sarkozy\/","title":{"rendered":"Incendies de voitures : l&rsquo;archa\u00efsme juridique de Nicolas Sarkozy"},"content":{"rendered":"<p>Nouvelle ann\u00e9e et nouveau record de voitures br\u00fbl\u00e9es, 1147 voitures incendi\u00e9es recens\u00e9es par les forces de l&rsquo;ordre&#8230; Mais une nouveaut\u00e9 cette ann\u00e9e, il semblerait que beaucoup de voitures aient \u00e9t\u00e9 br\u00fbl\u00e9es par leur propri\u00e9taire afin de toucher l&rsquo;indemnisation de 4.000 euros mise en place par Sarkozy&#8230; ce qui n&#8217;emp\u00eache par le m\u00eame Sarkozy d&rsquo;hurler aux <a title=\"http:\/\/carfree.fr\/index.php\/2005\/11\/11\/violences-urbaines\/\" href=\"http:\/\/carfree.fr\/index.php\/2005\/11\/11\/violences-urbaines\/\">violences urbaines<\/a> qui se d\u00e9veloppent, de stigmatiser ces sauvageons qui br\u00fblent le symbole de la soci\u00e9t\u00e9 de consommation auquel tout travailleur qui travaille plus pour gagner plus aspire \u00e0 acheter, m\u00eame si dans les faits, il y a de moins en moins de travailleurs et de plus en plus de ch\u00f4meurs, et que les m\u00eames gagnent tout compte fait de moins en moins, et n&rsquo;ach\u00e8tent presque plus de voitures&#8230; <!--more--><\/p>\n<p>Et en pareille occasion, Sarkozy fait ce qu&rsquo;il sait faire, gesticuler. Les story tellers (raconteurs d&rsquo;histoire) qui jouent le r\u00f4le de spin doctors (conseillers) aupr\u00e8s des politiques le savent tr\u00e8s bien: il faut raconter une histoire par jour aux gens: un jour c&rsquo;est les r\u00e9cidivistes et la mesure qui va avec pour les emp\u00eacher de r\u00e9cidiver, un autre jour c&rsquo;est la crise financi\u00e8re et comment je vais l&rsquo;\u00e9crabouiller avec mes petits bras&#8230; Le premier de l&rsquo;an, c&rsquo;est l&rsquo;histoire des m\u00e9chants d\u00e9linquants mineurs qui br\u00fblent les voitures et la mesure compl\u00e8tement d\u00e9bile sens\u00e9e r\u00e9gler le probl\u00e8me. Ou plus exactement, il ne s&rsquo;agit pas de r\u00e9gler le probl\u00e8me, car Sarkozy n&rsquo;en est pas capable. Il s&rsquo;agit de gesticuler en disant n&rsquo;importe quoi si n\u00e9cessaire pour donner l&rsquo;impression qu&rsquo;on s&rsquo;occupe du probl\u00e8me.<\/p>\n<p>En l&rsquo;occurrence, ce qui est propos\u00e9, c&rsquo;est d&rsquo;interdire aux mineurs coupables d&rsquo;incendies de voitures de passer le permis de conduire tant que le propri\u00e9taire ou le fond d&rsquo;indemnisation n&rsquo;a pas \u00e9t\u00e9 int\u00e9gralement rembours\u00e9. Or sur les 1147 autodaf\u00e9s de la Saint-Sylvestre officiellement recens\u00e9s, combien d&rsquo;auteurs ont-ils \u00e9t\u00e9 arr\u00eat\u00e9s\u00a0? Sur les 288 interpellations officielles de la nuit, combien concernent des auteurs d&rsquo;incendie\u00a0? Et sur ces auteurs arr\u00eat\u00e9s, combien de mineurs\u00a0? Silence radio. Et pour cause. Je ne sais pas s&rsquo;il y en a un seul.<\/p>\n<p><img decoding=\"async\" loading=\"lazy\" src=\"http:\/\/carfree.fr\/img\/2005\/11\/violences_urbaines.jpg\" width=\"196\" height=\"261\" class=\"alignnone\" \/><\/p>\n<p>Pour le reste, c&rsquo;est <a title=\"http:\/\/maitre-eolas.fr\/2009\/01\/02\/1262-brouir-ou-conduire-il-faut-choisir\" href=\"http:\/\/maitre-eolas.fr\/2009\/01\/02\/1262-brouir-ou-conduire-il-faut-choisir\" target=\"_blank\">Ma\u00eetre Eolas<\/a> qui prend le relais pour d\u00e9noncer\u00a0 l&rsquo;archa\u00efsme juridique de Nicolas Sarkozy. Extraits.<\/p>\n<p>Pourquoi interdire de passer le permis de conduire\u00a0?<\/p>\n<blockquote><p>L\u00e0, on est en pr\u00e9sence de r\u00e9flexes issus du droit archa\u00efque. \u201c Il a f\u00e2ch\u00e9 le dieu des automobilistes, il doit faire un sacrifice pour apaiser sa col\u00e8re \u201d.<br \/>\nCar si l&rsquo;interdiction de passer le permis de conduire existe dans l&rsquo;arsenal p\u00e9nal, c&rsquo;est pour des infractions commises lors de la conduite d&rsquo;un v\u00e9hicule. Si l&rsquo;article 131-6, 3\u00b0 du code p\u00e9nal pr\u00e9voit la facult\u00e9 pour le juge de prononcer \u00e0 titre de peine principale l&rsquo;annulation du permis avec interdiction de le repasser pendant une p\u00e9riode pouvant aller jusqu&rsquo;\u00e0 5 ans, ce pour tout d\u00e9lit passible d&#8217;emprisonnement, un juge n&rsquo;aura recours \u00e0 une telle peine que pour des infractions au cours desquelles l&rsquo;usage d&rsquo;une automobile a \u00e9t\u00e9 un facteur essentiel, de sorte que cette interdiction emp\u00eache le renouvellement de l&rsquo;infraction. Mais en quoi une interdiction de passer le permis pr\u00e9vient-elle le renouvellement d&rsquo;une infraction de destruction volontaire par incendie\u00a0?<\/p>\n<p>Il faut tout de m\u00eame rappeler que le permis de conduire n&rsquo;est pas une faveur faite par l&rsquo;\u00c9tat \u00e0 des citoyens m\u00e9ritants. C&rsquo;est une mesure de police, une restriction \u00e0 la libert\u00e9 d&rsquo;aller et venir de chaque citoyen justifi\u00e9e par des raisons de s\u00e9curit\u00e9 publique, que je ne conteste pas en soi\u00a0: conduire un v\u00e9hicule suppose des comp\u00e9tences, des r\u00e9flexes qui s&rsquo;acqui\u00e8rent et des connaissances juridiques minimales, et le permis de conduire sanctionne, apr\u00e8s un examen, la connaissance de ces \u00e9l\u00e9ments. Refuser la simple possibilit\u00e9 de solliciter cette autorisation pour soutenir des int\u00e9r\u00eats priv\u00e9s (un particulier n&rsquo;est qu&rsquo;un particulier, et le Fonds de Garantie n&rsquo;est pas l&rsquo;\u00c9tat, c&rsquo;est une structure de droit priv\u00e9 financ\u00e9e par les assurances), \u00e0 savoir le paiement de dettes, ne repose sur aucune l\u00e9gitimit\u00e9 et rel\u00e8ve de l&rsquo;abus de pouvoir par l&rsquo;\u00c9tat.<\/p><\/blockquote>\n","protected":false},"excerpt":{"rendered":"<p>Nouvelle ann\u00e9e et nouveau record de voitures br\u00fbl\u00e9es, 1147 voitures incendi\u00e9es recens\u00e9es par les forces de l&rsquo;ordre&#8230; Mais une nouveaut\u00e9 cette ann\u00e9e, il semblerait que beaucoup de voitures aient \u00e9t\u00e9 <a class=\"more-link\" href=\"https:\/\/carfree.fr\/index.php\/2009\/01\/03\/incendies-de-voitures-larchaisme-juridique-de-nicolas-sarkozy\/\">Lire la suite&#8230;<\/a><\/p>\n","protected":false},"author":18,"featured_media":41358,"comment_status":"open","ping_status":"open","sticky":false,"template":"","format":"standard","meta":[],"categories":[73],"tags":[181,266,53,265,287,412,19],"views":4519,"_links":{"self":[{"href":"https:\/\/carfree.fr\/index.php\/wp-json\/wp\/v2\/posts\/1101"}],"collection":[{"href":"https:\/\/carfree.fr\/index.php\/wp-json\/wp\/v2\/posts"}],"about":[{"href":"https:\/\/carfree.fr\/index.php\/wp-json\/wp\/v2\/types\/post"}],"author":[{"embeddable":true,"href":"https:\/\/carfree.fr\/index.php\/wp-json\/wp\/v2\/users\/18"}],"replies":[{"embeddable":true,"href":"https:\/\/carfree.fr\/index.php\/wp-json\/wp\/v2\/comments?post=1101"}],"version-history":[{"count":0,"href":"https:\/\/carfree.fr\/index.php\/wp-json\/wp\/v2\/posts\/1101\/revisions"}],"wp:featuredmedia":[{"embeddable":true,"href":"https:\/\/carfree.fr\/index.php\/wp-json\/wp\/v2\/media\/41358"}],"wp:attachment":[{"href":"https:\/\/carfree.fr\/index.php\/wp-json\/wp\/v2\/media?parent=1101"}],"wp:term":[{"taxonomy":"category","embeddable":true,"href":"https:\/\/carfree.fr\/index.php\/wp-json\/wp\/v2\/categories?post=1101"},{"taxonomy":"post_tag","embeddable":true,"href":"https:\/\/carfree.fr\/index.php\/wp-json\/wp\/v2\/tags?post=1101"}],"curies":[{"name":"wp","href":"https:\/\/api.w.org\/{rel}","templated":true}]}}