{"id":1104,"date":"2009-01-05T12:56:22","date_gmt":"2009-01-05T11:56:22","guid":{"rendered":"http:\/\/carfree.fr\/index.php\/2009\/01\/05\/le-rallye-dakar-doit-etre-la-course-la-plus-conne-du-monde\/"},"modified":"2019-04-11T16:06:08","modified_gmt":"2019-04-11T15:06:08","slug":"le-rallye-dakar-doit-etre-la-course-la-plus-conne-du-monde","status":"publish","type":"post","link":"https:\/\/carfree.fr\/index.php\/2009\/01\/05\/le-rallye-dakar-doit-etre-la-course-la-plus-conne-du-monde\/","title":{"rendered":"Le rallye Dakar doit \u00eatre la course la plus conne du monde"},"content":{"rendered":"<p>Le grand patron du Rallye Dakar, Toto Labigna, dit Sanfou Dlamord\u00e9zot  nous livre ses sentiments sur l\u2019\u00e9dition 2009 du Dakar qui se dispute du 3 au 18 janvier. Sur les vastes territoires argentin et chilien, c\u2019est une large boucle de 9 000 km, avec environ 6 000 kilom\u00e8tres de sp\u00e9ciales, que les concurrents auront \u00e0 d\u00e9vaster pour rejoindre, Buenos Aires, lieu de d\u00e9part et d\u2019arriv\u00e9e de la course. <!--more--><\/p>\n<p><strong>L&rsquo;interview du rallye Dakar qu&rsquo;on vous a cach\u00e9 <\/strong><br \/>\n<em>\u00c9crit par Claire Aymes<\/em><\/p>\n<p><strong>Pouvez-vous tirer un bilan des inscriptions du Dakar 2009 ?<\/strong><\/p>\n<p>\u00ab Le bilan est excellent. C\u2019est un vrai succ\u00e8s \u00bb C\u2019est la version officielle !<br \/>\nMais je vous ferai quelques confidences : on a eu chaud !<br \/>\nMa t\u00eate a failli tomber, mon pote !<br \/>\nNous avons p\u00e9niblement rassembl\u00e9 500 dossiers de candidature. L\u2019engouement pour l\u2019\u00e9dition 2009 a p\u00e2ti des fiascos des Dakar S\u00e9ries, plus foireux les uns que les autres&#8230;<br \/>\nIl a fallu acheter des gens, faire des rabais, promettre des primes sur les sp\u00e9ciales.<br \/>\nCela prouve tout simplement que le Dakar est unique, c\u2019est plus que jamais une tr\u00e8s grande aventure humaine Coco, la derni\u00e8re grande aventure humaine, inimitable de b\u00eatise.<br \/>\nLe Dakar continuera \u00e0 faire r\u00eaver, nous y travaillons jours et nuits.<br \/>\nJe voudrais sinc\u00e8rement remercier l\u2019ensemble des concurrents inscrits sur le Dakar 2009, dans un contexte difficile, ils nous ont t\u00e9moign\u00e9 de beaucoup de confiance. Encore merci!<br \/>\nIl faut quand m\u00eame se rappeler qu\u2019on a \u00e9t\u00e9 rinc\u00e9 de 40 millions d\u2019euro. On revient de loin.\u00bb<br \/>\n<strong><br \/>\nJustement, pouvez-vous nous parler un peu plus du Dakar 2009 ?<\/strong><\/p>\n<p>\u00ab Ce sera une tr\u00e8s grande \u00e9dition de larmes et de sang !<br \/>\nCroyez moi, nous avons rarement \u00e9t\u00e9 aussi interpell\u00e9 par ce que nous avons vu lors des reconnaissances, quelle d\u00e9couverte !<br \/>\nDes paysages \u00e0 couper le souffle, une diversit\u00e9 incroyable !<br \/>\nNous allons pouvoir d\u00e9vaster et ruiner le d\u00e9sert fleuri de l\u2019Acatama !<br \/>\nLes autorit\u00e9s, sous la pression des associations, se sont crus malins de nous refuser l\u2019assurance d\u2019un rallye 2010. On va se g\u00eaner !<br \/>\nDe nombreuses fois, nous nous sommes tout simplement arr\u00eat\u00e9s pour admirer ce qu\u2019il y avait autour de nous et qui ne sera plus jamais pareil apr\u00e8s notre passage attilesque.<br \/>\nC\u2019est indescriptible, c\u2019est la nature \u00e0 l\u2019\u00e9tat pur, tout ce que nous n\u2019avons plus en Europe. Pourquoi laisser cette puret\u00e9 \u00e0 d\u2019autres ? \u00bb<\/p>\n<p><strong>Concr\u00e8tement, le parcours ressemblera \u00e0 quoi ?<\/strong><\/p>\n<p>\u00ab C\u2019est un trac\u00e9 ambitieux, je vous rappelle que nous ferons 6000 km de sp\u00e9ciales ! Le parcours sera tr\u00e8s vari\u00e9, il y aura du rapide, du tr\u00e8s rapide, (on se fiche bien ici de la pr\u00e9vention routi\u00e8re), du pilotage, du sable, des dunes, d\u2019une journ\u00e9e \u00e0 l\u2019autre il faudra savoir s\u2019adapter \u00e0 des conditions de course diff\u00e9rentes.<br \/>\nIl ne faut pas oublier que nous avons des prototypes \u00e0 tester dans les conditions les plus r\u00e9alistes possible.<br \/>\nCes pauvres p\u00e9ones n\u2019imaginent m\u00eame pas la manne qui leur passe sous le nez.Le trac\u00e9 sera exigeant, \u00e9prouvant pour les gueux qui se trouveront sur notre passage\u2026<br \/>\nIl faudra \u00eatre un gamin  extr\u00eamement bien pr\u00e9par\u00e9 physiquement pour \u00e9chapper \u00e0 notre sinistre caravane. \u00bb<\/p>\n<p><strong>Les concurrents doivent donc s\u2019attendre \u00e0 un trac\u00e9 difficile ?<\/strong><\/p>\n<p>\u00ab Ben oui. Nous organisons le Dakar escadron de la Mort, pas une ballade de midinette, le Dakar doit \u00eatre la course la plus conne du monde. \u00bb<\/p>\n<p><strong>D\u2019un point de vue pratique, y aura t-il des bivouacs ?<\/strong><\/p>\n<p>\u00ab Bien sur ! Et tous les jours ! A nous la jeunesse innocente, \u00e0 eux les d\u00e9tritus, nous allons porter la civilisation chez les sauvages !<br \/>\nL\u00e0 aussi, les concurrents vont \u00eatre tr\u00e8s surpris, nous avons s\u00e9lectionn\u00e9s des emplacements extraordinaires, par exemple au bord des oc\u00e9ans Atlantique et Pacifique, strings garantis !<\/p>\n<p>Ou encore au milieu de la Pampa, nous proposerons des bivouacs somptueux de beaut\u00e9 pour une sauvage d\u00e9cadence !<br \/>\nDans des endroits o\u00f9 nous pourrons profiter pleinement de la nature qui nous entoure! L\u2019esprit \u201cBivouac\u201d avec la restauration, les briefings, les concurrents tous ensembles pour partager leurs \u00e9motions\u2026<br \/>\nC\u2019est essentiel, c\u2019est l\u2019esprit m\u00eame de notre Rallye Dakar ind\u00e9cent  \u00bb<br \/>\n<strong><br \/>\nLes concurrents ne seront donc pas log\u00e9s \u00e0 l\u2019h\u00f4tel ?<\/strong><\/p>\n<p>\u00ab Non ! Comme c\u2019\u00e9tait d\u00e9j\u00e0 le cas en Afrique, c\u2019est un choix personnel, pour ceux qui veulent dormir \u00e0 l\u2019h\u00f4tel, ils pourront faire quelques kilom\u00e8tres et trouver leur bonheur en faisant don, qui de germes pathog\u00e8nes, qui de petits b\u00e2tards, le rallye Dakar reste porteur d\u2019Humanitaire canular \u2026 \u00bb<br \/>\n<strong><br \/>\nLe Dakar est-il populaire en Am\u00e9rique du Sud ?<\/strong><\/p>\n<p>\u00ab Pour nos amis argentins et chiliens, accueillir le Dakar, c\u2019est comme organiser une coupe du Monde de football, Bordel de campagne compris !.<br \/>\nQuand les concurrents seront accueillis par 500 000 spectateurs \u00e0 Cordoba, les mots \u201cchaleur humaine\u201d prendront tout leurs sens pour les jeunes autochtones!<br \/>\nL\u2019engouement que g\u00e9n\u00e8re le Dakar en Argentine et au Chili est immense puisqu\u2019ils ignorent de quoi nous sommes capables et les participants seront accueillis comme des h\u00e9ros.<br \/>\nOn le leur a promis \u00bb<\/p>\n<p><strong>Des changements r\u00e9glementaires ?<\/strong><\/p>\n<p>\u00ab Les r\u00e8glements techniques auto, moto et camion seront identiques \u00e0 ceux du Dakar 2008. \u00bb<\/p>\n<p><strong>Un point sur les m\u00e9dias ?<\/strong><\/p>\n<p>\u00ab Le Dakar sera diffus\u00e9 dans plus de 180 pays ! C\u2019est 70 chaines de t\u00e9l\u00e9vision qui vont diffuser \u00e9v\u00e9nement !<br \/>\nLes amateurs seront mis en avant, nous voulons aussi profiter de ce nouveau Dakar pour rappeler quelques valeurs essentielles :<br \/>\nc\u2019est avant tout une course faite pour les amateurs, leur mort co\u00fbte moins cher  pour les assurances,<br \/>\navec la pr\u00e9sence de quelques \u00e9quipes professionnelles qui veulent tester gratuitement leur mat\u00e9riel en situation r\u00e9elle, sans rien payer.<\/p>\n<p>C\u2019est l\u00e0 toute la magie du Dakar, arriver \u00e0 enfumer les gouvernements \u00e9trangers sur des actions que personne ne pourrait se permettre chez nous Europ\u00e9ens.<br \/>\nLa cat\u00e9gorie T2 (v\u00e9hicule proche de la s\u00e9rie) sera aussi tr\u00e8s soutenue, un exemple tr\u00e8s simple : nous allons identifier les v\u00e9hicules T2 avec des fonds de plaques num\u00e9ros de couleurs tr\u00e8s vives, ainsi les m\u00e9dias et les t\u00e9l\u00e9spectateurs pourront identifier en un instant la cat\u00e9gorie du v\u00e9hicule. \u00bb<br \/>\nNous avons un pourcentage sur les ventes, il n\u2019y a pas de petits profits.<br \/>\nL\u00e0, c\u2019est le gogo d\u2019Europe qui raque.<br \/>\n<strong><br \/>\nUn mot sur le plateau du prochain Dakar ?<\/strong><\/p>\n<p>\u00ab Toutes les cat\u00e9gories seront extr\u00eamement disput\u00e9es \u00e0 l\u2019image du Rallye d\u2019Europe Centrale, un retentissant fiasco qui a d\u00e9go\u00fbt\u00e9 les concurrents embourb\u00e9s !<br \/>\nPensez, ils nous ont cantonn\u00e9 sur d\u2019anciennes bases militaires. Pas un gamin \u00e0 l\u2019horizon, la zone!<br \/>\nOn devrait assister \u00e0 une course fabuleuse chez les ind\u00e9pendants ! Ils en veulent, c\u2019est bon pour le porte monnaie.<br \/>\nCes pauvres Gache, Delecour, Lavieille, Muller, Monteiro, Gordon, Henrard, Kahle, Patissier, Errandonea, Vigouroux, \u2026<br \/>\nJ\u2019en oublie \u00e9videmment, il y a tellement de blaireaux\u2026<br \/>\nEt en T2 quelle bagarre ! Les \u00e9carts seront souvent infimes, on s\u2019arrangera pour !<\/p>\n<p>C\u00f4t\u00e9 moto, l\u00e0 encore le nombre d\u2019outsiders est impressionnant, ils croient qu\u2019ils vont devenir c\u00e9l\u00e8bres !<\/p>\n<p>Et les camions, comme tous les ans, ils vont encore nous offrir une superbe course bien sanglante surtout nos tr\u00e8s prolifiques camions d\u2019assistance !<\/p>\n<p><strong>Quel est votre calendrier pour les prochains mois ?<\/strong><\/p>\n<p>\u00ab Une troisi\u00e8me phase de reconnaissance en juillet, septembre et octobre. Puis la pr\u00e9paration de la premi\u00e8re partie des v\u00e9rifications au Havre o\u00f9 nous ferons venir des v\u00e9hicules non homologu\u00e9s par les routes de France et de Navarre, au nez et \u00e0 la barbe des pr\u00e9fets et sans aucun \u00e9gard pour l\u2019automobiliste lambda, un programme bien charg\u00e9 !<br \/>\nD\u2019ailleurs je signe personnellement les laissez-passer, par les pouvoirs que je me suis conf\u00e9r\u00e9 et que personne ne pourra jamais contester vu nos relations hauts plac\u00e9es !<br \/>\nFallait pas le dire ? heu\u2026eu..eu.. d\u00e9sol\u00e9 !..\u00a0\u00bb<br \/>\nD\u2019apr\u00e8s l\u2019interview r\u00e9alis\u00e9 par Olivier Durin pour Europe1<\/p>\n<p>Claire Aymes porte parole du Cavad<br \/>\nCollectif Actions pour les Victimes Anonymes du Dakar<br \/>\nAssassiner des enfants n\u2019est pas un sport !<br \/>\nTo assassinate children is not a sport !<br \/>\n<a title=\"http:\/\/www.stop-rallyedakar.com\" href=\"http:\/\/www.stop-rallyedakar.com\" target=\"_blank\">http:\/\/www.stop-rallyedakar.com<\/a><\/p>\n","protected":false},"excerpt":{"rendered":"<p>Le grand patron du Rallye Dakar, Toto Labigna, dit Sanfou Dlamord\u00e9zot nous livre ses sentiments sur l\u2019\u00e9dition 2009 du Dakar qui se dispute du 3 au 18 janvier. Sur les <a class=\"more-link\" href=\"https:\/\/carfree.fr\/index.php\/2009\/01\/05\/le-rallye-dakar-doit-etre-la-course-la-plus-conne-du-monde\/\">Lire la suite&#8230;<\/a><\/p>\n","protected":false},"author":3,"featured_media":39659,"comment_status":"open","ping_status":"open","sticky":false,"template":"","format":"standard","meta":[],"categories":[52],"tags":[268,181,326,376,103,129,306,283,53,169,16,61,521,278,347,117,226,371,1606],"views":4887,"_links":{"self":[{"href":"https:\/\/carfree.fr\/index.php\/wp-json\/wp\/v2\/posts\/1104"}],"collection":[{"href":"https:\/\/carfree.fr\/index.php\/wp-json\/wp\/v2\/posts"}],"about":[{"href":"https:\/\/carfree.fr\/index.php\/wp-json\/wp\/v2\/types\/post"}],"author":[{"embeddable":true,"href":"https:\/\/carfree.fr\/index.php\/wp-json\/wp\/v2\/users\/3"}],"replies":[{"embeddable":true,"href":"https:\/\/carfree.fr\/index.php\/wp-json\/wp\/v2\/comments?post=1104"}],"version-history":[{"count":0,"href":"https:\/\/carfree.fr\/index.php\/wp-json\/wp\/v2\/posts\/1104\/revisions"}],"wp:featuredmedia":[{"embeddable":true,"href":"https:\/\/carfree.fr\/index.php\/wp-json\/wp\/v2\/media\/39659"}],"wp:attachment":[{"href":"https:\/\/carfree.fr\/index.php\/wp-json\/wp\/v2\/media?parent=1104"}],"wp:term":[{"taxonomy":"category","embeddable":true,"href":"https:\/\/carfree.fr\/index.php\/wp-json\/wp\/v2\/categories?post=1104"},{"taxonomy":"post_tag","embeddable":true,"href":"https:\/\/carfree.fr\/index.php\/wp-json\/wp\/v2\/tags?post=1104"}],"curies":[{"name":"wp","href":"https:\/\/api.w.org\/{rel}","templated":true}]}}