{"id":11071,"date":"2010-11-24T09:31:40","date_gmt":"2010-11-24T08:31:40","guid":{"rendered":"http:\/\/carfree.fr\/?p=11071"},"modified":"2016-05-30T10:14:07","modified_gmt":"2016-05-30T09:14:07","slug":"creons-nous-memes-les-amenagements-cyclables","status":"publish","type":"post","link":"https:\/\/carfree.fr\/index.php\/2010\/11\/24\/creons-nous-memes-les-amenagements-cyclables\/","title":{"rendered":"Cr\u00e9ons nous-m\u00eames les am\u00e9nagements cyclables"},"content":{"rendered":"<p><img decoding=\"async\" loading=\"lazy\" title=\"velo_garibaldi2\" src=\"http:\/\/carfree.fr\/images\/velo_garibaldi2.jpg\" alt=\"\" width=\"420\" height=\"200\" \/><\/p>\n<p>Le <a title=\"http:\/\/sansvoitures.free.fr\/\" href=\"http:\/\/sansvoitures.free.fr\/\" target=\"_blank\">collectif Pour une ville sans voiture<\/a> a trac\u00e9 et inaugur\u00e9 le 26 octobre 2010 un am\u00e9nagement cyclable sur \u00ab\u00a0l&rsquo;autoroute\u00a0\u00bb Garibaldi, en plein centre de Lyon. <!--more--><\/p>\n<p>Six voies par endroit, des automobilistes qui se croient sur un circuit de formule 1, des tr\u00e9mies inaccessibles aux humains non cuirass\u00e9s : la rue Garibaldi est une autoroute en plein centre ville, un symbole de l&#8217;empire de la bagnole pour laquelle on a sacrifi\u00e9 tout un quartier.<\/p>\n<p>Le r\u00e9am\u00e9nagement de la rue, promis par G\u00e9rard Collomb depuis 2001, ne verra pas le jour avant 2014. Pendant ce temps, les cyclistes n&rsquo;ont qu&rsquo;\u00e0 se d\u00e9brouiller avec des chemins de traverse ou risquer leur vie au milieu des bolides.<\/p>\n<p>Mais croyez-vous vraiment qu&rsquo;\u00e0 partir de 2014, on d\u00e9barrassera enfin ce quartier de la bagnole qui l&rsquo;asphyxie ? Pensez-vous ! Le Grand Lyon, dans un immense courage politique, pr\u00e9voit simplement de r\u00e9duire la rue Garibaldi \u00e0 trois voies automobiles et de faire passer la part de la voiture dans les d\u00e9placements de 43 % \u00e0 38% dans le quartier de la Part Dieu\u2026 Quelle ambition ! Quant \u00e0 la part modale des cyclistes et des pi\u00e9tons, elle n&rsquo;est m\u00eame pas pr\u00e9vue.<\/p>\n<p>Le Grand Lyon pr\u00e9tend qu&rsquo;il faut \u00a0\u00bb r\u00e9pondre aux besoins d&rsquo;accessibilit\u00e9 automobile pour le fonctionnement et l&rsquo;attractivit\u00e9 de la ville et en particulier d&rsquo;un quartier d&rsquo;affaires tel que la Part Dieu. \u00a0\u00bb C&rsquo;est marrant, on double le centre commercial, on construit des tours de bureaux et ensuite on d\u00e9couvre soudain les\u00a0\u00bb besoins \u00a0\u00bb d&rsquo;accessibilit\u00e9, comme s&rsquo;il s&rsquo;agissait de besoins naturels. Non, la ville, \u00e7a se cr\u00e9e, \u00e7a se d\u00e9cide, et en l&rsquo;occurrence l&rsquo;\u00e9quipe de G\u00e9rard Collomb a d\u00e9cid\u00e9 de la livrer pieds et mains li\u00e9s \u00e0 la voiture. Le pic de p\u00e9trole ? La pollution ? Le changement climatique ? Jamais entendu parler ? C&rsquo;est bizarre, on ne doit pas avoir les m\u00eames sources d&rsquo;information.<\/p>\n<p>Ne pouvant pas compter sur les pouvoirs publics, nous devons cr\u00e9er nous-m\u00eames les am\u00e9nagements dont nous avons besoin pour une ville durable et respirable. C&rsquo;est pourquoi, dans la nuit du 26 octobre 2010, nous avons peint une voie cyclable sur Garibaldi.<\/p>\n<p>Source:\u00a0 <a title=\"http:\/\/sansvoitures.free.fr\/actions\/piste_cyclable_garibaldi_lyon.htm\" href=\"http:\/\/sansvoitures.free.fr\/actions\/piste_cyclable_garibaldi_lyon.htm\" target=\"_blank\">http:\/\/sansvoitures.free.fr\/actions\/piste_cyclable_garibaldi_lyon.htm<\/a><\/p>\n<p><img decoding=\"async\" loading=\"lazy\" title=\"velo_garibaldi6\" src=\"http:\/\/carfree.fr\/images\/velo_garibaldi6.jpg\" alt=\"\" width=\"420\" height=\"314\" \/><\/p>\n","protected":false},"excerpt":{"rendered":"<p>Le collectif Pour une ville sans voiture a trac\u00e9 et inaugur\u00e9 le 26 octobre 2010 un am\u00e9nagement cyclable sur \u00ab\u00a0l&rsquo;autoroute\u00a0\u00bb Garibaldi, en plein centre de Lyon.<\/p>\n","protected":false},"author":402,"featured_media":11072,"comment_status":"open","ping_status":"open","sticky":false,"template":"","format":"standard","meta":[],"categories":[4,73,7],"tags":[301,181,146,185,605,57,646,138,197,158,45,101,287,33,90,94,34],"views":9782,"_links":{"self":[{"href":"https:\/\/carfree.fr\/index.php\/wp-json\/wp\/v2\/posts\/11071"}],"collection":[{"href":"https:\/\/carfree.fr\/index.php\/wp-json\/wp\/v2\/posts"}],"about":[{"href":"https:\/\/carfree.fr\/index.php\/wp-json\/wp\/v2\/types\/post"}],"author":[{"embeddable":true,"href":"https:\/\/carfree.fr\/index.php\/wp-json\/wp\/v2\/users\/402"}],"replies":[{"embeddable":true,"href":"https:\/\/carfree.fr\/index.php\/wp-json\/wp\/v2\/comments?post=11071"}],"version-history":[{"count":0,"href":"https:\/\/carfree.fr\/index.php\/wp-json\/wp\/v2\/posts\/11071\/revisions"}],"wp:featuredmedia":[{"embeddable":true,"href":"https:\/\/carfree.fr\/index.php\/wp-json\/"}],"wp:attachment":[{"href":"https:\/\/carfree.fr\/index.php\/wp-json\/wp\/v2\/media?parent=11071"}],"wp:term":[{"taxonomy":"category","embeddable":true,"href":"https:\/\/carfree.fr\/index.php\/wp-json\/wp\/v2\/categories?post=11071"},{"taxonomy":"post_tag","embeddable":true,"href":"https:\/\/carfree.fr\/index.php\/wp-json\/wp\/v2\/tags?post=11071"}],"curies":[{"name":"wp","href":"https:\/\/api.w.org\/{rel}","templated":true}]}}