{"id":111,"date":"2004-05-12T06:31:00","date_gmt":"2004-05-12T06:31:00","guid":{"rendered":"http:\/\/carfree.fr\/index.php\/2004\/05\/12\/les-voitures-le-plus-grave-problme-de\/"},"modified":"2023-11-13T13:18:39","modified_gmt":"2023-11-13T12:18:39","slug":"les-voitures-le-plus-grave-problme-de","status":"publish","type":"post","link":"https:\/\/carfree.fr\/index.php\/2004\/05\/12\/les-voitures-le-plus-grave-problme-de\/","title":{"rendered":"Les voitures: le plus grave probl\u00e8me de la plan\u00e8te"},"content":{"rendered":"<p><span style=\"font-style: italic;\">Conf\u00e9rence d\u2019Hubert Reeves sur le transport collectif<\/span><br \/>\n<span style=\"font-weight: bold;\">\u00abLes voitures: le plus grave probl\u00e8me de la plan\u00e8te\u00bb<\/span><br \/>\npar Benoit Lemay<\/p>\n<p>\u00abL\u2019accroissement du transport routier est un des plus graves probl\u00e8mes de la plan\u00e8te.\u00bb C\u2019est le message qu\u2019est venu livrer l\u2019astrophysicien passionn\u00e9 de l\u2019environnement, Hubert Reeves, le samedi 1er mai dernier, lors d\u2019une conf\u00e9rence organis\u00e9e \u00e0 Saint-Eustache par Transport collectif r\u00e9gion Deux-Montagnes (TCRDM), un organisme vou\u00e9 \u00e0 la promotion du transport en commun. <!--more--><\/p>\n<p>La salle des Chevaliers de Colomb, rue Saint-Nicolas, \u00e9tait pleine \u00e0 craquer. Plus de 160 personnes s\u2019\u00e9taient entass\u00e9es pour assister \u00e0 la conf\u00e9rence de l\u2019\u00e9minent scientifique.<\/p>\n<p>\u00abIl y a entre 500 et 600 millions de voitures dans le monde. Ce chiffre est en progression constante. Si rien n\u2019est fait pour le contr\u00f4ler, tous nos efforts pour l\u2019environnement n\u2019auront servi \u00e0 rien\u00bb, a affirm\u00e9 Hubert Reeves.<\/p>\n<p>Selon lui, les voitures causent un r\u00e9giment de tracas pour notre sant\u00e9 et notre environnement: \u00e9puisement des ressources de p\u00e9trole, \u00e9mission de gaz \u00e0 effet de serre, augmentation du mauvais ozone dans les villes, formation de pluies acides et r\u00e9chauffement de la plan\u00e8te. \u00abLe protocole de Kyoto n\u2019est qu\u2019un tout petit premier pas. L\u2019entente pr\u00e9voit r\u00e9duire les \u00e9missions de 5 \u00e0 10 %. Or, il faudrait les diminuer de 50 \u00e0 60 % pour stabiliser la temp\u00e9rature\u00bb, a pr\u00e9cis\u00e9 le scientifique.<\/p>\n<p>Heureusement, Hubert Reeves entrevoit encore une lueur d\u2019espoir. \u00abQuand nous connaissons les probl\u00e8mes, nous sommes capables de nous donner les moyens \u00e0 grande \u00e9chelle pour les r\u00e9gler.\u00bb L\u2019astrophysicien donne l\u2019exemple des pluies acides, qui ont grandement diminu\u00e9 depuis qu\u2019une loi oblige les industries \u00e0 installer des filtres au sommet des chemin\u00e9es.<\/p>\n<p><span style=\"font-weight: bold;\">R\u00eaver en couleur<\/span><\/p>\n<p>Les propos d\u2019Hubert Reeves rejoignent tr\u00e8s bien la mission du TCRDM, qui avait organis\u00e9 cette conf\u00e9rence dans le cadre de son assembl\u00e9e g\u00e9n\u00e9rale de fondation. L\u2019organisme cr\u00e9\u00e9 en 2001 s\u2019est incorpor\u00e9 en janvier dernier.<\/p>\n<p>Les membres du TCRDM ont confi\u00e9 \u00e0 Olivier Loyer le mandat d\u2019organiser un \u00e9v\u00e8nement rassembleur pour marquer cette assembl\u00e9e. \u00abL\u2019id\u00e9e d\u2019inviter Hubert Reeves a \u00e9t\u00e9 lanc\u00e9e. Je croyais que c\u2019\u00e9tait r\u00eaver en couleurs, explique Olivier Loyer. J\u2019ai \u00e9t\u00e9 agr\u00e9ablement surpris par la r\u00e9ponse de M. Reeves. C\u2019est un homme ouvert et accessible.\u00bb<\/p>\n<p>Le scientifique, n\u00e9 \u00e0 Montr\u00e9al, s\u2019est effectivement empress\u00e9 de r\u00e9pondre \u00e0 l\u2019invitation du TCRDM. \u00abJe suis toujours pr\u00eat \u00e0 soutenir des organismes qui posent des gestes concrets pour l\u2019environnement\u00bb, a-t-il dit.<\/p>\n<p>Le fait saillant du TCRDM cette ann\u00e9e est la mise en place d\u2019un service de navette pour amener les citoyens \u00e0 la gare Deux-Montagnes. Le service Oka Express devrait sillonner la r\u00e9gion aux heures de pointe au d\u00e9but du mois de juin. Il en co\u00fbtera 1 $ aux usagers pour monter \u00e0 bord. Hubert Reeves a applaudi cette initiative. \u00abIl devrait y avoir plus de projets comme celui-l\u00e0\u00bb, a-t-il mentionn\u00e9.<\/p>\n<p>\u00c0 la demande d\u2019Hubert Reeves, les profits de la conf\u00e9rence \u00e9taient remis \u00e0 ATD Quart Monde, un mouvement international de lutte contre la mis\u00e8re. Une contribution volontaire \u00e9tait demand\u00e9e \u00e0 l\u2019entr\u00e9e. Hubert Reeves a confi\u00e9 qu\u2019il pr\u00e9parait d\u00e9j\u00e0 la suite de son dernier ouvrage, Mal de Terre, sur les probl\u00e8mes de notre plan\u00e8te. La folie des hommes dans leur exploitation de la plan\u00e8te bleue lui fournit une mati\u00e8re in\u00e9puisable pour ses bouquins. Triste constat !<\/p>\n","protected":false},"excerpt":{"rendered":"<p>Conf\u00e9rence d\u2019Hubert Reeves sur le transport collectif \u00abLes voitures: le plus grave probl\u00e8me de la plan\u00e8te\u00bb par Benoit Lemay \u00abL\u2019accroissement du transport routier est un des plus graves probl\u00e8mes de <a class=\"more-link\" href=\"https:\/\/carfree.fr\/index.php\/2004\/05\/12\/les-voitures-le-plus-grave-problme-de\/\">Lire la suite&#8230;<\/a><\/p>\n","protected":false},"author":11,"featured_media":45701,"comment_status":"open","ping_status":"open","sticky":false,"template":"","format":"standard","meta":[],"categories":[124],"tags":[1847,57,187,236,61,462,421,33,210,320],"views":4842,"_links":{"self":[{"href":"https:\/\/carfree.fr\/index.php\/wp-json\/wp\/v2\/posts\/111"}],"collection":[{"href":"https:\/\/carfree.fr\/index.php\/wp-json\/wp\/v2\/posts"}],"about":[{"href":"https:\/\/carfree.fr\/index.php\/wp-json\/wp\/v2\/types\/post"}],"author":[{"embeddable":true,"href":"https:\/\/carfree.fr\/index.php\/wp-json\/wp\/v2\/users\/11"}],"replies":[{"embeddable":true,"href":"https:\/\/carfree.fr\/index.php\/wp-json\/wp\/v2\/comments?post=111"}],"version-history":[{"count":0,"href":"https:\/\/carfree.fr\/index.php\/wp-json\/wp\/v2\/posts\/111\/revisions"}],"wp:featuredmedia":[{"embeddable":true,"href":"https:\/\/carfree.fr\/index.php\/wp-json\/wp\/v2\/media\/45701"}],"wp:attachment":[{"href":"https:\/\/carfree.fr\/index.php\/wp-json\/wp\/v2\/media?parent=111"}],"wp:term":[{"taxonomy":"category","embeddable":true,"href":"https:\/\/carfree.fr\/index.php\/wp-json\/wp\/v2\/categories?post=111"},{"taxonomy":"post_tag","embeddable":true,"href":"https:\/\/carfree.fr\/index.php\/wp-json\/wp\/v2\/tags?post=111"}],"curies":[{"name":"wp","href":"https:\/\/api.w.org\/{rel}","templated":true}]}}