{"id":1113,"date":"2009-01-09T09:43:13","date_gmt":"2009-01-09T08:43:13","guid":{"rendered":"http:\/\/carfree.fr\/index.php\/2009\/01\/09\/deplacements-domicile-travail-en-transports-publics-faites-payer-votre-patron\/"},"modified":"2016-09-07T15:04:59","modified_gmt":"2016-09-07T14:04:59","slug":"deplacements-domicile-travail-en-transports-publics-faites-payer-votre-patron","status":"publish","type":"post","link":"https:\/\/carfree.fr\/index.php\/2009\/01\/09\/deplacements-domicile-travail-en-transports-publics-faites-payer-votre-patron\/","title":{"rendered":"D\u00e9placements domicile-travail en transports publics: faites payer votre patron!"},"content":{"rendered":"<p>Les employeurs de tout l&rsquo;Hexagone devront prendre en charge la moiti\u00e9 du co\u00fbt des titres de transport en commun de leurs salari\u00e9s sur le trajet domicile-travail d\u00e8s ce mois, selon un d\u00e9cret paru au Journal officiel, mais le d\u00e9fraiement des co\u00fbts d&rsquo;essence personnels reste facultatif. <!--more--><\/p>\n<p>\u00abLa prise en charge par l&#8217;employeur des titres d&rsquo;abonnement, pr\u00e9vue \u00e0 l&rsquo;article L.3261-2 est \u00e9gale \u00e0 50% du co\u00fbt de ces titres pour le salari\u00e9\u00bb indique le d\u00e9cret, publi\u00e9 dans le JO du 31 d\u00e9cembre 2008.<\/p>\n<p>La somme devrait \u00eatre vers\u00e9e avec les salaires de fin janvier, mais les employeurs ont jusqu&rsquo;au 1er avril 2009 pour mettre en conformit\u00e9 leurs logiciels de fiches de paie.<br \/>\n<strong><br \/>\nUne mesure qui existe d\u00e9j\u00e0 en Ile-de-France<\/strong><\/p>\n<p>La prise en charge, qui existe d\u00e9j\u00e0 en Ile-de-France, s&rsquo;applique aussi bien aux \u00abcartes et abonnements mensuels, hebdomadaires ou \u00e0 renouvellement tacite \u00e0 nombre de voyages illimit\u00e9\u00bb d\u00e9livr\u00e9s par la RATP, la SNCF, ou les autres entreprises de transport public, ainsi qu&rsquo;aux abonnements \u00e0 un \u00abservice public de location de v\u00e9los\u00bb, indique le texte.<\/p>\n<p>Elle s&rsquo;effectue sur la base des \u00abtarifs deuxi\u00e8me classe\u00bb.<\/p>\n<p>La prise en charge des frais de transport personnels, c&rsquo;est-\u00e0-dire la plupart du temps, le remboursement de frais d&rsquo;essence aux salari\u00e9s qui n&rsquo;utilisent pas les transports en commun pour se rendre \u00e0 leur travail est pour sa part facultative et dans la limite de 200 euros, comme le pr\u00e9cisait l&rsquo;article 20 de la loi de financement de la s\u00e9curit\u00e9 sociale (LFS).<\/p>\n<p>Dans tous les cas, trois cat\u00e9gories de salari\u00e9s sont exclus de cette mesure: ceux qui b\u00e9n\u00e9ficient d&rsquo;un v\u00e9hicule de fonction, ceux qui viennent \u00e0 pied, et ceux dont le transport est assur\u00e9 gratuitement par l&#8217;employeur.<\/p>\n<p>Les salari\u00e9s franciliens sont d\u00e9j\u00e0 indemnis\u00e9s par leur entreprise \u00e0 hauteur de 50% du prix de leur carte orange (ou tout autre abonnement similaire), en application d&rsquo;une loi vot\u00e9e sous Fran\u00e7ois Mitterrand en 1982.<\/p>\n<p>Source: AFP<\/p>\n","protected":false},"excerpt":{"rendered":"<p>Les employeurs de tout l\u2019Hexagone devront prendre en charge la moiti\u00e9 du co\u00fbt des titres de transport en commun de leurs salari\u00e9s sur le trajet domicile-travail d\u00e8s ce mois, selon un d\u00e9cret paru au Journal officiel, mais le d\u00e9fraiement des co\u00fbts d\u2019essence personnels reste facultatif [&#8230;] <a class=\"more-link\" href=\"https:\/\/carfree.fr\/index.php\/2009\/01\/09\/deplacements-domicile-travail-en-transports-publics-faites-payer-votre-patron\/\">Lire la suite&#8230;<\/a><\/p>\n","protected":false},"author":1560,"featured_media":37360,"comment_status":"open","ping_status":"open","sticky":false,"template":"","format":"standard","meta":[],"categories":[4,8],"tags":[247,306,138,60,16,159,287,120,408,248,131,1664],"views":4883,"_links":{"self":[{"href":"https:\/\/carfree.fr\/index.php\/wp-json\/wp\/v2\/posts\/1113"}],"collection":[{"href":"https:\/\/carfree.fr\/index.php\/wp-json\/wp\/v2\/posts"}],"about":[{"href":"https:\/\/carfree.fr\/index.php\/wp-json\/wp\/v2\/types\/post"}],"author":[{"embeddable":true,"href":"https:\/\/carfree.fr\/index.php\/wp-json\/wp\/v2\/users\/1560"}],"replies":[{"embeddable":true,"href":"https:\/\/carfree.fr\/index.php\/wp-json\/wp\/v2\/comments?post=1113"}],"version-history":[{"count":0,"href":"https:\/\/carfree.fr\/index.php\/wp-json\/wp\/v2\/posts\/1113\/revisions"}],"wp:featuredmedia":[{"embeddable":true,"href":"https:\/\/carfree.fr\/index.php\/wp-json\/wp\/v2\/media\/37360"}],"wp:attachment":[{"href":"https:\/\/carfree.fr\/index.php\/wp-json\/wp\/v2\/media?parent=1113"}],"wp:term":[{"taxonomy":"category","embeddable":true,"href":"https:\/\/carfree.fr\/index.php\/wp-json\/wp\/v2\/categories?post=1113"},{"taxonomy":"post_tag","embeddable":true,"href":"https:\/\/carfree.fr\/index.php\/wp-json\/wp\/v2\/tags?post=1113"}],"curies":[{"name":"wp","href":"https:\/\/api.w.org\/{rel}","templated":true}]}}