{"id":11376,"date":"2010-12-16T08:50:32","date_gmt":"2010-12-16T07:50:32","guid":{"rendered":"http:\/\/carfree.fr\/?p=11376"},"modified":"2020-08-15T15:39:00","modified_gmt":"2020-08-15T14:39:00","slug":"consommez-paris-ne-respire-plus","status":"publish","type":"post","link":"https:\/\/carfree.fr\/index.php\/2010\/12\/16\/consommez-paris-ne-respire-plus\/","title":{"rendered":"Consommez ! Paris ne respire plus"},"content":{"rendered":"<p><img decoding=\"async\" loading=\"lazy\" title=\"peugeot_poumons-707514\" src=\"http:\/\/carfree.fr\/images\/peugeot_poumons-707514.jpg\" alt=\"\" width=\"420\" height=\"200\" \/><\/p>\n<p>Nous sommes le dimanche 12 d\u00e9cembre 2010, il est 14h, quai de la Rap\u00e9e \u00e0 Paris. Je contemple un panneau de l&rsquo;op\u00e9ration \u00ab\u00a0Paris respire\u00a0\u00bb.\u00a0 Ce panneau qui m&rsquo;annonce avec aplomb que TOUS les dimanches et jours f\u00e9ri\u00e9s les voies sur berges sont ferm\u00e9es \u00e0 la circulation automobile. Pourtant derri\u00e8re les plots de b\u00e9ton c&rsquo;est une autoroute que je vois. <!--more--><\/p>\n<p>Incr\u00e9dules et d\u00e9pit\u00e9s mon acolyte et moi devrons p\u00e9daler ailleurs pour cette visite de la capitale. Mais je reste d\u00e9cid\u00e9 \u00e0 tirer cette affaire au clair, jusqu&rsquo;\u00e0 quand cette fermeture symbolique n&rsquo;est elle plus effectu\u00e9e ?<\/p>\n<p>Le site de la mairie de Paris le confirme :<\/p>\n<blockquote><p>Le long des berges de Seine, Paris respire s&rsquo;installe tous les dimanches et jours f\u00e9ri\u00e9s, de 9h \u00e0 17h, toute l&rsquo;ann\u00e9e.<\/p><\/blockquote>\n<p>Je n&rsquo;ai pas eu la berlue, le panneau et le site s&rsquo;accordent \u00e0 l&rsquo;annoncer, il s&rsquo;agit bien de TOUS les dimanches.<\/p>\n<p>Mais l&rsquo;actualit\u00e9 en d\u00e9cide autrement. Dimanche 19 d\u00e9cembre \u00e9galement les voies sur berges seront autoris\u00e9es aux voitures. Et qu&rsquo;est-ce qui justifie cette mesure exceptionnelle ? No\u00ebl \u00e9videmment ! <em>\u00ab\u00a0Paris respire\u00a0\u00bb accueille No\u00ebl<\/em> ! &#8230; et devient Paris suffoque.<\/p>\n<p>Tous ces consommateurs press\u00e9s d&rsquo;aller faire leurs achats de No\u00ebl ne vont tout de m\u00eame pas prendre le m\u00e9tro ou leur bicyclette. Oh non il faut qu&rsquo;ils envahissent Paris en voiture.<\/p>\n<p>La municipalit\u00e9 pourtant si prompte \u00e0 communiquer sur les circulations douces c\u00e8de l\u00e0 bien facilement aux klaxons du consum\u00e9risme. C&rsquo;est path\u00e9tique, et bien r\u00e9v\u00e9lateur d&rsquo;un engagement qui n&rsquo;est que de fa\u00e7ade. Ces fermetures dominicales sont certes bien ridicules mais n&rsquo;en sont pas moins un symbole politique. Mais pour les f\u00eates on ne fait pas de politique, on consomme sans se poser de question et on se bouche le nez.<\/p>\n","protected":false},"excerpt":{"rendered":"<p>Nous sommes le dimanche 12 d\u00e9cembre 2010, il est 14h, quai de la Rap\u00e9e \u00e0 Paris. Je contemple un panneau de l&rsquo;op\u00e9ration \u00ab\u00a0Paris respire\u00a0\u00bb.\u00a0 Ce panneau qui m&rsquo;annonce avec aplomb <a class=\"more-link\" href=\"https:\/\/carfree.fr\/index.php\/2010\/12\/16\/consommez-paris-ne-respire-plus\/\">Lire la suite&#8230;<\/a><\/p>\n","protected":false},"author":252,"featured_media":11380,"comment_status":"open","ping_status":"open","sticky":false,"template":"","format":"standard","meta":[],"categories":[52,5],"tags":[110,241,202,159,106,287,33,880,320],"views":5530,"_links":{"self":[{"href":"https:\/\/carfree.fr\/index.php\/wp-json\/wp\/v2\/posts\/11376"}],"collection":[{"href":"https:\/\/carfree.fr\/index.php\/wp-json\/wp\/v2\/posts"}],"about":[{"href":"https:\/\/carfree.fr\/index.php\/wp-json\/wp\/v2\/types\/post"}],"author":[{"embeddable":true,"href":"https:\/\/carfree.fr\/index.php\/wp-json\/wp\/v2\/users\/252"}],"replies":[{"embeddable":true,"href":"https:\/\/carfree.fr\/index.php\/wp-json\/wp\/v2\/comments?post=11376"}],"version-history":[{"count":0,"href":"https:\/\/carfree.fr\/index.php\/wp-json\/wp\/v2\/posts\/11376\/revisions"}],"wp:featuredmedia":[{"embeddable":true,"href":"https:\/\/carfree.fr\/index.php\/wp-json\/"}],"wp:attachment":[{"href":"https:\/\/carfree.fr\/index.php\/wp-json\/wp\/v2\/media?parent=11376"}],"wp:term":[{"taxonomy":"category","embeddable":true,"href":"https:\/\/carfree.fr\/index.php\/wp-json\/wp\/v2\/categories?post=11376"},{"taxonomy":"post_tag","embeddable":true,"href":"https:\/\/carfree.fr\/index.php\/wp-json\/wp\/v2\/tags?post=11376"}],"curies":[{"name":"wp","href":"https:\/\/api.w.org\/{rel}","templated":true}]}}