{"id":1144,"date":"2009-01-13T08:51:48","date_gmt":"2009-01-13T07:51:48","guid":{"rendered":"http:\/\/carfree.fr\/index.php\/2009\/01\/13\/du-bitume-dans-vos-legumes\/"},"modified":"2016-10-04T08:49:22","modified_gmt":"2016-10-04T07:49:22","slug":"du-bitume-dans-vos-legumes","status":"publish","type":"post","link":"https:\/\/carfree.fr\/index.php\/2009\/01\/13\/du-bitume-dans-vos-legumes\/","title":{"rendered":"Du bitume dans vos l\u00e9gumes"},"content":{"rendered":"<p class=\"spip\">Friends of the Earth (Les Amis de la Terre) vous invite \u00e0 visiter le samedi 17 janvier \u00e0 10h le \u00ab\u00a0Snackbar\u00a0: du bitume dans vos l\u00e9gumes\u00a0?\u00a0\u00bb \u00e0 l\u2019entr\u00e9e du Salon de l\u2019Auto, en face de la sortie m\u00e9tro Heysel (Bruxelles, Belgique). <!--more--><\/p>\n<p class=\"spip\">Le \u00ab\u00a0Snackbar\u00a0\u00bb cadre dans une action qui veut d\u00e9noncer les plans des grands travaux d\u2019\u00e9largissement du r\u00e9seau routier du gouvernement Wallon et Flamand.<\/p>\n<p class=\"spip\">Les gouvernements Flamands et Wallons laissent servir la crise \u00e9conomique de pr\u00e9texte pour r\u00e9aliser les r\u00eaves du lobby du bitume (comme le \u00ab\u00a0Road Federation Belgium\u00a0\u00bb, qui compte entre ses membres la FEBIAC \u2013 l\u2019industrie automobile \u2013 ) , pour r\u00e9aliser des grandes travaux d\u2019\u00e9largissement du r\u00e9seau routier un peut partout\u00a0: le grand ring de Bruxelles, \u00e0 Anvers, pour en dire juste quelques unes..<\/p>\n<p class=\"spip\">Pour relancer l\u2019\u00e9conomie, la Belgique, qui a d\u00e9j\u00e0 le r\u00e9seau routier le plus dense de l\u2019Europe, devrait devenir une plaque tournante logistique, et on devrait c\u00e9der encore plus de place \u00e0 la voiture\u00a0! De plus, les gouvernements veulent nous faire croire que plus de bitume est une mesure pour r\u00e9duire les \u00e9missions de gaz \u00e0 effet de serre\u00a0!<\/p>\n<p class=\"spip\">Le probl\u00e8me est que dans le prix du transport n\u2019est pas calcul\u00e9 le co\u00fbt de l\u2019impact sur la sant\u00e9 publique caus\u00e9 par la pollution du transport routier, et que beaucoup de chauffeurs sont exploit\u00e9s. Il est moins cher de transporter que de produire local !<\/p>\n<p class=\"spip\">Confront\u00e9 en d\u00e9cembre dernier avec la mauvaise image du transport routier, les f\u00e9d\u00e9rations de l\u2019automobile et du transport routier avan\u00e7aient dans une conf\u00e9rence de presse que \u00ab\u00a0gr\u00e2ce au transport routier on pouvait manger des kiwis en hiver\u00a0\u00bb.<\/p>\n<p class=\"spip\">Mais, est-ce qu\u2019on veut vraiment plus de bitume pour des l\u00e9gumes et kiwis transport\u00e9s de loin, pendant que nos agriculteurs et notre production locale n\u2019arrivent plus \u00e0 concurrence avec ces l\u00e9gumes et marchandises transport\u00e9s sans payer les vrais co\u00fbts\u00a0?<\/p>\n<p class=\"spip\">Friends of the Earth esp\u00e8re pouvoir vous accueillir nombreux samedi 17h \u00e0 10h \u00e0 la sortie de m\u00e9tro Heysel, en face de l\u2019entr\u00e9e du salon de l\u2019auto, au \u00ab\u00a0Snackbar\u00a0: du bitume dans vos l\u00e9gumes\u00a0?\u00a0\u00bb. Veuillez emmener quelques produits du terroir pour d\u00e9guster et partager sur place. Le \u00ab\u00a0Snackbar\u00a0\u00bb se charge de la pr\u00e9paration de l\u2019ambiance festive.<\/p>\n","protected":false},"excerpt":{"rendered":"<p>Friends of the Earth (Les Amis de la Terre) vous invite \u00e0 visiter le samedi 17 janvier \u00e0 10h le \u00ab\u00a0Snackbar\u00a0: du bitume dans vos l\u00e9gumes\u00a0?\u00a0\u00bb \u00e0 l\u2019entr\u00e9e du Salon <a class=\"more-link\" href=\"https:\/\/carfree.fr\/index.php\/2009\/01\/13\/du-bitume-dans-vos-legumes\/\">Lire la suite&#8230;<\/a><\/p>\n","protected":false},"author":41,"featured_media":37845,"comment_status":"open","ping_status":"open","sticky":false,"template":"","format":"standard","meta":[],"categories":[73,77,6,124],"tags":[171,463,376,306,139,60,55,169,81,177,272,33,320],"views":3555,"_links":{"self":[{"href":"https:\/\/carfree.fr\/index.php\/wp-json\/wp\/v2\/posts\/1144"}],"collection":[{"href":"https:\/\/carfree.fr\/index.php\/wp-json\/wp\/v2\/posts"}],"about":[{"href":"https:\/\/carfree.fr\/index.php\/wp-json\/wp\/v2\/types\/post"}],"author":[{"embeddable":true,"href":"https:\/\/carfree.fr\/index.php\/wp-json\/wp\/v2\/users\/41"}],"replies":[{"embeddable":true,"href":"https:\/\/carfree.fr\/index.php\/wp-json\/wp\/v2\/comments?post=1144"}],"version-history":[{"count":0,"href":"https:\/\/carfree.fr\/index.php\/wp-json\/wp\/v2\/posts\/1144\/revisions"}],"wp:featuredmedia":[{"embeddable":true,"href":"https:\/\/carfree.fr\/index.php\/wp-json\/wp\/v2\/media\/37845"}],"wp:attachment":[{"href":"https:\/\/carfree.fr\/index.php\/wp-json\/wp\/v2\/media?parent=1144"}],"wp:term":[{"taxonomy":"category","embeddable":true,"href":"https:\/\/carfree.fr\/index.php\/wp-json\/wp\/v2\/categories?post=1144"},{"taxonomy":"post_tag","embeddable":true,"href":"https:\/\/carfree.fr\/index.php\/wp-json\/wp\/v2\/tags?post=1144"}],"curies":[{"name":"wp","href":"https:\/\/api.w.org\/{rel}","templated":true}]}}