{"id":1154,"date":"2005-08-18T15:34:11","date_gmt":"2005-08-18T14:34:11","guid":{"rendered":"http:\/\/carfree.fr\/index.php\/2005\/08\/18\/depart-en-vacances\/"},"modified":"2023-11-13T16:47:01","modified_gmt":"2023-11-13T15:47:01","slug":"depart-en-vacances","status":"publish","type":"post","link":"https:\/\/carfree.fr\/index.php\/2005\/08\/18\/depart-en-vacances\/","title":{"rendered":"D\u00e9part en vacances"},"content":{"rendered":"<p><span style=\"font-style: italic\">par Hubert Reeves<\/span><\/p>\n<p>Sc\u00e8ne de la vie de famille. <!--more--><\/p>\n<p>Cela se passe pendant un \u00e9t\u00e9 caniculaire comme celui de 2003. Accabl\u00e9e de chaleur, une famille d\u00e9cide d&rsquo;aller au bord de la mer. Tout le monde prend place dans la grande voiture, une 4\u00d74, choisie pour le confort offert aux passagers \u2026<\/p>\n<p>Les voil\u00e0 sur l&rsquo;autoroute. Pour contrer la chaleur de plus en plus accablante, le chauffeur attentionn\u00e9 a actionn\u00e9 le climatiseur \u00e0 fond. Et pour acc\u00e9der le plus vite possible aux belles plages rafra\u00eechies par les vents marins, l&rsquo;auto file \u00e0 tr\u00e8s grande allure. L&rsquo;ambiance est joyeuse, et toute la famille savoure \u00e0 l&rsquo;avance le plaisir des vacances. Tout va bien \u2026<\/p>\n<p>Voyons maintenant la sc\u00e8ne sous un autre angle. Ce p\u00e8re (ou cette m\u00e8re \u2026) de famille, ces parents apparemment si soucieux du bien-\u00eatre de leurs enfants, se montrent en fait \u00e0 leur \u00e9gard d&rsquo;une grande impr\u00e9voyance. Ces gestes pour leur confort d&rsquo;aujourd&rsquo;hui sont promesses de beaucoup d&rsquo;inconfort \u00e0 venir : ils les paieront tr\u00e8s cher, mais plus tard.<\/p>\n<p>Pour plusieurs raisons :<\/p>\n<p>* La premi\u00e8re, c&rsquo;est que les voitures puissantes sont hautement \u00e9nergivores, et que toute augmentation de la vitesse fait cro\u00eetre rapidement leur app\u00e9tit. L&rsquo;an dernier, dans les pays riches, la consommation moyenne des voitures est pass\u00e9e de 11 \u00e0 12 litres aux cent kilom\u00e8tres. Tout cela, alors que l&rsquo;on sait que les ressources en essence s&rsquo;\u00e9puisent rapidement, et devraient pratiquement se tarir d&rsquo;ici quelques d\u00e9cennies.<\/p>\n<p>* La seconde, c&rsquo;est que la combustion de l&rsquo;essence rejette du gaz carbonique qui r\u00e9chauffe la plan\u00e8te. La climatisation est doublement en cause. D&rsquo;une part elle peut augmenter de plus de trente pour cent la consommation d&rsquo;essence. Et d&rsquo;autre part, pour chaque quantit\u00e9 de chaleur rejet\u00e9e hors de la voiture, une quantit\u00e9 beaucoup plus grande est produite et projet\u00e9e dans l&rsquo;atmosph\u00e8re, contribuant encore \u00e0 la r\u00e9chauffer.<\/p>\n<p>* Troisi\u00e8me raison : les voitures en marche rejettent aussi des oxydes d&rsquo;azote qui, sous l&rsquo;effet de la lumi\u00e8re solaire, produisent de l&rsquo;ozone atmosph\u00e9rique, ce \u00ab mauvais ozone \u00bb dont les \u00ab pics \u00bb ont s\u00e9vi sur une bonne partie de l&rsquo;Europe pendant plusieurs semaines en 2003. Sur les humains, cet ozone produit une irritation des yeux, de la muqueuse nasale, et de l&rsquo;ensemble du syst\u00e8me nerveux. Il affecte la vitalit\u00e9 des arbres et des v\u00e9g\u00e9taux en g\u00e9n\u00e9ral.<\/p>\n<p>Cette sc\u00e9nette veut illustrer l&rsquo;importance de concevoir une pr\u00e9voyance \u00e0 long terme. Les gestes les plus simples et les plus quotidiens peuvent avoir plus tard des effets hautement n\u00e9gatifs. Dans quelques d\u00e9cennies, les enfants subiront les cons\u00e9quences nocives d&rsquo;une impr\u00e9voyance qui n&rsquo;\u00e9tait innocente qu&rsquo;en apparence.<\/p>\n<p>Un reportage t\u00e9l\u00e9vis\u00e9 nous montrait r\u00e9cemment une sc\u00e8ne prise sur l&rsquo;Autoroute du Midi. Les panneaux surplombant la voie, affichaient \u00ab Ralentir \u00bb, \u00ab Pics d&rsquo;ozone sur toute la r\u00e9gion \u00bb. Ces recommandations semblaient n&rsquo;avoir aucun effet sur les automobilistes, et les voitures filaient comme \u00e0 l&rsquo;ordinaire. Au p\u00e9age, des journalistes interrogeaient quelques conducteurs :<\/p>\n<p>\u00ab Vous \u00eates d&rsquo;accord avec les messages de ces panneaux ?<\/p>\n<p>\u2014 Oui, bien s\u00fbr, c&rsquo;est tr\u00e8s important. Il faut cesser ces pollutions qui nous empoisonnent.<br \/>\n\u2014 Vous avez ralenti ?<br \/>\n\u2014 Impossible aujourd&rsquo;hui, je suis tr\u00e8s press\u00e9. \u00bb<\/p>\n<p>Il importe pourtant que ce que nous savons d\u00e9termine ce que nous faisons. Du mental aux muscles qui agissent. Tout est l\u00e0.<\/p>\n<p>Et la climatisation ? Oui, mais au minimum \u2026<\/p>\n<p><img decoding=\"async\" loading=\"lazy\" src=\"http:\/\/carfree.fr\/img\/2005\/08\/sat_pic.gif\" alt=\"\" width=\"210\" height=\"180\" class=\"alignnone size-full wp-image-40376\" \/><\/p>\n<p>Hubert Reeves<br \/>\nChronique du 10 juillet 2004 sur France-Culture<br \/>\n<a href=\"http:\/\/www.hubertreeves.info\/chroniques\/20040710.html\" target=\"_blank\" rel=\"noopener\">http:\/\/www.hubertreeves.info\/chroniques\/20040710.html<\/a><\/p>\n","protected":false},"excerpt":{"rendered":"<p>par Hubert Reeves Sc\u00e8ne de la vie de famille.<\/p>\n","protected":false},"author":11,"featured_media":39746,"comment_status":"open","ping_status":"open","sticky":false,"template":"","format":"standard","meta":[],"categories":[73,124],"tags":[1848,268,244,247,57,109,188,162,169,16,61,421,289,33,246,378,144],"views":6241,"_links":{"self":[{"href":"https:\/\/carfree.fr\/index.php\/wp-json\/wp\/v2\/posts\/1154"}],"collection":[{"href":"https:\/\/carfree.fr\/index.php\/wp-json\/wp\/v2\/posts"}],"about":[{"href":"https:\/\/carfree.fr\/index.php\/wp-json\/wp\/v2\/types\/post"}],"author":[{"embeddable":true,"href":"https:\/\/carfree.fr\/index.php\/wp-json\/wp\/v2\/users\/11"}],"replies":[{"embeddable":true,"href":"https:\/\/carfree.fr\/index.php\/wp-json\/wp\/v2\/comments?post=1154"}],"version-history":[{"count":0,"href":"https:\/\/carfree.fr\/index.php\/wp-json\/wp\/v2\/posts\/1154\/revisions"}],"wp:featuredmedia":[{"embeddable":true,"href":"https:\/\/carfree.fr\/index.php\/wp-json\/wp\/v2\/media\/39746"}],"wp:attachment":[{"href":"https:\/\/carfree.fr\/index.php\/wp-json\/wp\/v2\/media?parent=1154"}],"wp:term":[{"taxonomy":"category","embeddable":true,"href":"https:\/\/carfree.fr\/index.php\/wp-json\/wp\/v2\/categories?post=1154"},{"taxonomy":"post_tag","embeddable":true,"href":"https:\/\/carfree.fr\/index.php\/wp-json\/wp\/v2\/tags?post=1154"}],"curies":[{"name":"wp","href":"https:\/\/api.w.org\/{rel}","templated":true}]}}