{"id":1162,"date":"2005-09-04T18:33:19","date_gmt":"2005-09-04T17:33:19","guid":{"rendered":"http:\/\/carfree.fr\/index.php\/2005\/09\/04\/les-lyonnais-sont-tombes-amoureux-de-velov\/"},"modified":"2025-01-07T10:12:15","modified_gmt":"2025-01-07T09:12:15","slug":"les-lyonnais-sont-tombes-amoureux-de-velov","status":"publish","type":"post","link":"https:\/\/carfree.fr\/index.php\/2005\/09\/04\/les-lyonnais-sont-tombes-amoureux-de-velov\/","title":{"rendered":"Les Lyonnais sont tomb\u00e9s amoureux de V\u00e9lo&rsquo;V"},"content":{"rendered":"<p><span style=\"font-weight: bold;\">Les Lyonnais sont tomb\u00e9s amoureux de <a href=\"http:\/\/www.velov.grandlyon.com\/\" target=\"_blank\" rel=\"noopener\">V\u00e9lo&rsquo;V<\/a><br \/>\n<\/span><br \/>\nPlus de 15 000 abonn\u00e9s au r\u00e9seau qui propose des bicyclettes en ville pour 1 euro. <!--more--><\/p>\n<p>Il ne leur a pas fallu trois mois. Un vrai coup de foudre. Ce r\u00e9seau de 90 stations permet d&#8217;emprunter un v\u00e9lo n&rsquo;importe o\u00f9 dans la ville et de le reposer ailleurs. Il a \u00e9t\u00e9 inaugur\u00e9 le 19 mai et compte d\u00e9j\u00e0 plus de 15 000 abonn\u00e9s. L&rsquo;engouement se v\u00e9rifie dans les rues, o\u00f9 l&rsquo;on croise en permanence ces engins reconnaissables \u00e0 leur cadre \u00e9pais, leur garde-boue rouge et leur panier sur le guidon. Jusqu&rsquo;\u00e0 6 500 de ces v\u00e9los sont utilis\u00e9s certains jours, pour se rendre au travail, \u00e0 un rendez-vous, au restaurant, au cin\u00e9ma, au march\u00e9&#8230; La soci\u00e9t\u00e9 Decaux, qui g\u00e8re le service, a demand\u00e9 \u00e0 ses employ\u00e9s charg\u00e9s du r\u00e9assort de travailler jusqu&rsquo;\u00e0 minuit, afin qu&rsquo;il y ait toujours des v\u00e9los disponibles dans chacune des stations.<\/p>\n<p>Simplicit\u00e9. \u00abNous sommes pass\u00e9s tr\u00e8s vite du ph\u00e9nom\u00e8ne de curiosit\u00e9 \u00e0 un vrai mode de d\u00e9placement urbain et pendulaire\u00bb, se r\u00e9jouit Gilles Vesco, vice-pr\u00e9sident (UDF) du Grand Lyon (1), d\u00e9l\u00e9gu\u00e9 aux nouvelles utilisations de l&rsquo;espace public. Selon lui, \u00able V\u00e9lo&rsquo;V accompagne un changement culturel que l&rsquo;on pourrait appeler l&rsquo;individualisme collectif. Chacun choisit de fa\u00e7on autonome sa destination, ses horaires et sa trajectoire, mais utilise un moyen de transport de la collectivit\u00e9, et respectueux de celle-ci\u00bb. Le succ\u00e8s du V\u00e9lo&rsquo;V tient \u00e0 la grande simplicit\u00e9 et \u00e0 son co\u00fbt r\u00e9duit (2). Seul hic pour l&rsquo;instant : l&rsquo;approvisionnement des stations peine \u00e0 suivre et il arrive trop souvent que certaines d&rsquo;entre elles soient ou vides ou enti\u00e8rement remplies, ce qui emp\u00eache alors d&rsquo;y d\u00e9poser l&rsquo;engin. Pourtant, d\u00e8s que ces seuils approchent, un signal retentit au central, qui doit envoyer la navette. Mais celle-ci \u00e9tant d\u00e9pass\u00e9e, Decaux vient d&rsquo;engager un ing\u00e9nieur charg\u00e9 d&rsquo;analyser les mouvements des stations et d&rsquo;ajuster \u00e0 terme leur taille.<\/p>\n","protected":false},"excerpt":{"rendered":"<p>Les Lyonnais sont tomb\u00e9s amoureux de V\u00e9lo&rsquo;V Plus de 15 000 abonn\u00e9s au r\u00e9seau qui propose des bicyclettes en ville pour 1 euro.<\/p>\n","protected":false},"author":37,"featured_media":46183,"comment_status":"open","ping_status":"open","sticky":false,"template":"","format":"standard","meta":[],"categories":[4,7],"tags":[1848,306,352,200,158,19,38,1664,34],"views":3099,"_links":{"self":[{"href":"https:\/\/carfree.fr\/index.php\/wp-json\/wp\/v2\/posts\/1162"}],"collection":[{"href":"https:\/\/carfree.fr\/index.php\/wp-json\/wp\/v2\/posts"}],"about":[{"href":"https:\/\/carfree.fr\/index.php\/wp-json\/wp\/v2\/types\/post"}],"author":[{"embeddable":true,"href":"https:\/\/carfree.fr\/index.php\/wp-json\/wp\/v2\/users\/37"}],"replies":[{"embeddable":true,"href":"https:\/\/carfree.fr\/index.php\/wp-json\/wp\/v2\/comments?post=1162"}],"version-history":[{"count":0,"href":"https:\/\/carfree.fr\/index.php\/wp-json\/wp\/v2\/posts\/1162\/revisions"}],"wp:featuredmedia":[{"embeddable":true,"href":"https:\/\/carfree.fr\/index.php\/wp-json\/wp\/v2\/media\/46183"}],"wp:attachment":[{"href":"https:\/\/carfree.fr\/index.php\/wp-json\/wp\/v2\/media?parent=1162"}],"wp:term":[{"taxonomy":"category","embeddable":true,"href":"https:\/\/carfree.fr\/index.php\/wp-json\/wp\/v2\/categories?post=1162"},{"taxonomy":"post_tag","embeddable":true,"href":"https:\/\/carfree.fr\/index.php\/wp-json\/wp\/v2\/tags?post=1162"}],"curies":[{"name":"wp","href":"https:\/\/api.w.org\/{rel}","templated":true}]}}