{"id":1163,"date":"2005-09-06T18:36:21","date_gmt":"2005-09-06T17:36:21","guid":{"rendered":"http:\/\/carfree.fr\/index.php\/2005\/09\/06\/bridons-les-moteurs\/"},"modified":"2023-11-13T16:49:14","modified_gmt":"2023-11-13T15:49:14","slug":"bridons-les-moteurs","status":"publish","type":"post","link":"https:\/\/carfree.fr\/index.php\/2005\/09\/06\/bridons-les-moteurs\/","title":{"rendered":"Bridons les moteurs!"},"content":{"rendered":"<p>Pierre Radanne, expert en questions \u00e9nerg\u00e9tiques, pr\u00f4ne le bridage de moteur: \u00abLe scandale, c&rsquo;est la voiture qu&rsquo;on met entre nos mains\u00bb<br \/>\n<span style=\"font-style: italic\"><br \/>\nPar Alexandra SCHWARTZBROD &#8211; Lib\u00e9ration<\/span> <!--more--><\/p>\n<p>La vitesse autoris\u00e9e sur les autoroutes va-t-elle \u00eatre r\u00e9duite ? En visite, samedi, au Centre r\u00e9gional d&rsquo;information et de circulation routi\u00e8re de Rh\u00f4ne-Alpes, \u00e0 Bron, le ministre des Transports, Dominique Perben, a reconnu que le gouvernement y r\u00e9fl\u00e9chissait. Ce n&rsquo;est pas la premi\u00e8re fois que le sujet est \u00e0 l&rsquo;\u00e9tude. Mais il est syst\u00e9matiquement remis\u00e9 sous la pression des lobbies du transport et de l&rsquo;automobile. Pour Pierre Radanne, expert des questions \u00e9nerg\u00e9tiques, ex-pr\u00e9sident de l&rsquo;Ademe (Agence de l&rsquo;environnement et de la ma\u00eetrise de l&rsquo;\u00e9nergie), cette id\u00e9e aurait un sens mais l&rsquo;urgence est ailleurs.<br \/>\n<span style=\"font-weight: bold\"><br \/>\nBaisser la vitesse sur l&rsquo;autoroute est un projet r\u00e9current&#8230;<\/span><\/p>\n<p>Cette id\u00e9e figurait, en effet, initialement dans le plan Climat adopt\u00e9 par le gouvernement Raffarin en juillet 2004. Et, bien avant, dans le programme national de lutte contre le changement climatique, lanc\u00e9 durant l&rsquo;hiver 1999-2000 par le gouvernement Jospin. Pour r\u00e9duire la consommation de p\u00e9trole mais surtout les \u00e9manations de CO2 car, entre 1990 et 2003, les \u00e9missions de gaz du secteur du transport ont augment\u00e9 de 30 % ! La question de la r\u00e9duction de la vitesse sur autoroute a donc \u00e9t\u00e9 pos\u00e9e d\u00e8s le d\u00e9but de la r\u00e9flexion sur la lutte contre l&rsquo;effet de serre. En vain. Trop de milieux y \u00e9taient hostiles (transport, automobile&#8230;).<br \/>\n<span style=\"font-weight: bold\"><br \/>\nCette mesure suffirait-t-elle \u00e0 compenser la hausse du prix de l&rsquo;essence ?<\/span><\/p>\n<p>Loin de l\u00e0. D&rsquo;abord, ce n&rsquo;est pas sur les autoroutes qu&rsquo;on fait le plus de kilom\u00e8tres, c&rsquo;est en ville. En termes de consommation d&rsquo;essence, d&rsquo;\u00e9missions de gaz \u00e0 effet de serre et de pollution, il y aurait beaucoup plus de gains \u00e0 ramener la vitesse en ville \u00e0 30 km\/heure, afin de fluidifier la circulation et d&rsquo;\u00e9viter les \u00e0-coups. Ensuite, on vit quand m\u00eame dans un pays incroyable o\u00f9 sont autoris\u00e9es des voitures dont la vitesse de pointe est bien sup\u00e9rieure \u00e0 la vitesse admise ! Entre une voiture qui fait du 140 km\/h et une autre qui fait du 220 km\/h, la consommation d&rsquo;essence, en ville, double ! Car le moteur de la seconde est r\u00e9gl\u00e9 pour atteindre les 220 km\/h. Le vrai scandale aujourd&rsquo;hui n&rsquo;est donc pas tant le comportement des gens en terme de vitesse, mais le v\u00e9hicule qu&rsquo;on nous met entre les mains. Il n&rsquo;a plus rien \u00e0 voir avec ce qu&rsquo;il faudrait pour combattre pollution et consommation excessive de p\u00e9trole. L&rsquo;essentiel de la vie quotidienne, c&rsquo;est une personne seule dans sa voiture pour faire quelques kilom\u00e8tres \u00e0 moins de 90 km\/h. Et les constructeurs, eux, nous vendent des voitures pour des usages exceptionnels ! C&rsquo;est \u00e7a le grand gaspillage !<\/p>\n<p><span style=\"font-weight: bold\">Que faudrait-il faire ?<\/span><\/p>\n<p>La vraie mesure serait une r\u00e9glementation \u00e0 l&rsquo;int\u00e9rieur de l&rsquo;UE qui oblige les constructeurs \u00e0 vendre des voitures dont la vitesse de pointe serait inf\u00e9rieure \u00e0 la vitesse autoris\u00e9e. Le potentiel de gains en vies humaines, en argent (les voitures seraient moins ch\u00e8res \u00e0 l&rsquo;achat), en pollution, en consommation de p\u00e9trole, serait consid\u00e9rable. Et il ne faut pas croire que les gens y seraient hostiles. A l&rsquo;Ademe, on avait fait un sondage aupr\u00e8s des Fran\u00e7ais sur cette question du bridage des moteurs et on avait constat\u00e9 que le taux d&rsquo;adh\u00e9sion \u00e9tait de 80 % !<\/p>\n<p><span style=\"font-weight: bold\">Source:<\/span> Lib\u00e9ration<\/p>\n","protected":false},"excerpt":{"rendered":"<p>Pierre Radanne, expert en questions \u00e9nerg\u00e9tiques, pr\u00f4ne le bridage de moteur: \u00abLe scandale, c&rsquo;est la voiture qu&rsquo;on met entre nos mains\u00bb Par Alexandra SCHWARTZBROD &#8211; Lib\u00e9ration<\/p>\n","protected":false},"author":1390,"featured_media":39269,"comment_status":"open","ping_status":"open","sticky":false,"template":"","format":"standard","meta":[],"categories":[73],"tags":[1848,112,257,110,57,56,188,85,55,68,308,162,340,45,33,34,144],"views":3211,"_links":{"self":[{"href":"https:\/\/carfree.fr\/index.php\/wp-json\/wp\/v2\/posts\/1163"}],"collection":[{"href":"https:\/\/carfree.fr\/index.php\/wp-json\/wp\/v2\/posts"}],"about":[{"href":"https:\/\/carfree.fr\/index.php\/wp-json\/wp\/v2\/types\/post"}],"author":[{"embeddable":true,"href":"https:\/\/carfree.fr\/index.php\/wp-json\/wp\/v2\/users\/1390"}],"replies":[{"embeddable":true,"href":"https:\/\/carfree.fr\/index.php\/wp-json\/wp\/v2\/comments?post=1163"}],"version-history":[{"count":0,"href":"https:\/\/carfree.fr\/index.php\/wp-json\/wp\/v2\/posts\/1163\/revisions"}],"wp:featuredmedia":[{"embeddable":true,"href":"https:\/\/carfree.fr\/index.php\/wp-json\/wp\/v2\/media\/39269"}],"wp:attachment":[{"href":"https:\/\/carfree.fr\/index.php\/wp-json\/wp\/v2\/media?parent=1163"}],"wp:term":[{"taxonomy":"category","embeddable":true,"href":"https:\/\/carfree.fr\/index.php\/wp-json\/wp\/v2\/categories?post=1163"},{"taxonomy":"post_tag","embeddable":true,"href":"https:\/\/carfree.fr\/index.php\/wp-json\/wp\/v2\/tags?post=1163"}],"curies":[{"name":"wp","href":"https:\/\/api.w.org\/{rel}","templated":true}]}}