{"id":1165,"date":"2005-09-16T18:41:07","date_gmt":"2005-09-16T17:41:07","guid":{"rendered":"http:\/\/carfree.fr\/index.php\/2005\/09\/16\/paris-a-30-kmheure\/"},"modified":"2023-11-13T16:49:53","modified_gmt":"2023-11-13T15:49:53","slug":"paris-a-30-kmheure","status":"publish","type":"post","link":"https:\/\/carfree.fr\/index.php\/2005\/09\/16\/paris-a-30-kmheure\/","title":{"rendered":"Paris \u00e0 30 km\/heure"},"content":{"rendered":"<p><span style=\"font-weight: bold;\"><br \/>\nCommuniqu\u00e9 de la V\u00e9lorution, le vendredi 16 septembre, jour d&rsquo;ouverture de la semaine europ\u00e9enne de la mobilit\u00e9<\/span><\/p>\n<p><span style=\"font-style: italic;\">La V\u00e9lorution d\u00e9clarera symboliquement Paris zone 30, <span style=\"font-weight: bold;\">samedi 17 septembre \u00e0 11:00, Porte de Montreuil <!--more--><br \/>\n<\/span><\/span><\/p>\n<p>En ce d\u00e9but de la semaine europ\u00e9enne de la mobilit\u00e9, samedi matin \u00e0 11:00, Porte de Montreuil (sous le panneau PARIS), les v\u00e9lorutionnaires d\u00e9clareront symboliquement Paris zone 30.<\/p>\n<p>Ils liront \u00e9galement au public la lettre que la V\u00e9lorution a envoy\u00e9e il y a quelques jours \u00e0 tous les \u00e9lus de Paris, conseillers, d\u00e9put\u00e9s et s\u00e9nateurs, et \u00e9galement \u00e0 la Pr\u00e9fecture de police de Paris et aux ministres de l&rsquo;Environnement et de l&rsquo;Int\u00e9rieur.<\/p>\n<p>Les v\u00e9lorutionnaires commenteront les r\u00e9ponses re\u00e7ues. Par cette lettre ouverte, ils ont argument\u00e9 la demande que Paris devienne en son entier une zone 30, d\u00e9finitivement<br \/>\n(http:\/\/www.velorution.org\/actions\/LettreOuverteVelorutionParis30.pdf).<\/p>\n<p><img decoding=\"async\" loading=\"lazy\" class=\"alignnone size-full wp-image-40639\" src=\"http:\/\/carfree.fr\/img\/2005\/09\/paris-30.jpg\" alt=\"\" width=\"400\" height=\"104\" \/><\/p>\n<p>Les v\u00e9lorutionnaires r\u00e9clament des mesures simples et concr\u00e8tes pour lutter contre la pollution et les accidents. En particulier des mesures contre la voiture qui accapare de mani\u00e8re compl\u00e8tement disproportionn\u00e9e l&rsquo;espace public, pour des nuisances et une contre-productivit\u00e9 maximum.<\/p>\n<p>Nicolas Carnoz, pr\u00e9sident d&rsquo;honneur de la V\u00e9lorution, explique les objectifs poursuivis par l&rsquo;association \u00e0 travers cette action : \u00abLes cyclistes veulent recycler les terres empoisonn\u00e9es par la voiture, en commen\u00e7ant par reconqu\u00e9rir pacifiquement la rue, petit \u00e0 petit. Un partage juste et sans danger de l&rsquo;espace public pour tous les usagers passe par la r\u00e9duction de la vitesse de la voiture et des motos en ville, premi\u00e8re \u00e9tape dans le processus de leur \u00e9radication&#8230;\u00bb<\/p>\n<p>Les v\u00e9lorutionnaires pensent que l&rsquo;exp\u00e9rience de Z\u00fcrich analys\u00e9e par l&rsquo;ADEME montre les multiples avantages des villes 30, m\u00eame si de nombreux autres aspects, notamment en mati\u00e8re d&rsquo;am\u00e9nagements urbains, sont \u00e0 \u00e9tudier pour encourager les automobilistes et les motards \u00e0 abandonner leur v\u00e9hicule.<\/p>\n<p>Les v\u00e9lorutionnaires redemandent aux \u00e9lus, pour la semaine europ\u00e9enne de la mobilit\u00e9 (du 16 au 22 septembre 2005), de s&rsquo;engager \u00e0 faire de Paris dans son ensemble une zone 30.<\/p>\n<p>Ils demandent aux CYCListes de devenir v\u00e9lorutionnaires, c&rsquo;est-\u00e0-dire de reCYCLer la rue pour en faire un espace de convivialit\u00e9.<\/p>\n<hr \/>\n<p>&#8230;.. La V\u00e9lorution est une association dont les buts sont de promouvoir l&rsquo;utilisation du v\u00e9lo pour les d\u00e9placements et d&rsquo;inciter pacifiquement automobilistes et motards \u00e0 abandonner leur v\u00e9hicule.<br \/>\n&#8230;.. La V\u00e9lorution d&rsquo;\u00cele-de-France organise une manifestation revendicative le 1er samedi de chaque mois, rendez-vous \u00e0 14:00 place du Ch\u00e2telet \u00e0 Paris.<br \/>\n&#8230;.. <a href=\"http:\/\/velorution.org\/\" target=\"_blank\" rel=\"noopener\">http:\/\/www.velorution.org<\/a><br \/>\n&#8230;.. <a href=\"mailto:contact@velorution.org\">contact@velorution.org<\/a><br \/>\n&#8230;.. 06.89.85.31.09<\/p>\n","protected":false},"excerpt":{"rendered":"<p>Communiqu\u00e9 de la V\u00e9lorution, le vendredi 16 septembre, jour d&rsquo;ouverture de la semaine europ\u00e9enne de la mobilit\u00e9 La V\u00e9lorution d\u00e9clarera symboliquement Paris zone 30, samedi 17 septembre \u00e0 11:00, Porte <a class=\"more-link\" href=\"https:\/\/carfree.fr\/index.php\/2005\/09\/16\/paris-a-30-kmheure\/\">Lire la suite&#8230;<\/a><\/p>\n","protected":false},"author":168,"featured_media":40640,"comment_status":"open","ping_status":"open","sticky":false,"template":"","format":"standard","meta":[],"categories":[4,73,7],"tags":[1848,181,146,326,138,308,352,16,134,521,309,106,33,38,1664,113,34,144],"views":3626,"_links":{"self":[{"href":"https:\/\/carfree.fr\/index.php\/wp-json\/wp\/v2\/posts\/1165"}],"collection":[{"href":"https:\/\/carfree.fr\/index.php\/wp-json\/wp\/v2\/posts"}],"about":[{"href":"https:\/\/carfree.fr\/index.php\/wp-json\/wp\/v2\/types\/post"}],"author":[{"embeddable":true,"href":"https:\/\/carfree.fr\/index.php\/wp-json\/wp\/v2\/users\/168"}],"replies":[{"embeddable":true,"href":"https:\/\/carfree.fr\/index.php\/wp-json\/wp\/v2\/comments?post=1165"}],"version-history":[{"count":0,"href":"https:\/\/carfree.fr\/index.php\/wp-json\/wp\/v2\/posts\/1165\/revisions"}],"wp:featuredmedia":[{"embeddable":true,"href":"https:\/\/carfree.fr\/index.php\/wp-json\/wp\/v2\/media\/40640"}],"wp:attachment":[{"href":"https:\/\/carfree.fr\/index.php\/wp-json\/wp\/v2\/media?parent=1165"}],"wp:term":[{"taxonomy":"category","embeddable":true,"href":"https:\/\/carfree.fr\/index.php\/wp-json\/wp\/v2\/categories?post=1165"},{"taxonomy":"post_tag","embeddable":true,"href":"https:\/\/carfree.fr\/index.php\/wp-json\/wp\/v2\/tags?post=1165"}],"curies":[{"name":"wp","href":"https:\/\/api.w.org\/{rel}","templated":true}]}}