{"id":1181,"date":"2005-12-17T11:31:58","date_gmt":"2005-12-17T10:31:58","guid":{"rendered":"http:\/\/carfree.fr\/index.php\/2005\/12\/17\/pour-une-taxe-exceptionnelle-sur-les-benefices-extraordinaires-de-total\/"},"modified":"2023-11-13T16:56:04","modified_gmt":"2023-11-13T15:56:04","slug":"pour-une-taxe-exceptionnelle-sur-les-benefices-extraordinaires-de-total","status":"publish","type":"post","link":"https:\/\/carfree.fr\/index.php\/2005\/12\/17\/pour-une-taxe-exceptionnelle-sur-les-benefices-extraordinaires-de-total\/","title":{"rendered":"Pour une taxe exceptionnelle sur les b\u00e9n\u00e9fices extraordinaires de Total"},"content":{"rendered":"<p><span style=\"font-weight: bold;\">Prix du p\u00e9trole<\/span><br \/>\n<span style=\"font-weight: bold;\">Pour une taxe exceptionnelle sur les b\u00e9n\u00e9fices extraordinaires de Total<\/span><\/p>\n<p>L&rsquo;UFC-Que choisir appelle les parlementaires \u00e0 voter l&rsquo;instauration d&rsquo;une taxe exceptionnelle de 5 milliards d&rsquo;euros sur les b\u00e9n\u00e9fices du groupe p\u00e9trolier Total. <!--more--><\/p>\n<p>Le groupe Total va r\u00e9aliser cette ann\u00e9e plus de 13 milliards d&rsquo;euros de r\u00e9sultat net contre une moyenne annuelle de 5 \u00e0 6 milliards. La constitution de ces b\u00e9n\u00e9fices exceptionnels provient d&rsquo;un mod\u00e8le \u00e9conomique pour le moins singulier : les groupes p\u00e9troliers alignent leurs marges amont et aval sur le niveau du cours du baril brut. D\u00e8s lors, la flamb\u00e9e du p\u00e9trole entra\u00eene m\u00e9caniquement une explosion des profits des groupes p\u00e9troliers.<\/p>\n<p>L&rsquo;UFC-Que Choisir a calcul\u00e9 que, relativement \u00e0 une rentabilit\u00e9 normale de 15 %, les surprofits de Total atteignent 4 milliards d&rsquo;euros en 2004 et 7 milliards en 2005. Il appara\u00eet aussi que les capitaux employ\u00e9s pour l&rsquo;activit\u00e9 de Total ont l\u00e9g\u00e8rement diminu\u00e9 depuis deux ans, ce qui renforce le caract\u00e8re artificiel de ces surprofits. L&rsquo;absence de concurrence du secteur permet donc au groupe p\u00e9trolier de constituer une rente historique au d\u00e9triment du pouvoir d&rsquo;achat des consommateurs.<\/p>\n<p>L&rsquo;UFC-Que choisir demande, qu&rsquo;\u00e0 l&rsquo;occasion de la prochaine loi de finance rectificative, les parlementaires suivent l&rsquo;exemple de la Grande Bretagne qui vient de doubler la taxation des profits p\u00e9troliers de la Mer du Nord. Le ministre des finances britannique a tr\u00e8s simplement justifi\u00e9 cette mesure en estimant \u00ab que la balance doit \u00eatre r\u00e9\u00e9quilibr\u00e9e entre les consommateurs qui payent pour l&rsquo;essence ou le chauffage et les producteurs [p\u00e9troliers] \u00bb. Ce pr\u00e9l\u00e8vement va aussi inciter les groupes p\u00e9troliers \u00e0 revoir \u00e0 la baisse leur politique tarifaire en calculant leurs profits sur des bases rationnelles et objectives, telles que la productivit\u00e9 et le niveau des investissements.<\/p>\n<p>L&rsquo;UFC-Que Choisir propose deux mesures pour que cette taxe exceptionnelle soit redistribu\u00e9e au profit du consommateur et de la promotion du d\u00e9veloppement durable :<\/p>\n<ul>\n<li>une mesure structurelle pour r\u00e9duire la d\u00e9pendance au p\u00e9trole : 3,7 milliards d&rsquo;euros doivent \u00eatre consacr\u00e9s \u00e0 l&rsquo;investissement dans le r\u00e9seau de transport collectif de proximit\u00e9 qui pourrait alors cro\u00eetre de 25 % par an pendant cinq ans. L&rsquo;objectif de cette mesure est d&rsquo;augmenter la fr\u00e9quence des dessertes et la densit\u00e9 du r\u00e9seau afin que le temps de trajet des transports en commun ne soit plus syst\u00e9matiquement sup\u00e9rieur \u00e0 celui du d\u00e9placement automobile.<\/li>\n<li>\n<p>une mesure pour le pouvoir d&rsquo;achat : accorder un mois de gratuit\u00e9 des transports collectifs de proximit\u00e9 partout en France afin d&rsquo;amortir l&rsquo;impact de la hausse de l&rsquo;essence support\u00e9e en 2005 par les consommateurs.<\/p>\n<\/li>\n<\/ul>\n<p><span style=\"font-weight: bold;\">Source<\/span>: www.quechoisir.org<\/p>\n","protected":false},"excerpt":{"rendered":"<p>Prix du p\u00e9trole Pour une taxe exceptionnelle sur les b\u00e9n\u00e9fices extraordinaires de Total L&rsquo;UFC-Que choisir appelle les parlementaires \u00e0 voter l&rsquo;instauration d&rsquo;une taxe exceptionnelle de 5 milliards d&rsquo;euros sur les <a class=\"more-link\" href=\"https:\/\/carfree.fr\/index.php\/2005\/12\/17\/pour-une-taxe-exceptionnelle-sur-les-benefices-extraordinaires-de-total\/\">Lire la suite&#8230;<\/a><\/p>\n","protected":false},"author":71,"featured_media":40752,"comment_status":"open","ping_status":"open","sticky":false,"template":"","format":"standard","meta":[],"categories":[6],"tags":[1848,147,132,328,60,162,16,177,45,154,287,117,216,155,131],"views":3966,"_links":{"self":[{"href":"https:\/\/carfree.fr\/index.php\/wp-json\/wp\/v2\/posts\/1181"}],"collection":[{"href":"https:\/\/carfree.fr\/index.php\/wp-json\/wp\/v2\/posts"}],"about":[{"href":"https:\/\/carfree.fr\/index.php\/wp-json\/wp\/v2\/types\/post"}],"author":[{"embeddable":true,"href":"https:\/\/carfree.fr\/index.php\/wp-json\/wp\/v2\/users\/71"}],"replies":[{"embeddable":true,"href":"https:\/\/carfree.fr\/index.php\/wp-json\/wp\/v2\/comments?post=1181"}],"version-history":[{"count":0,"href":"https:\/\/carfree.fr\/index.php\/wp-json\/wp\/v2\/posts\/1181\/revisions"}],"wp:featuredmedia":[{"embeddable":true,"href":"https:\/\/carfree.fr\/index.php\/wp-json\/wp\/v2\/media\/40752"}],"wp:attachment":[{"href":"https:\/\/carfree.fr\/index.php\/wp-json\/wp\/v2\/media?parent=1181"}],"wp:term":[{"taxonomy":"category","embeddable":true,"href":"https:\/\/carfree.fr\/index.php\/wp-json\/wp\/v2\/categories?post=1181"},{"taxonomy":"post_tag","embeddable":true,"href":"https:\/\/carfree.fr\/index.php\/wp-json\/wp\/v2\/tags?post=1181"}],"curies":[{"name":"wp","href":"https:\/\/api.w.org\/{rel}","templated":true}]}}