{"id":12031,"date":"2011-02-05T13:59:18","date_gmt":"2011-02-05T12:59:18","guid":{"rendered":"http:\/\/carfree.fr\/?p=12031"},"modified":"2020-09-22T07:52:22","modified_gmt":"2020-09-22T06:52:22","slug":"votre-voiture-provoque-le-cancer","status":"publish","type":"post","link":"https:\/\/carfree.fr\/index.php\/2011\/02\/05\/votre-voiture-provoque-le-cancer\/","title":{"rendered":"Votre voiture provoque le cancer"},"content":{"rendered":"<p>En ces p\u00e9riodes o\u00f9 on apprend que certains m\u00e9dicaments non seulement  ne servent \u00e0 rien mais qu&rsquo;ils empoisonnent avec remboursement et  recommandation de la s\u00e9curit\u00e9 sociale! une petite information est  pass\u00e9e quasiment inaper\u00e7ue: l&rsquo;aspirine permettrait de pr\u00e9venir le cancer! <!--more--><\/p>\n<p>Par ailleurs, on nous dit que l&rsquo;exercice physique r\u00e9gulier pratiqu\u00e9 2 heures et demi par semaine permet, lui aussi, de r\u00e9duire le probabilit\u00e9  de survenance des cancers dans la population.<\/p>\n<p>Vous connaissez ma haine abyssale de l&rsquo;automobile particuli\u00e8re et  vous ne voyez toujours pas le rapport entre l&rsquo;automobile et le cancer.  Mais si! l&rsquo;automobile a pour effet de r\u00e9duire le kilom\u00e9trage p\u00e9destre  parcouru par son chauffeur et le maintient dans un \u00e9tat de s\u00e9dentarit\u00e9  qui r\u00e9duit son irrigation sanguine.<\/p>\n<p>Ces diff\u00e9rentes informations m&rsquo;am\u00e8nent \u00e0 supposer une corr\u00e9lation  entre irrigation sanguine et survenue du cancer. En effet, l&rsquo;aspirine a  pour effet de faciliter la circulation capillaire.<\/p>\n<p>Aussi on est en droit d&rsquo;affirmer que l&rsquo;industrie automobile, en  privant les conducteurs de l&rsquo;exercice sain et r\u00e9gulier de la  marche-\u00e0-pied, contribue \u00e0 l&rsquo;augmentation des cancers sur sa client\u00e8le  d&rsquo;une part mais sur toute la population, d&rsquo;autre part, si on admet  l&rsquo;effet dissuasif du trafic automobile sur les modes de d\u00e9placements  sains que sont la marche et le v\u00e9lo.<\/p>\n<p>Apr\u00e8s le M\u00e9diator je propose d&rsquo;inscrire au tableau des produits  nocifs pour la population les marques Renault et Peugeot. Faites suivre  l&rsquo;info aux Services client\u00e8le de Renault et Peugeot.<\/p>\n<p>&#8212;<br \/>\nGC<\/p>\n","protected":false},"excerpt":{"rendered":"<p>En ces p\u00e9riodes o\u00f9 on apprend que certains m\u00e9dicaments non seulement ne servent \u00e0 rien mais qu&rsquo;ils empoisonnent avec remboursement et recommandation de la s\u00e9curit\u00e9 sociale! une petite information est <a class=\"more-link\" href=\"https:\/\/carfree.fr\/index.php\/2011\/02\/05\/votre-voiture-provoque-le-cancer\/\">Lire la suite&#8230;<\/a><\/p>\n","protected":false},"author":27,"featured_media":37940,"comment_status":"open","ping_status":"open","sticky":false,"template":"","format":"standard","meta":[],"categories":[1037],"tags":[487,85,81,393,33,235,320,788],"views":5431,"_links":{"self":[{"href":"https:\/\/carfree.fr\/index.php\/wp-json\/wp\/v2\/posts\/12031"}],"collection":[{"href":"https:\/\/carfree.fr\/index.php\/wp-json\/wp\/v2\/posts"}],"about":[{"href":"https:\/\/carfree.fr\/index.php\/wp-json\/wp\/v2\/types\/post"}],"author":[{"embeddable":true,"href":"https:\/\/carfree.fr\/index.php\/wp-json\/wp\/v2\/users\/27"}],"replies":[{"embeddable":true,"href":"https:\/\/carfree.fr\/index.php\/wp-json\/wp\/v2\/comments?post=12031"}],"version-history":[{"count":0,"href":"https:\/\/carfree.fr\/index.php\/wp-json\/wp\/v2\/posts\/12031\/revisions"}],"wp:featuredmedia":[{"embeddable":true,"href":"https:\/\/carfree.fr\/index.php\/wp-json\/wp\/v2\/media\/37940"}],"wp:attachment":[{"href":"https:\/\/carfree.fr\/index.php\/wp-json\/wp\/v2\/media?parent=12031"}],"wp:term":[{"taxonomy":"category","embeddable":true,"href":"https:\/\/carfree.fr\/index.php\/wp-json\/wp\/v2\/categories?post=12031"},{"taxonomy":"post_tag","embeddable":true,"href":"https:\/\/carfree.fr\/index.php\/wp-json\/wp\/v2\/tags?post=12031"}],"curies":[{"name":"wp","href":"https:\/\/api.w.org\/{rel}","templated":true}]}}