{"id":12073,"date":"2011-02-11T13:12:52","date_gmt":"2011-02-11T12:12:52","guid":{"rendered":"http:\/\/carfree.fr\/?p=12073"},"modified":"2021-09-20T15:38:57","modified_gmt":"2021-09-20T14:38:57","slug":"soutenons-eric-petetin","status":"publish","type":"post","link":"https:\/\/carfree.fr\/index.php\/2011\/02\/11\/soutenons-eric-petetin\/","title":{"rendered":"Soutenons Eric Petetin !"},"content":{"rendered":"<p><img decoding=\"async\" loading=\"lazy\" title=\"eric-petetin\" src=\"http:\/\/carfree.fr\/images\/eric-petetin2.jpg\" alt=\"\" width=\"420\" height=\"200\" \/><\/p>\n<p>Le militant \u00e9cologiste Eric Petetin est une fois de plus menac\u00e9 d&rsquo;expulsion de la Goutte d&rsquo;eau, l&rsquo;ancien QG historique de la lutte contre le tunnel du Somport. Apr\u00e8s l&rsquo;avoir d\u00e9j\u00e0 expuls\u00e9, emprisonn\u00e9, intern\u00e9 en h\u00f4pital psychiatrique puis transform\u00e9 en SDF, le syst\u00e8me veut d\u00e9finitivement faire taire celui qui a probablement invent\u00e9 l&rsquo;action directe contre le tout-routier en France dans les ann\u00e9es 90. <!--more--><\/p>\n<p>Le nom d&rsquo;<a title=\"http:\/\/fr.wikipedia.org\/wiki\/%C3%89ric_P%C3%A9tetin\" href=\"http:\/\/fr.wikipedia.org\/wiki\/%C3%89ric_P%C3%A9tetin\" target=\"_blank\">Eric Petetin<\/a> ne dira peut-\u00eatre pas grand chose aux plus jeunes, mais rappellera sans doute beaucoup de souvenirs aux plus anciens d&rsquo;entre nous. Je ne connais pas personnellement Eric Petetin, mais les luttes qu&rsquo;il a men\u00e9es avec quelques autres contre le percement du <a title=\"http:\/\/fr.wikipedia.org\/wiki\/Tunnel_routier_du_Somport\" href=\"http:\/\/fr.wikipedia.org\/wiki\/Tunnel_routier_du_Somport\" target=\"_blank\">tunnel routier du Somport<\/a> dans la Vall\u00e9e d&rsquo;Aspe ont marqu\u00e9 durablement mon adolescence.<\/p>\n<p>Ce tunnel, qui relie d\u00e9sormais la France et l&rsquo;Espagne \u00e0 l&rsquo;ouest de la cha\u00eene pyr\u00e9n\u00e9enne, a bel et bien \u00e9t\u00e9 construit et a constitu\u00e9 un \u00e9chec majeur de la lutte \u00e9cologique en France.<\/p>\n<p>Eric Petetin, dit aussi l&rsquo;Indien du fait de la plume de vautour qu&rsquo;il mettait dans ses cheveux, \u00e9tait celui, dans mon esprit, qui faisait face courageusement aux bulldozers et aux engins de chantier. Avec un groupe de militants surnomm\u00e9s les \u00ab\u00a0Aspaches\u00a0\u00bb en r\u00e9f\u00e9rence \u00e0 la Vall\u00e9e D&rsquo;Aspe, ils ont men\u00e9 une action directe parfois violente pour emp\u00eacher co\u00fbte que co\u00fbte la construction du tunnel routier. Le FBI les qualifierait aujourd&rsquo;hui volontiers \u00ab\u00a0d&rsquo;\u00e9coterroristes\u00a0\u00bb, quant \u00e0 moi je pr\u00e9f\u00e8re l&rsquo;expression \u00ab\u00a0<a title=\"http:\/\/carfree.fr\/index.php\/2011\/02\/11\/les-insurges-de-la-terre\/\" href=\"http:\/\/carfree.fr\/index.php\/2011\/02\/11\/les-insurges-de-la-terre\/\" target=\"_blank\">d&rsquo;insurg\u00e9s de la terre<\/a>\u00ab\u00a0.<\/p>\n<p><strong>Tout le monde reconna\u00eet qu\u2019Eric Petetin avait raison<\/strong><\/p>\n<p>D\u00e8s sa naissance, en 1989, le mouvement de protestation                      contre le tunnel routier conna\u00eet un franc succ\u00e8s. Des comit\u00e9s Somport                      \u00e9closent un peu partout en France et en Espagne ; 3                      180 personnes acqui\u00e8rent des lots de terrains pour                      s&rsquo;opposer aux travaux routiers ; des rassemblements europ\u00e9ens                      r\u00e9unissent jusqu&rsquo;\u00e0 10 000 personnes ; les grandes                      organisations \u00e9cologistes &#8211; WWF, Greenpeace ou France                      Nature Environnement &#8211; s&rsquo;investissent dans cette lutte.<\/p>\n<p>Et pourtant ce combat ne sera pas couronn\u00e9 de succ\u00e8s et le tunnel ainsi que ses am\u00e9nagements routiers p\u00e9riph\u00e9riques seront construits. Maryse                      Darsonville, pr\u00e9sidente du collectif Alternatives Somport,                      qui pr\u00f4ne une alternative ferroviaire, tente d&rsquo;expliquer l&rsquo;\u00e9chec de cette lutte: \u00ab\u00a0<em>Dans une vall\u00e9e                      qui n&rsquo;a pas chang\u00e9 depuis un si\u00e8cle, les am\u00e9nageurs                      et les \u00e9lus promettaient le d\u00e9veloppement \u00e9conomique.                      Nous, nous ne promettions que le danger et la pollution<\/em>\u00ab\u00a0.<\/p>\n<p>D&rsquo;autant que les \u00e9lus, arc-bout\u00e9s                      sur leurs pr\u00e9rogatives &#8211; Fran\u00e7ois Bayrou, le                      pr\u00e9sident (UDF) du conseil g\u00e9n\u00e9ral des                      Pyr\u00e9n\u00e9es-Atlantiques, et Andr\u00e9 Labarr\u00e8re,                      le maire (PS) de Pau, en t\u00eate -, menaient la charge                      contre \u00ab\u00a0les romantiques et les irresponsables\u00a0\u00bb.                      \u00ab\u00a0<em>A droite comme \u00e0 gauche, ils \u00e9taient                      dans la m\u00eame logique du miracle de la route<\/em>\u00ab\u00a0,                      explique Genevi\u00e8ve Saule, de France Nature Environnement.<\/p>\n<p>Aujourd&rsquo;hui, le plus triste ou le plus dr\u00f4le, c&rsquo;est que <a title=\"http:\/\/www.agirpourlenvironnement.org\/presse\/somportmedia26.htm\" href=\"http:\/\/www.agirpourlenvironnement.org\/presse\/somportmedia26.htm\" target=\"_blank\">tout le monde reconna\u00eet qu&rsquo;Eric Petetin avait raison<\/a>, m\u00eame ses plus farouches adversaires de l&rsquo;\u00e9poque, et m\u00eame des associations comme Greenpeace qui l&rsquo;avaient pourtant abandonn\u00e9 en rase campagne quand ses actions paraissaient \u00ab\u00a0trop violentes\u00a0\u00bb&#8230;<\/p>\n<p>\u00ab\u00a0<em>Eric avait vu juste, on aurait d\u00fb l&rsquo;\u00e9couter                      davantage ; et on le regrette<\/em>\u00ab\u00a0, reconnaissent maintenant                      tous ceux qui se sont heurt\u00e9s, parfois violemment,                      \u00e0 lui. Aujourd&rsquo;hui, la population de la vall\u00e9e,                      qui n&rsquo;a rien vu venir des promesses de d\u00e9veloppement,                      ne croit plus aux miracles du tunnel. Elle s&rsquo;inqui\u00e8te                      de l&rsquo;intensification du trafic routier et de la d\u00e9figuration                      du site.<\/p>\n<p>Les \u00e9lus eux-m\u00eames ont chang\u00e9 de ton                      ou se taisent. Le conseil r\u00e9gional d&rsquo;Aquitaine a mis                      la r\u00e9habilitation de la ligne de chemin de fer \u00e0                      l&rsquo;\u00e9tude, sans s&rsquo;en donner vraiment les moyens.<\/p>\n<p><strong>\u00abMort aux visages p\u00e2les\u00bb<\/strong><\/p>\n<p>Au cours de ces ann\u00e9es de lutte, \u00c9ric Petetin a \u00e9t\u00e9 arr\u00eat\u00e9 49 fois par la police et a pass\u00e9 14 mois en prison pour divers faits d&rsquo;armes. Sa premi\u00e8re condamnation, Eric Petetin l&rsquo;obtient \u00e0 l&rsquo;automne 1991 pour \u00abvol de piquets et de rubans\u00bb: <em>\u00abOn suivait l&rsquo;ing\u00e9nieur qui faisait les rep\u00e9rages et on d\u00e9faisait tout derri\u00e8re lui.\u00bb <\/em>(Lib\u00e9ration)<em><br \/>\n<\/em><\/p>\n<p>Ensuite, il y a eu de nombreuses avanies judiciaires comme entrave \u00e0 la circulation, puis destruction de biens et m\u00eame vol d&rsquo;un k\u00e9pi militaire. <em>\u00abJe ne sais d&rsquo;ailleurs plus o\u00f9 il est, ce k\u00e9pi. Je l&rsquo;avais piqu\u00e9 \u00e0 un gendarme puis je l&rsquo;ai donn\u00e9 \u00e0 un chien.\u00bb<\/em><\/p>\n<p>Il a \u00e9t\u00e9 condamn\u00e9 aussi pour avoir ray\u00e9 une voiture de la gendarmerie. Coiff\u00e9 de sa plume, il s&rsquo;\u00e9tait ru\u00e9 dessus au cri de \u00abmort aux visages p\u00e2les\u00bb.<\/p>\n<p>Il finira malgr\u00e9 tout par \u00eatre graci\u00e9 par le pr\u00e9sident Mitterrand en juin 1993. <em>\u00abMon premier s\u00e9jour derri\u00e8re les barreaux, c&rsquo;\u00e9tait pour avoir d\u00e9coup\u00e9 un grillage.\u00bb<\/em> Il y est retourn\u00e9 pour un jet de lacrymog\u00e8ne dans le nez d&rsquo;un ouvrier de la route qui se faisait m\u00e9chant avec la manifestation. Puis pour avoir transport\u00e9 jusqu&rsquo;au col l&rsquo;essence et l&rsquo;incendiaire qui allait mettre le feu aux engins du chantier: <em>\u00abJe suis pass\u00e9 \u00e0 trois heures du matin pour ne pas me faire voir mais les douaniers m&rsquo;ont reconnu.\u00bb<\/em> D&rsquo;ailleurs, tout le monde reconna\u00eet l&rsquo;Indien de la vall\u00e9e d&rsquo;Aspe et son cheveu fris\u00e9.<\/p>\n<p>Il devient alors une cible et un wagon am\u00e9nag\u00e9 de la \u00ab Goutte d&rsquo;eau \u00bb, le QG de la lutte anti-tunnel situ\u00e9 dans l&rsquo;ancienne gare de Cette-Eygun, est incendi\u00e9 par des inconnus en 1992. 23 aspois sont mis en examen dans cette affaire mais une seconde exp\u00e9dition punitive a lieu en 1993. L&rsquo;enqu\u00eate de gendarmerie montrera que les coupables \u00e9taient en fait des notables locaux pro-tunnel. Parmi eux, il y avait un adjoint de la municipalit\u00e9 de Cette et un conseiller g\u00e9n\u00e9ral de la vall\u00e9e d&rsquo;Ossau. Parmi les incendiaires de juin 92 figurait aussi l&rsquo;artisan menuisier Pierre Moulia qui pr\u00e9sidait alors le comit\u00e9 d&rsquo;expansion de la vall\u00e9e d&rsquo;Aspe.<\/p>\n<p>En mai 1994, Eric Petetin prend la t\u00eate de la plus grande manifestation de l&rsquo;histoire de la vall\u00e9e d&rsquo;Aspe avec 8000 manifestants. Le cort\u00e8ge s&rsquo;ach\u00e8vera par des \u00e9chauffour\u00e9es avec les forces de l&rsquo;ordre.<\/p>\n<p>Tout semblait r\u00e9uni pour faire de l&rsquo;opposition \u00e0                      la construction du tunnel du Somport et \u00e0 l&rsquo;am\u00e9nagement                      de la vall\u00e9e d&rsquo;Aspe une bataille \u00e9cologique                      exemplaire : protection de la nature, refus de la logique                      du tout-camion et du tout-voiture et affirmation d&rsquo;une alternative de \u00a0\u00bb                      d\u00e9veloppement durable \u00ab\u00a0.<\/p>\n<p><strong>\u00abIl y a trop de voitures dans le monde\u00bb<\/strong><\/p>\n<p>Avec d&rsquo;autres militants, il fait alors une gr\u00e8ve de la faim, du 15 mars au 13 avril 2000. Et en mai 2000, c&rsquo;est le \u00ab\u00a0p\u00e9tage de plombs\u00a0\u00bb.<\/p>\n<p>A Bedous (Pyr\u00e9n\u00e9es-Atlantiques), Eric Petetin prend le volant de la voiture d&rsquo;une automobiliste qui avait refus\u00e9 de lui donner de l&rsquo;argent, puis percute quatre voitures. Pris en charge par la police, il d\u00e9fonce les grilles d&rsquo;un jardin public \u00e0 Oloron-Sainte-Marie (Pyr\u00e9n\u00e9es-Atlantiques), en ressort en traversant une haie et percute deux autres v\u00e9hicules avant d&rsquo;\u00eatre interpell\u00e9. Il aurait alors d\u00e9clar\u00e9 aux policiers qu&rsquo;\u00abil y a trop de voitures dans le monde\u00bb. \u00ab\u00c7a a \u00e9t\u00e9 Taxi 2\u00bb, d\u00e9clarait l&rsquo;un d&rsquo;entre eux apr\u00e8s le rod\u00e9o.<\/p>\n<p>A la suite de cet incident, Eric Petetin a \u00e9t\u00e9 plac\u00e9 d&rsquo;office en h\u00f4pital psychiatrique par arr\u00eat\u00e9 pr\u00e9fectoral. Pour ses camarades de la Goutte d&rsquo;eau, collectif de lutte contre le tunnel qu&rsquo;il pr\u00e9sidait, Eric Petetin \u00ab<em>ne s&rsquo;est pas remis de sa gr\u00e8ve de la faim<\/em>\u00bb.<\/p>\n<p>Apr\u00e8s cette difficile gr\u00e8ve                      de la faim et deux s\u00e9jours en h\u00f4pital psychiatrique,                      Eric Petetin se retrouve bris\u00e9 et quitte                      la vall\u00e9e en 2003, au moment de l&rsquo;ouverture du tunnel \u00e0 la circulation. \u00ab\u00a0<em>C&rsquo;est la premi\u00e8re victime                      du tunnel<\/em>\u00ab\u00a0, dit son m\u00e9decin, le docteur Jean-Pierre                      Verges.<\/p>\n<p><strong>\u00ab\u00a0La lutte est une source de joie\u00a0\u00bb<\/strong><\/p>\n<p>Il traverse ensuite durant les ann\u00e9es 2000 une longue p\u00e9riode de gal\u00e8re. Il fr\u00e9quente les foyers SDF \u00e0 Bordeaux avant d&rsquo;\u00eatre employ\u00e9 jusqu&rsquo;en  d\u00e9cembre dernier par la mairie de B\u00e8gles, pr\u00e8s de Bordeaux, en qualit\u00e9  de jardinier municipal: <em>\u00ab\u00a0Il fallait que j&rsquo;en passe par-l\u00e0. Mais \u00e7a fait du bien quand \u00e7a s&rsquo;arr\u00eate. Pour moi la lutte est une source de joie\u00a0\u00bb<\/em>. (<a title=\"http:\/\/www.larepubliquedespyrenees.fr\/2010\/09\/02\/vallee-d-aspe-le-wagon-part-les-problemes-restent,153284.php\" href=\"http:\/\/www.larepubliquedespyrenees.fr\/2010\/09\/02\/vallee-d-aspe-le-wagon-part-les-problemes-restent,153284.php\" target=\"_blank\">La R\u00e9publique des Pyr\u00e9n\u00e9es<\/a>)<\/p>\n<p>Et la lutte ne semble pas pr\u00eate de finir. D\u00e9but octobre 2010, <a title=\"http:\/\/www.larepubliquedespyrenees.fr\/2010\/10\/05\/l-indien-petetin-sort-les-peintures-de-guerre,159244.php\" href=\"http:\/\/www.larepubliquedespyrenees.fr\/2010\/10\/05\/l-indien-petetin-sort-les-peintures-de-guerre,159244.php\" target=\"_blank\">\u00abl&rsquo;Indien\u00bb Petetin sort les peintures de guerre<\/a> et tague sur le muret en b\u00e9ton mat\u00e9rialisant la fin de la d\u00e9viation de Bedous: \u00ab\u00a0Aspe 6-7-8 juillet 2012. No pasaran !\u00a0\u00bb ainsi que des slogans affichant le primat du rail sur la route: \u00ab\u00a0E7 Non, Canfranc Oui !\u00a0\u00bb Eric Petetin s&rsquo;est vu \u00e0 cette occasion confisquer son mat\u00e9riel et va faire l&rsquo;objet une nouvelle fois de poursuites pour d\u00e9t\u00e9rioration de biens publics.<\/p>\n<p>D\u00e9but d\u00e9cembre 2010, Eric Petetin tente d&rsquo;installer devant la  pr\u00e9fecture des  Pyr\u00e9n\u00e9es-Atlantiques des pancartes comportant plusieurs inscriptions peu  flatteuses pour le pr\u00e9sident Nicolas Sarkozy et le pr\u00e9fet des  Pyr\u00e9n\u00e9es-Atlantiques. A la m\u00eame p\u00e9riode,\u00a0 il  \u00e9tait aux c\u00f4t\u00e9s des opposants \u00e0 l&rsquo;A65, l&rsquo;autoroute Pau-Langon. Petetin, le retour?<\/p>\n<p><img decoding=\"async\" loading=\"lazy\" title=\"eric-petetin\" src=\"http:\/\/carfree.fr\/images\/eric-petetin1.jpg\" alt=\"\" width=\"420\" height=\"200\" \/><\/p>\n<p><strong>Nouvelle proc\u00e9dure d&rsquo;expulsion<\/strong><\/p>\n<p>En fin d&rsquo;ann\u00e9e 2010, il r\u00e9appara\u00eet ainsi dans le paysage de la Vall\u00e9e d&rsquo;Aspe, en particulier en r\u00e9occupant le b\u00e2timent d\u00e9saffect\u00e9 de la Goutte d&rsquo;eau. Il a trouv\u00e9 les lieux \u00ab\u00a0rendus volontairement inhabitables\u00a0\u00bb, sans fen\u00eatres, sans eau ni  \u00e9lectricit\u00e9. Il s&#8217;emploie depuis sa r\u00e9installation \u00e0 des travaux de  remise en \u00e9tat, en compagnie de trois amis venus le rejoindre.<\/p>\n<p>A 57 ans, Eric Petetin s&rsquo;est-il \u00ab\u00a0calm\u00e9\u00a0\u00bb? Le 6 septembre dernier, il expliquait \u00e0 la <a title=\"http:\/\/www.larepubliquedespyrenees.fr\/2010\/09\/06\/eric-petetin-revient-apres-10-annees-de-tenebres,153847.php\" href=\"http:\/\/www.larepubliquedespyrenees.fr\/2010\/09\/06\/eric-petetin-revient-apres-10-annees-de-tenebres,153847.php\" target=\"_blank\">R\u00e9publique des Pyr\u00e9n\u00e9es<\/a> ses projets actuels: \u00ab\u00a0<em>Je suis un militant tout aussi d\u00e9termin\u00e9 qu&rsquo;avant. La situation empire,  tout le monde le sait. La d\u00e9forestation continue, la pollution s&rsquo;\u00e9tend.  Il faut sauver ce joyau qu&rsquo;est la vall\u00e9e d&rsquo;Aspe. C&rsquo;est une merveille qui  pourrait nourrir des milliers de personnes. J&rsquo;aimerais contribuer au  repeuplement de nos vall\u00e9es. Je r\u00eave que des Africains ou des Am\u00e9ricains  latins viennent s&rsquo;installer dans la vall\u00e9e. Les pentes ne feront pas  peur aux paysans des Andes !<\/em>\u00a0\u00bb<\/p>\n<p>D\u00e9but f\u00e9vrier 2011, un huissier de justice est venu constater la pr\u00e9sence d&rsquo;Eric Petetin et de ses camarades. \u00ab\u00a0<em>L&rsquo;huissier du tribunal de Pau, mandat\u00e9 par R\u00e9seau ferr\u00e9 de France  (RFF), qui est propri\u00e9taire de la gare, ne nous a pas cach\u00e9 qu&rsquo;il s&rsquo;agit  du d\u00e9but d&rsquo;une proc\u00e9dure d&rsquo;expulsion<\/em>\u00ab\u00a0, a-t-il dit.<\/p>\n<p>Eric Petetin a exprim\u00e9 sa  r\u00e9solution \u00e0 rester dans les lieux qu&rsquo;il avait lui-m\u00eame baptis\u00e9 \u00ab\u00a0La  Goutte d&rsquo;eau\u00a0\u00bb. Un nouveau combat commence pour Eric Petetin.<\/p>\n<p>Si vous voulez le soutenir dans sa d\u00e9marche ou vous tenir au courant de ses p\u00e9rip\u00e9ties, on peut trouver sur cette page son adresse email et son num\u00e9ro de t\u00e9l\u00e9phone: <a title=\"http:\/\/www.forbidden-places.net\/exploration-urbaine-la-goutte-d-eau\" href=\"http:\/\/www.forbidden-places.net\/exploration-urbaine-la-goutte-d-eau\" target=\"_blank\">http:\/\/www.forbidden-places.net\/exploration-urbaine-la-goutte-d-eau<\/a><\/p>\n<p>Eric Petetin avait raison dans les ann\u00e9es 90, il a toujours raison aujourd&rsquo;hui.<\/p>\n","protected":false},"excerpt":{"rendered":"<p>Le militant \u00e9cologiste Eric Petetin est une fois de plus menac\u00e9 d&rsquo;expulsion de la Goutte d&rsquo;eau, l&rsquo;ancien QG historique de la lutte contre le tunnel du Somport. Apr\u00e8s l&rsquo;avoir d\u00e9j\u00e0 <a class=\"more-link\" href=\"https:\/\/carfree.fr\/index.php\/2011\/02\/11\/soutenons-eric-petetin\/\">Lire la suite&#8230;<\/a><\/p>\n","protected":false},"author":18,"featured_media":12096,"comment_status":"open","ping_status":"open","sticky":false,"template":"","format":"standard","meta":[],"categories":[127,73,77],"tags":[181,146,112,957,186,376,11,53,612,328,84,308,194,643,16,198,279,278,488,287,33,1262,226,921,299,220,651],"views":9656,"_links":{"self":[{"href":"https:\/\/carfree.fr\/index.php\/wp-json\/wp\/v2\/posts\/12073"}],"collection":[{"href":"https:\/\/carfree.fr\/index.php\/wp-json\/wp\/v2\/posts"}],"about":[{"href":"https:\/\/carfree.fr\/index.php\/wp-json\/wp\/v2\/types\/post"}],"author":[{"embeddable":true,"href":"https:\/\/carfree.fr\/index.php\/wp-json\/wp\/v2\/users\/18"}],"replies":[{"embeddable":true,"href":"https:\/\/carfree.fr\/index.php\/wp-json\/wp\/v2\/comments?post=12073"}],"version-history":[{"count":0,"href":"https:\/\/carfree.fr\/index.php\/wp-json\/wp\/v2\/posts\/12073\/revisions"}],"wp:featuredmedia":[{"embeddable":true,"href":"https:\/\/carfree.fr\/index.php\/wp-json\/"}],"wp:attachment":[{"href":"https:\/\/carfree.fr\/index.php\/wp-json\/wp\/v2\/media?parent=12073"}],"wp:term":[{"taxonomy":"category","embeddable":true,"href":"https:\/\/carfree.fr\/index.php\/wp-json\/wp\/v2\/categories?post=12073"},{"taxonomy":"post_tag","embeddable":true,"href":"https:\/\/carfree.fr\/index.php\/wp-json\/wp\/v2\/tags?post=12073"}],"curies":[{"name":"wp","href":"https:\/\/api.w.org\/{rel}","templated":true}]}}