{"id":12104,"date":"2011-02-12T14:01:40","date_gmt":"2011-02-12T13:01:40","guid":{"rendered":"http:\/\/carfree.fr\/?p=12104"},"modified":"2021-02-18T10:28:11","modified_gmt":"2021-02-18T09:28:11","slug":"vers-le-30kmh-generalise-en-ville","status":"publish","type":"post","link":"https:\/\/carfree.fr\/index.php\/2011\/02\/12\/vers-le-30kmh-generalise-en-ville\/","title":{"rendered":"Vers le 30km\/h g\u00e9n\u00e9ralis\u00e9 en ville"},"content":{"rendered":"<p><img decoding=\"async\" loading=\"lazy\" title=\"strasbourg-30-kmh\" src=\"http:\/\/carfree.fr\/images\/strasbourg-30-kmh.jpg\" alt=\"\" width=\"420\" height=\"200\" \/><\/p>\n<p>La ville aux pi\u00e9tons d&rsquo;abord! Comme Roland Ries \u00e0 Strasbourg, beaucoup de villes prennent l&rsquo;affaire en main. <!--more--><\/p>\n<p>La question ne fait m\u00eame plus d\u00e9bat: le 30 km\/h en ville va devenir une g\u00e9n\u00e9ralit\u00e9 dans la plupart des villes fran\u00e7aises&#8230;et le 50 km\/h deviendra une exception.<\/p>\n<p>Et encore, cette mesure est d\u00e9j\u00e0 battue en br\u00e8che par nos voisins comme \u00e0 B\u00e2le (Suisse) o\u00f9 c&rsquo;est m\u00eame 20 km\/h seulement.<\/p>\n<p>Contraindre l&rsquo;automobiliste \u00e0 baisser sa vitesse ne devrait pas \u00eatre difficile d\u00e8s lors que cette vitesse est d\u00e9j\u00e0 obtenue en moyenne en circulation urbaine normale.<\/p>\n<p>Et pour les transports en commun, la vitesse dite \u00ab\u00a0commerciale\u00a0\u00bb est encore inf\u00e9rieure.<\/p>\n<p>Il est vrai que les mentalit\u00e9s \u00e9voluent \u00e0 grands pas depuis que les questions environnementales sont devenues des enjeux de soci\u00e9t\u00e9 et de sant\u00e9 publique.<\/p>\n<p>C&rsquo;est qu&rsquo;il ne suffit pas de poster un v\u00e9hicule <a title=\"http:\/\/www.atmo-alsace.net\/site\/Accueil-2.html\" href=\"http:\/\/www.atmo-alsace.net\/site\/Accueil-2.html\" target=\"_blank\">ASPA<\/a> de mesures de la pollution aux portes de la ville pour se donner bonne conscience: il faut maintenant passer \u00e0 la phase pratique, celle de la r\u00e9duction des nuisances.<\/p>\n<p>Premier agent en cause, la circulation des v\u00e9hicules en ville.<\/p>\n<p>R\u00e9duisons donc la vitesse afin que les irr\u00e9ductibles passent \u00e0 autre chose de moins polluant.<\/p>\n<p>Mais r\u00e9duire la vitesse n&rsquo;est pas suffisant en soi: il faut aussi d&rsquo;autres mesures plus contraignantes comme la limitation des places de parking, la hausse des co\u00fbts de parcm\u00e8tres et des vignettes antipollution payantes pour acc\u00e9der aux centres urbains.<\/p>\n<p>Organiser des itin\u00e9raires dissuadant les automobilistes de venir en ville avec leur voiture, c&rsquo;est aussi un bon moyen de diminuer les flux tout en ne permettant pas de se garer. Sauf pour les riverains!<\/p>\n<p>La ville de Mulhouse ne semble pas encore avoir compris l&rsquo;\u00e9vidence, elle s&rsquo;appr\u00eate \u00e0 modifier son plan de circulation afin de permettre aux voitures d&rsquo;acc\u00e9der \u00e0 l&rsquo;hyper-centre et \u00e0 donner \u00e0 nouveau le tr\u00e8s mauvais exemple en invitant le prochain Rallye de France.<\/p>\n<p>On pourra utilement se documenter sur le site <a title=\"http:\/\/ville30.org\/\" href=\"http:\/\/ville30.org\/\" target=\"_blank\">Ville30.org<\/a><\/p>\n","protected":false},"excerpt":{"rendered":"<p>La ville aux pi\u00e9tons d&rsquo;abord! Comme Roland Ries \u00e0 Strasbourg, beaucoup de villes prennent l&rsquo;affaire en main.<\/p>\n","protected":false},"author":195,"featured_media":12105,"comment_status":"open","ping_status":"open","sticky":false,"template":"","format":"standard","meta":[],"categories":[4,73,9,7],"tags":[135,556,101,133,105,1664,34,144,549,445],"views":7802,"_links":{"self":[{"href":"https:\/\/carfree.fr\/index.php\/wp-json\/wp\/v2\/posts\/12104"}],"collection":[{"href":"https:\/\/carfree.fr\/index.php\/wp-json\/wp\/v2\/posts"}],"about":[{"href":"https:\/\/carfree.fr\/index.php\/wp-json\/wp\/v2\/types\/post"}],"author":[{"embeddable":true,"href":"https:\/\/carfree.fr\/index.php\/wp-json\/wp\/v2\/users\/195"}],"replies":[{"embeddable":true,"href":"https:\/\/carfree.fr\/index.php\/wp-json\/wp\/v2\/comments?post=12104"}],"version-history":[{"count":0,"href":"https:\/\/carfree.fr\/index.php\/wp-json\/wp\/v2\/posts\/12104\/revisions"}],"wp:featuredmedia":[{"embeddable":true,"href":"https:\/\/carfree.fr\/index.php\/wp-json\/"}],"wp:attachment":[{"href":"https:\/\/carfree.fr\/index.php\/wp-json\/wp\/v2\/media?parent=12104"}],"wp:term":[{"taxonomy":"category","embeddable":true,"href":"https:\/\/carfree.fr\/index.php\/wp-json\/wp\/v2\/categories?post=12104"},{"taxonomy":"post_tag","embeddable":true,"href":"https:\/\/carfree.fr\/index.php\/wp-json\/wp\/v2\/tags?post=12104"}],"curies":[{"name":"wp","href":"https:\/\/api.w.org\/{rel}","templated":true}]}}