{"id":12155,"date":"2011-02-18T09:30:43","date_gmt":"2011-02-18T08:30:43","guid":{"rendered":"http:\/\/carfree.fr\/?p=12155"},"modified":"2021-02-18T10:25:51","modified_gmt":"2021-02-18T09:25:51","slug":"novlangue-en-douce-sarkozie","status":"publish","type":"post","link":"https:\/\/carfree.fr\/index.php\/2011\/02\/18\/novlangue-en-douce-sarkozie\/","title":{"rendered":"Novlangue en douce Sarkozie"},"content":{"rendered":"<p><img decoding=\"async\" loading=\"lazy\" title=\"SARKOVELO\" src=\"http:\/\/carfree.fr\/images\/SARKOVELO.jpg\" alt=\"\" width=\"420\" height=\"200\" \/><\/p>\n<p>Nous aussi, en Cycl\u00e9die (le pays des cyclos de la douce France), nous avons notre novlangue. Elle s&rsquo;appelle sarkolangue. C&rsquo;est un vocabulaire des affaires un peu abstrait mais bien compris dans les hautes sph\u00e8res. <!--more--><\/p>\n<p>Un de nos confr\u00e8res cyclistes, <a rel=\"nofollow\" href=\"http:\/\/forum.velotaf.com\/topic\/6297-contre-les-voitures-garees-sur-les-pistes-cyclables\/page__st__340\" target=\"_blank\">Christian<\/a>, du Finist\u00e8re, en a eu marre des voitures gar\u00e9es sur les pistes cyclables.<\/p>\n<p>Il a d\u00e9cid\u00e9 d&rsquo;\u00e9crire \u00e0 son maire en utilisant la sarkolangue apr\u00e8s trois pr\u00e9c\u00e9dents courriers sans r\u00e9ponses.<\/p>\n<p>Une langue qui a vocation a \u00eatre comprise au-del\u00e0 m\u00eame de nos fronti\u00e8res. Au Mexique, par exemple, ainsi qu&rsquo;en Afrique&#8230;<\/p>\n<p><em>\u00ab\u00a0Moi, j&rsquo; vais vous dire, ce midi, qu&rsquo; est ce que j&rsquo; m&rsquo; aper\u00e7ois ? Y&rsquo; avait encore des voitures gar\u00e9es sur la piste cyclab&rsquo; rue de xxxx. Si y&rsquo;en a que \u00e7a les d\u00e9mange de s&rsquo;garer \u00e0 cet endroit, moi, chuis pas d&rsquo; accord. Qu&rsquo;est-ce que vous auriez fait \u00e0 ma place, hein ? Je leur z&rsquo;ai dit : \u00ab Casse-toi pauv&rsquo; con \u00bb comme on dit \u00e0 Paris, et \u00ab Descends un peu ! Si t&rsquo;as que&#8230; Si tu crois que&#8230; Si tu crois que&#8230; Si tu crois qu&rsquo; c&rsquo;est en insultant qu&rsquo; tu vas r\u00e9gler le probl\u00e8me des [cyclistes], et ben peu, permets moi d&rsquo;te dire, permets moi&#8230; peu, peu&#8230; tchu, tchu&#8230; tcheu, tcheu&#8230; Eh ben viens!\u00bb comme on dit au Guilvinec.<br \/>\nJe vais parler de cette affaire \u00e0 mon ami Brice, \u00e7ui qu&rsquo;est si marrant avec ses blagues sur les auvergnats et qui d\u00e9fend les policiers qui envoient les innocents en prison. Et pour k&rsquo;\u00e7a bouge, s&rsquo;y faut, j&rsquo;vais nommer mon fils Jean, qui est si intelligent, maire de xxxxx, Carla piste cyclab&rsquo;, c&rsquo;est du s\u00e9rieux !<br \/>\nToutes fa\u00e7ons, y a pu d&rsquo;esprit civique depuis que les instits font pas leur boulot. Mais franch&rsquo;ment, on s&rsquo;demande c&rsquo;est \u00e0 quoi \u00e7a leur a servi toutes ces ann\u00e9es d&rsquo;\u00e9tudes ! Heureus&rsquo;ment qu&rsquo;y reste la religion : l&rsquo;instituteur ne pourra jamais remplacer le cur\u00e9 ou le pasteur.<br \/>\nAlors, moi j&rsquo;vais vous dire, ceusses qui sont \u00e0 v\u00e9lo, y z&rsquo;ont pas \u00e0 contourner les voitures mal gar\u00e9es ! Parce que, le contournement, l&rsquo;environnement, tout \u00e7\u00e0, \u00e7\u00e0 commence \u00e0 bien faire !<br \/>\nMonsieur le maire, je vous le dis avec mes mots \u00e0 moi, car c&rsquo; est quand m\u00eame agr\u00e9able de voir des hauts fonctionnaires \u00e0 qui vous comprenez quand y parlent.<\/em>\u00a0\u00bb<\/p>\n<p>On ne sait pas si ce nouveau volap\u00fck saura retenir l&rsquo;attention de l&rsquo;\u00e9lu&#8230;<\/p>\n","protected":false},"excerpt":{"rendered":"<p>Nous aussi, en Cycl\u00e9die (le pays des cyclos de la douce France), nous avons notre novlangue. Elle s&rsquo;appelle sarkolangue. C&rsquo;est un vocabulaire des affaires un peu abstrait mais bien compris <a class=\"more-link\" href=\"https:\/\/carfree.fr\/index.php\/2011\/02\/18\/novlangue-en-douce-sarkozie\/\">Lire la suite&#8230;<\/a><\/p>\n","protected":false},"author":195,"featured_media":12156,"comment_status":"open","ping_status":"open","sticky":false,"template":"","format":"standard","meta":[],"categories":[4,7],"tags":[646,16,846,743,287,506,412,215,1664],"views":5063,"_links":{"self":[{"href":"https:\/\/carfree.fr\/index.php\/wp-json\/wp\/v2\/posts\/12155"}],"collection":[{"href":"https:\/\/carfree.fr\/index.php\/wp-json\/wp\/v2\/posts"}],"about":[{"href":"https:\/\/carfree.fr\/index.php\/wp-json\/wp\/v2\/types\/post"}],"author":[{"embeddable":true,"href":"https:\/\/carfree.fr\/index.php\/wp-json\/wp\/v2\/users\/195"}],"replies":[{"embeddable":true,"href":"https:\/\/carfree.fr\/index.php\/wp-json\/wp\/v2\/comments?post=12155"}],"version-history":[{"count":0,"href":"https:\/\/carfree.fr\/index.php\/wp-json\/wp\/v2\/posts\/12155\/revisions"}],"wp:featuredmedia":[{"embeddable":true,"href":"https:\/\/carfree.fr\/index.php\/wp-json\/"}],"wp:attachment":[{"href":"https:\/\/carfree.fr\/index.php\/wp-json\/wp\/v2\/media?parent=12155"}],"wp:term":[{"taxonomy":"category","embeddable":true,"href":"https:\/\/carfree.fr\/index.php\/wp-json\/wp\/v2\/categories?post=12155"},{"taxonomy":"post_tag","embeddable":true,"href":"https:\/\/carfree.fr\/index.php\/wp-json\/wp\/v2\/tags?post=12155"}],"curies":[{"name":"wp","href":"https:\/\/api.w.org\/{rel}","templated":true}]}}