{"id":12166,"date":"2011-02-16T22:09:33","date_gmt":"2011-02-16T21:09:33","guid":{"rendered":"http:\/\/carfree.fr\/?p=12166"},"modified":"2016-05-27T15:36:38","modified_gmt":"2016-05-27T14:36:38","slug":"petrol-addict-se-rejoindre-et-se-mobiliser-ensemble-le-19-fevrier","status":"publish","type":"post","link":"https:\/\/carfree.fr\/index.php\/2011\/02\/16\/petrol-addict-se-rejoindre-et-se-mobiliser-ensemble-le-19-fevrier\/","title":{"rendered":"Petrol Addict : se rejoindre et se mobiliser ensemble le 19 f\u00e9vrier"},"content":{"rendered":"<p><img decoding=\"async\" loading=\"lazy\" title=\"petrol-adict\" src=\"http:\/\/carfree.fr\/images\/petrol-adict.jpg\" alt=\"\" width=\"420\" height=\"200\" \/><\/p>\n<p>Qu\u2019on le veuille ou non le p\u00e9trole fait partie de notre quotidien.  M\u00eame en agissant \u00e0 notre \u00e9chelle, et malgr\u00e9 tous nos efforts, nous  sommes tous, pour l\u2019heure, des \u00ab\u00a0Petrol addict\u00a0\u00bb. <!--more--><\/p>\n<p>Les transports, et les voitures notamment, sont bien loin d\u2019\u00eatre le  seul poste de consommation de p\u00e9trole\u00a0: entre 1859 et 1968, l\u2019humanit\u00e9 a  consomm\u00e9 200 milliards de barils de p\u00e9trole. Aujourd\u2019hui, elle consomme  plus de 30 milliards de barils par an (c\u2019est-\u00e0-dire 13 milliard de  litres par jour !!). Pourquoi\u00a0? Parce que le p\u00e9trole a envahi notre  quotidien\u00a0: prendre un bain par jour pendant un an  \u00e9quivaut ainsi \u00e0  1180 litres de p\u00e9trole, la production d\u2019un matelas futon double en coton  120 litres de p\u00e9trole (<a title=\"http:\/\/www.linternaute.com\/actualite\/savoir\/07\/petrole-yaourt\/9.shtml\" href=\"http:\/\/www.linternaute.com\/actualite\/savoir\/07\/petrole-yaourt\/9.shtml\" target=\"_blank\">voir le dossier complet sur le site de l\u2019internaute<\/a>).<\/p>\n<p>Les citoyens sont compl\u00e8tement d\u00e9munis face \u00e0 cette d\u00e9pendance de nos  soci\u00e9t\u00e9s au p\u00e9trole, et les p\u00e9troliers entretiennent cette addiction.  Aux accusations multiples dont ils sont l\u2019objet, ils r\u00e9pondent toujours  par l\u2019argument cynique et imparable : \u00ab\u00a0<em>Nous ne faisons que r\u00e9pondre \u00e0 la demande<\/em>\u00ab\u00a0.  Ils se d\u00e9douanent de toute responsabilit\u00e9, et les responsables  politiques laissent faire au lieu d\u2019impulser un changement radical et  in\u00e9luctable<\/p>\n<p><strong>Ce samedi 19 f\u00e9vrier, rejoignons nous pour exprimer notre  ras-le-bol, montrer notre d\u00e9sir de voir les \u00e9tats, les industriels nous  proposer des alternatives\u00a0! <\/strong><br \/>\n<strong><br \/>\nCette journ\u00e9e Petrol Addict aura lieu le samedi 19 f\u00e9vrier dans 24  villes. Le pari? Venir \u00e0 ces rassemblements sans utiliser une seule  goutte de p\u00e9trole\u00a0! Difficile\u00a0? Impossible\u00a0? Justement, il faut que nous  ayons le choix\u00a0! <\/strong><\/p>\n<p>Voici l\u2019ensemble des rdv qui sont propos\u00e9s, dans toute la France\u00a0:<\/p>\n<ul>\n<li>Avignon \u00e0 14h Place des Corps Saints<\/li>\n<li>Brest  \u00e0 10h30 March\u00e9 de K\u00e9rinou<\/li>\n<li>Bordeaux \u00e0 14H Grand Th\u00e9atre de Bordeaux Place de la Com\u00e9die<\/li>\n<li>Chambery \u00e0 10h30 Place du March\u00e9<\/li>\n<li>Cherbourg \u00e0 11h place Centrale<\/li>\n<li>Clermont-Ferrand \u00e0 14h Place de Jaude<\/li>\n<li>Dijon \u00e0 14h Place Fran\u00e7ois Rude<\/li>\n<li>Grenoble \u00e0 15h fontaine de la place Grenette<\/li>\n<li>Lille \u00e0 11h march\u00e9 S\u00e9bastopol<\/li>\n<li>Lyon \u00e0 14h place de la Croix-Rousse<\/li>\n<li>Perpignan \u00e0 14h30 Place Arago<\/li>\n<li>Marseille \u00e0 11h Vieux Port, cot\u00e9 quai des belges<\/li>\n<li>Montpellier \u00e0 14h Place de la Com\u00e9die<\/li>\n<li>Nancy \u00e0 10h Place Maginot<\/li>\n<li>Nantes \u00e0 15h Place Royale<\/li>\n<li>Nice \u00e0 14h Place Garibaldi<\/li>\n<li>Paris \u00e0 14h30 place Stravinsky<\/li>\n<li>Pau \u00e0 14h30 Place Cl\u00e9menceau<\/li>\n<li>Poitiers \u00e0 14h Place Notre Dame<\/li>\n<li>Rennes \u00e0 14h place du Colombier<\/li>\n<li>Rouen \u00e0 11h place du March\u00e9 Saint Marc<\/li>\n<li>Strasbourg \u00e0 11h place Kleber<\/li>\n<li>Toulouse \u00e0 14h30 All\u00e9es du Pdt Franklin Roosevelt (Place Wilson)<\/li>\n<li>Vall\u00e9e de Chevreuse \u00e0 10h30 march\u00e9 de St R\u00e9my l\u00e8s Chevreuse<\/li>\n<\/ul>\n<p><strong>Rejoignons tous les Petrol Addict via le site www.vivement-la-desintox.com, les r\u00e9seaux sociaux mais aussi dans la rue\u00a0!<\/strong><\/p>\n","protected":false},"excerpt":{"rendered":"<p>Qu\u2019on le veuille ou non le p\u00e9trole fait partie de notre quotidien. M\u00eame en agissant \u00e0 notre \u00e9chelle, et malgr\u00e9 tous nos efforts, nous sommes tous, pour l\u2019heure, des \u00ab\u00a0Petrol <a class=\"more-link\" href=\"https:\/\/carfree.fr\/index.php\/2011\/02\/16\/petrol-addict-se-rejoindre-et-se-mobiliser-ensemble-le-19-fevrier\/\">Lire la suite&#8230;<\/a><\/p>\n","protected":false},"author":178,"featured_media":12167,"comment_status":"open","ping_status":"open","sticky":false,"template":"","format":"standard","meta":[],"categories":[4,73,6,124],"tags":[181,62,450,186,568,478,661,456,57,132,485,288,333,81,331,158,204,335,342,332,383,106,488,571,45,154,444,1669,334,337,133,218],"views":7389,"_links":{"self":[{"href":"https:\/\/carfree.fr\/index.php\/wp-json\/wp\/v2\/posts\/12166"}],"collection":[{"href":"https:\/\/carfree.fr\/index.php\/wp-json\/wp\/v2\/posts"}],"about":[{"href":"https:\/\/carfree.fr\/index.php\/wp-json\/wp\/v2\/types\/post"}],"author":[{"embeddable":true,"href":"https:\/\/carfree.fr\/index.php\/wp-json\/wp\/v2\/users\/178"}],"replies":[{"embeddable":true,"href":"https:\/\/carfree.fr\/index.php\/wp-json\/wp\/v2\/comments?post=12166"}],"version-history":[{"count":0,"href":"https:\/\/carfree.fr\/index.php\/wp-json\/wp\/v2\/posts\/12166\/revisions"}],"wp:featuredmedia":[{"embeddable":true,"href":"https:\/\/carfree.fr\/index.php\/wp-json\/"}],"wp:attachment":[{"href":"https:\/\/carfree.fr\/index.php\/wp-json\/wp\/v2\/media?parent=12166"}],"wp:term":[{"taxonomy":"category","embeddable":true,"href":"https:\/\/carfree.fr\/index.php\/wp-json\/wp\/v2\/categories?post=12166"},{"taxonomy":"post_tag","embeddable":true,"href":"https:\/\/carfree.fr\/index.php\/wp-json\/wp\/v2\/tags?post=12166"}],"curies":[{"name":"wp","href":"https:\/\/api.w.org\/{rel}","templated":true}]}}