{"id":12438,"date":"2011-03-08T15:05:33","date_gmt":"2011-03-08T14:05:33","guid":{"rendered":"http:\/\/carfree.fr\/?p=12438"},"modified":"2020-08-15T16:30:54","modified_gmt":"2020-08-15T15:30:54","slug":"aphekom-une-etude-europeenne-qui-montre-que-la-pollution-automobile-tue","status":"publish","type":"post","link":"https:\/\/carfree.fr\/index.php\/2011\/03\/08\/aphekom-une-etude-europeenne-qui-montre-que-la-pollution-automobile-tue\/","title":{"rendered":"Aphekom: une \u00e9tude europ\u00e9enne qui montre que la pollution automobile tue"},"content":{"rendered":"<p><img decoding=\"async\" loading=\"lazy\" title=\"aphekom\" src=\"http:\/\/carfree.fr\/images\/aphekom1.jpg\" alt=\"\" width=\"420\" height=\"200\" \/><\/p>\n<p>Le projet europ\u00e9en Aphekom coordonn\u00e9 par l&rsquo;Institut de veille sanitaire a rendu ses r\u00e9sultats \u00e0 l&rsquo;issue de trois ann\u00e9es de travaux. Il conclut notamment qu&rsquo;une diminution des niveaux de particules fines dans l&rsquo;air des villes europ\u00e9ennes entra\u00eenerait un b\u00e9n\u00e9fice non n\u00e9gligeable en termes d&rsquo;augmentation de l&rsquo;esp\u00e9rance de vie et de r\u00e9duction des co\u00fbts pour la sant\u00e9 et que habiter \u00e0 proximit\u00e9 du trafic routier augmente sensiblement la morbidit\u00e9 attribuable \u00e0 la pollution atmosph\u00e9rique. <!--more--><\/p>\n<p>Coordonn\u00e9 par l&rsquo;Institut de veille sanitaire (InVS) et men\u00e9 dans 12 pays europ\u00e9ens par plus de 60 scientifiques, le projet <strong>Aphekom<\/strong>* a rendu public le 2 mars 2011 les r\u00e9sultats de trois ann\u00e9es de travaux sur les impacts sanitaires de la pollution atmosph\u00e9rique en Europe et conclut :<br \/>\n&#8211; diminuer davantage les niveaux de particules fines dans l&rsquo;air des villes europ\u00e9ennes entra\u00eenerait un b\u00e9n\u00e9fice non n\u00e9gligeable en termes d&rsquo;augmentation de l&rsquo;esp\u00e9rance de vie et de r\u00e9duction des co\u00fbts pour la sant\u00e9 ;<br \/>\n&#8211; habiter \u00e0 proximit\u00e9 du trafic routier augmente sensiblement la morbidit\u00e9 attribuable \u00e0 la pollution atmosph\u00e9rique.<\/p>\n<p>Les principaux enseignements du projet Aphekom sont pr\u00e9sent\u00e9s et discut\u00e9s ce jour lors de la r\u00e9union finale \u00e0 laquelle assistent de nombreux acteurs de l&rsquo;environnement et d\u00e9cideurs europ\u00e9ens.<\/p>\n<p><strong>Impact sur l&rsquo;esp\u00e9rance de vie et les d\u00e9penses de sant\u00e9<\/strong><\/p>\n<p>En s&rsquo;appuyant sur des m\u00e9thodes classiques, l&rsquo;\u00e9valuation de l&rsquo;impact sanitaire dans 25 grandes villes europ\u00e9ennes montre que l&rsquo;esp\u00e9rance de vie pourrait augmenter jusqu&rsquo;\u00e0 22 mois pour les personnes \u00e2g\u00e9es de 30 ans et plus (en fonction de la ville et du niveau moyen de pollution), si les niveaux moyens annuels de particules fines PM2,5 \u00e9taient ramen\u00e9s au seuil de 10 microgrammes par m\u00e8tre-cube, valeur guide pr\u00e9conis\u00e9e par l&rsquo;OMS.<\/p>\n<p>D&rsquo;un point de vue \u00e9conomique, le respect de cette valeur guide se traduirait par un b\u00e9n\u00e9fice d&rsquo;environ 31,5 milliards d&rsquo;euros (diminution des d\u00e9penses de sant\u00e9, de l&rsquo;absent\u00e9isme, et des co\u00fbts associ\u00e9s \u00e0 la perte de bien-\u00eatre, de qualit\u00e9 et d&rsquo;esp\u00e9rance de vie).<\/p>\n<p><strong>Habiter \u00e0 proximit\u00e9 du trafic routier augmente sensiblement la morbidit\u00e9 attribuable \u00e0 la pollution atmosph\u00e9rique<\/strong><\/p>\n<p>A l&rsquo;aide de m\u00e9thodes innovantes, Aphekom a montr\u00e9 qu&rsquo;habiter \u00e0 proximit\u00e9 du trafic routier est un facteur majorant dans le d\u00e9veloppement de pathologies chroniques.<\/p>\n<p>Il a \u00e9t\u00e9 estim\u00e9 notamment que, dans 10 villes europ\u00e9ennes, le fait d&rsquo;habiter \u00e0 proximit\u00e9 du trafic routier pourrait \u00eatre responsable d&rsquo;environ 15 % des asthmes de l&rsquo;enfant. On pourrait retrouver des proportions similaires ou plus \u00e9lev\u00e9es de pathologies chroniques respiratoires et cardio-vasculaires fr\u00e9quentes chez les adultes de 65 ans et plus habitant \u00e0 proximit\u00e9 du trafic.<br \/>\nAu total, pour ces villes, le co\u00fbt associ\u00e9 \u00e0 ces impacts s&rsquo;\u00e9l\u00e8verait \u00e0 environ 300 millions d&rsquo;euros chaque ann\u00e9e.<\/p>\n<p><strong>Impacts pass\u00e9s et futurs des l\u00e9gislations europ\u00e9ennes<\/strong><\/p>\n<p>D&rsquo;apr\u00e8s les r\u00e9sultats d&rsquo;Aphekom, il appara\u00eet que la l\u00e9gislation europ\u00e9enne visant \u00e0 r\u00e9duire les niveaux de soufre dans les carburants s&rsquo;est traduite par une diminution marqu\u00e9e et p\u00e9renne des niveaux de dioxyde de soufre (SO2) dans l&rsquo;air ambiant. Cette mesure a permis de pr\u00e9venir pr\u00e8s de 2 200 d\u00e9c\u00e8s pr\u00e9matur\u00e9s, dont le co\u00fbt est estim\u00e9 \u00e0 192 millions d&rsquo;euros dans les 20 villes \u00e9tudi\u00e9es.<\/p>\n<p>L&rsquo;ensemble de ces r\u00e9sultats souligne que la promulgation et la mise en oeuvre de r\u00e9glementations efficaces dans le domaine de la pollution atmosph\u00e9rique se concr\u00e9tisent par des b\u00e9n\u00e9fices sanitaires et mon\u00e9taires importants. Ils montrent du m\u00eame coup l&rsquo;int\u00e9r\u00eat qu&rsquo;il y aurait \u00e0 r\u00e9guler les niveaux de pollution atmosph\u00e9rique \u00e0 proximit\u00e9 du trafic routier.<\/p>\n<p>Ces r\u00e9sultats sont particuli\u00e8rement pertinents alors que depuis 2005 diff\u00e9rents pays de l&rsquo;Union europ\u00e9enne d\u00e9passent les valeurs limites r\u00e9glementaires pour les niveaux de particules dans l&rsquo;air ambiant. De plus, la mise en oeuvre des r\u00e9glementations actuelles est \u00e0 l&rsquo;ordre du jour aux niveaux europ\u00e9en et national, et l&rsquo;Union europ\u00e9enne pr\u00e9pare pour 2013 une r\u00e9vision de la r\u00e9glementation actuelle.<\/p>\n<p><strong>Informer pour agir : l&rsquo;objectif ultime du projet Aphekom<\/strong><\/p>\n<p>Le projet Aphekom (Improving Knowledge and Communication for Decision Making on Air Pollution and Health in Europe) met ses r\u00e9sultats et ses outils \u00e0 disposition des d\u00e9cideurs pour les aider \u00e0 formuler des politiques locales, nationales et europ\u00e9ennes plus efficaces. Il apporte des \u00e9l\u00e9ments aux professionnels de sant\u00e9 pour mieux conseiller les personnes vuln\u00e9rables, ainsi qu&rsquo;\u00e0 l&rsquo;ensemble des citoyens afin qu&rsquo;ils puissent mieux prot\u00e9ger leur sant\u00e9.<\/p>\n<p><em>* Le projet Aphekom s&rsquo;est d\u00e9roul\u00e9 de juillet 2008 \u00e0 mars 2011. Il a \u00e9t\u00e9 co-financ\u00e9 par le programme europ\u00e9en d&rsquo;action communautaire dans le domaine de la sant\u00e9 publique (2003-2008) (Convention de subvention No. 2007105) et par les nombreux organismes locaux et nationaux qui ont d\u00e9di\u00e9 des ressources \u00e0 l&rsquo;accomplissement du projet. La surveillance en sant\u00e9 environnementale reste au coeur des pr\u00e9occupations de l&rsquo;Institut de veille sanitaire depuis sa cr\u00e9ation il y a 13 ans.<\/em><\/p>\n","protected":false},"excerpt":{"rendered":"<p>Le projet europ\u00e9en Aphekom coordonn\u00e9 par l&rsquo;Institut de veille sanitaire a rendu ses r\u00e9sultats \u00e0 l&rsquo;issue de trois ann\u00e9es de travaux. Il conclut notamment qu&rsquo;une diminution des niveaux de particules <a class=\"more-link\" href=\"https:\/\/carfree.fr\/index.php\/2011\/03\/08\/aphekom-une-etude-europeenne-qui-montre-que-la-pollution-automobile-tue\/\">Lire la suite&#8230;<\/a><\/p>\n","protected":false},"author":616,"featured_media":12445,"comment_status":"open","ping_status":"open","sticky":false,"template":"","format":"standard","meta":[],"categories":[1037],"tags":[594,169,804,425,578,33,211,226,320,220,34],"views":7572,"_links":{"self":[{"href":"https:\/\/carfree.fr\/index.php\/wp-json\/wp\/v2\/posts\/12438"}],"collection":[{"href":"https:\/\/carfree.fr\/index.php\/wp-json\/wp\/v2\/posts"}],"about":[{"href":"https:\/\/carfree.fr\/index.php\/wp-json\/wp\/v2\/types\/post"}],"author":[{"embeddable":true,"href":"https:\/\/carfree.fr\/index.php\/wp-json\/wp\/v2\/users\/616"}],"replies":[{"embeddable":true,"href":"https:\/\/carfree.fr\/index.php\/wp-json\/wp\/v2\/comments?post=12438"}],"version-history":[{"count":0,"href":"https:\/\/carfree.fr\/index.php\/wp-json\/wp\/v2\/posts\/12438\/revisions"}],"wp:featuredmedia":[{"embeddable":true,"href":"https:\/\/carfree.fr\/index.php\/wp-json\/"}],"wp:attachment":[{"href":"https:\/\/carfree.fr\/index.php\/wp-json\/wp\/v2\/media?parent=12438"}],"wp:term":[{"taxonomy":"category","embeddable":true,"href":"https:\/\/carfree.fr\/index.php\/wp-json\/wp\/v2\/categories?post=12438"},{"taxonomy":"post_tag","embeddable":true,"href":"https:\/\/carfree.fr\/index.php\/wp-json\/wp\/v2\/tags?post=12438"}],"curies":[{"name":"wp","href":"https:\/\/api.w.org\/{rel}","templated":true}]}}