{"id":1249,"date":"2009-01-23T11:24:47","date_gmt":"2009-01-23T10:24:47","guid":{"rendered":"http:\/\/carfree.fr\/index.php\/2009\/01\/23\/toyota-1000-suppressions-demplois-supplementaires\/"},"modified":"2014-12-18T10:13:04","modified_gmt":"2014-12-18T09:13:04","slug":"toyota-1000-suppressions-demplois-supplementaires","status":"publish","type":"post","link":"https:\/\/carfree.fr\/index.php\/2009\/01\/23\/toyota-1000-suppressions-demplois-supplementaires\/","title":{"rendered":"Toyota : 1.000 suppressions d&#8217;emplois suppl\u00e9mentaires"},"content":{"rendered":"<p>Le g\u00e9ant automobile japonais Toyota envisage de supprimer plus de 1.000 emplois en Am\u00e9rique du Nord et en Grande-Bretagne, en raison de la crise \u00e9conomique mondiale, a rapport\u00e9 vendredi le quotidien \u00e9conomique Nikkei. Le num\u00e9ro un mondial examine les moyens de r\u00e9duire le nombre de postes dans sept usines d&rsquo;Am\u00e9rique du Nord et une usine en Grande-Bretagne, et compte annoncer sa d\u00e9cision d&rsquo;ici la fin du mois, a indiqu\u00e9 le journal citant un haut dirigeant de Toyota, sans le nommer. <\/p>\n<p>Source: RTBF<\/p>\n","protected":false},"excerpt":{"rendered":"<p>Le g\u00e9ant automobile japonais Toyota envisage de supprimer plus de 1.000 emplois en Am\u00e9rique du Nord et en Grande-Bretagne, en raison de la crise \u00e9conomique mondiale, a rapport\u00e9 vendredi le <a class=\"more-link\" href=\"https:\/\/carfree.fr\/index.php\/2009\/01\/23\/toyota-1000-suppressions-demplois-supplementaires\/\">Lire la suite&#8230;<\/a><\/p>\n","protected":false},"author":60,"featured_media":0,"comment_status":"open","ping_status":"open","sticky":false,"template":"","format":"standard","meta":[],"categories":[495],"tags":[1671,395],"views":2990,"_links":{"self":[{"href":"https:\/\/carfree.fr\/index.php\/wp-json\/wp\/v2\/posts\/1249"}],"collection":[{"href":"https:\/\/carfree.fr\/index.php\/wp-json\/wp\/v2\/posts"}],"about":[{"href":"https:\/\/carfree.fr\/index.php\/wp-json\/wp\/v2\/types\/post"}],"author":[{"embeddable":true,"href":"https:\/\/carfree.fr\/index.php\/wp-json\/wp\/v2\/users\/60"}],"replies":[{"embeddable":true,"href":"https:\/\/carfree.fr\/index.php\/wp-json\/wp\/v2\/comments?post=1249"}],"version-history":[{"count":0,"href":"https:\/\/carfree.fr\/index.php\/wp-json\/wp\/v2\/posts\/1249\/revisions"}],"wp:attachment":[{"href":"https:\/\/carfree.fr\/index.php\/wp-json\/wp\/v2\/media?parent=1249"}],"wp:term":[{"taxonomy":"category","embeddable":true,"href":"https:\/\/carfree.fr\/index.php\/wp-json\/wp\/v2\/categories?post=1249"},{"taxonomy":"post_tag","embeddable":true,"href":"https:\/\/carfree.fr\/index.php\/wp-json\/wp\/v2\/tags?post=1249"}],"curies":[{"name":"wp","href":"https:\/\/api.w.org\/{rel}","templated":true}]}}