{"id":12519,"date":"2011-03-09T08:54:28","date_gmt":"2011-03-09T07:54:28","guid":{"rendered":"http:\/\/carfree.fr\/?p=12519"},"modified":"2016-05-27T14:47:13","modified_gmt":"2016-05-27T13:47:13","slug":"lettre-ouverte-au-maire-de-lyon","status":"publish","type":"post","link":"https:\/\/carfree.fr\/index.php\/2011\/03\/09\/lettre-ouverte-au-maire-de-lyon\/","title":{"rendered":"Lettre ouverte au Maire de Lyon"},"content":{"rendered":"<p><img decoding=\"async\" loading=\"lazy\" title=\"G\u00e9rard Collomb, maire de Lyon\" src=\"http:\/\/carfree.fr\/images\/gerard-collomb.jpg\" alt=\"G\u00e9rard Collomb, maire de Lyon\" width=\"420\" height=\"200\" \/><\/p>\n<p>Monsieur le Maire,<\/p>\n<p>aujourd&rsquo;hui j&rsquo;ai \u00e9t\u00e9 verbalis\u00e9. Oui oui, par la police. Oh non, je n&rsquo;avais grill\u00e9 aucun feu, grill\u00e9 aucune priorit\u00e9, menac\u00e9 personne sinon visiblement l&rsquo;ordre public. Non, en fait j&rsquo;ai roul\u00e9 sur la ligne de tramways. Ah oui, j&rsquo;oubliais de vous dire, j&rsquo;\u00e9tais en v\u00e9lo. 22 euros pour avoir circul\u00e9 sur la ligne de trams. En ces temps de pollution atmosph\u00e9rique persistante sur l&rsquo;agglom\u00e9ration lyonnaise, il aurait sans doute mieux valu que je circule en voiture, l\u00e0 au moins j&rsquo;aurais \u00e9t\u00e9 certain de trouver des voies de circulation rien que pour mon moyen de d\u00e9placement. Que voulez-vous, vous avez fait le choix de ne rien faire contre cette pollution, sinon recommander aux personnes sensibles de s&rsquo;abstenir de faire des efforts physiques, et \u00e7a passe par la verbalisation du cycliste de base. <!--more--><\/p>\n<p>Oh, je vois tr\u00e8s bien ce que vous allez penser: encore un qui r\u00e9clame qu&rsquo;on lui fasse sauter un PV. Eh bien non. Je l&rsquo;ai pay\u00e9 imm\u00e9diatement, et envoy\u00e9 \u00e0 qui de droit. Non, vous demander cela, m\u00eame si ce PV est injustifi\u00e9, pour les raisons que je vais exposer ci-dessous, cela aurait signifi\u00e9 vous \u00eatre redevable, tributaire. Or cela, je le refuse. Par contre, vous, en tant qu&rsquo;\u00e9lu du Peuple, vous \u00eates responsable devant les citoyens. En termes politiques. En termes de politiques de transports. En termes de politique de sant\u00e9 publique. Et j&rsquo;ai bien l&rsquo;intention de vous demander des comptes. Car votre politique de transports, concernant les modes de d\u00e9placement que le site de la ville nomme \u00ab\u00a0doux\u00a0\u00bb, est mauvaise. Oui, mauvaise, tout simplement. En fait, elle est clairement le fait de personnes qui n&rsquo;utilisent pas le v\u00e9lo.<\/p>\n<p>Mais laissez-moi vous montrer que votre politique est mauvaise \u00e0 partir de l&rsquo;exemple de ma verbalisation, avant de donner quelques autres exemples.<\/p>\n<p>Vivant dans le centre de Lyon, je n&rsquo;ai pas de voiture. Je ne me d\u00e9place qu&rsquo;\u00e0 pied, \u00e0 v\u00e9lo et parfois en m\u00e9tro. Cela implique quelques sacrifices, certes, mais qui valent la peine il me semble comme contribution \u00e0 la vie en commun dans la ville. Au moins j&rsquo;\u00e9vite d&rsquo;enfumer mes voisins. Je travaille pr\u00e8s du m\u00e9tro Debourg, dans le 6e arrondissement. Parfois je prends les voies sur berges (en risquant ma vie \u00e0 chaque travers\u00e9e du Pont Morand), parfois je passe par la Rue Jean Jaur\u00e8s, l&rsquo;Avenue Berthelot et les rues de la Presqu&rsquo;\u00eele. C&rsquo;est par l\u00e0 que je passais ce soir, lorsque je me suis fait arr\u00eater, sur la voie des tramways. Argument de la police: il existe des voies cyclables parall\u00e8les \u00e0 la voie des trams.<\/p>\n<p>Faisant remarquer alors que la police \u00e9tait peu pr\u00e9sente lorsque des voitures sont stationn\u00e9es sur les pistes cyclables, en particulier Cours Charlemagne, il m&rsquo;a \u00e9t\u00e9 r\u00e9pondu que seuls huit agents \u00e9taient affect\u00e9s, pour toute l&rsquo;agglom\u00e9ration, \u00e0 la circulation cycliste. Fichtre, me suis-je dit, j&rsquo;ai jou\u00e9 de malchance. Et puis je me suis tout de m\u00eame fait la remarque que huit agents, c&rsquo;\u00e9tait peu. Il me semble que ce chiffre donne en soi, dans une soci\u00e9t\u00e9 si pr\u00e9occup\u00e9e par la \u00ab\u00a0s\u00e9curit\u00e9\u00a0\u00bb toute la mesure de la politique cycliste de la ville de Lyon&#8230;<\/p>\n<p>Mas passons. Outre le fait que dans de nombreuses villes les v\u00e9los empruntent ces voies (Strasbourg, Graz pour n&rsquo;en citer que deux), outre le fait que visiblement les TCL sont fort pr\u00e9occup\u00e9es par cette circulation au point de recourir \u00e0 la police, l&rsquo;assertion de la police est fausse. Ces voies cyclistes n&rsquo;en sont pas. Ce sont de simples lignes blanches dessin\u00e9es sur le trottoir. Promenez-vous y, vous verrez. Le pi\u00e9ton, s&rsquo;il veut suivre le \u00ab\u00a0trottoir\u00a0\u00bb (hors de \u00ab\u00a0pistes cyclables\u00a0\u00bb) est forc\u00e9 d&rsquo;utiliser r\u00e9guli\u00e8rement la route, \u00e0 moins qu&rsquo;il n&rsquo;aime escalader les arbres. En fait, bien s\u00fbr, il marche sur les pistes cyclables. Ces pistes n&rsquo;en sont donc pas, elles ne font que retirer aux pi\u00e9tons un espace que visiblement l&rsquo;automobile, peu partageuse, ne veut c\u00e9der. En outre, cette piste dispara\u00eet \u00e0 un moment donn\u00e9, et il faut, selon l&rsquo;agent, soit descendre \u00e0 pied soit prendre un d\u00e9tour. J&rsquo;imagine la t\u00eate de l&rsquo;automobiliste \u00e0 qui on conseillerait de descendre de son v\u00e9hicule pour marcher&#8230; Non, avouez que c&rsquo;est idiot. Mais Lyon est assez sp\u00e9cialiste des pistes cyclables qui s&rsquo;\u00e9vanouissent, sans parler de celles dessin\u00e9es \u00e0 la va-vite sur un trottoir, s&rsquo;effa\u00e7ant lorsque, comme sur l&rsquo;avenue Jean Jaur\u00e8s, elles rencontrent un piler, une station de m\u00e9tro, des travaux, que sais-je encore&#8230;<\/p>\n<p>Vous allez dire que je m&rsquo;acharne sur cette partie de la ville. Certes. Mais rassurez-vous, j&rsquo;en ai autant \u00e0 l&rsquo;adresse des autres arrondissements. Tenez, le 1er, puisque j&rsquo;y vis. Cet \u00e9t\u00e9, le Grand Lyon (oui, \u00e7a n&rsquo;est pas la Mairie, mais vous en \u00eates aussi Pr\u00e9sident, c&rsquo;est tr\u00e8s pratique, je peux donc vous en parler en m\u00eame temps) a d\u00e9cid\u00e9 de faire dessiner sur le sol des rues des Pentes des pistes cyclables afin que les v\u00e9los puissent circuler en sens inverse. C&rsquo;est bien s\u00fbr une farce. Outre que les voitures, qui circulent souvent au-del\u00e0 des 50 km\/h r\u00e9glementaires, ne les voient pas, ces marques, les rues mesurant \u00e0 peine plus de 2m50 sont peu propices aux croisements bicyclette \/ automobile. Devinez qui se trouve r\u00e9guli\u00e8rement oblig\u00e9 de monter sur le trottoir? Non non, pas la voiture.<\/p>\n<p>Bref, cette farce n&rsquo;aurait de sens que si elle \u00e9tait un pr\u00e9lude \u00e0 une interdiction de la circulation automobile sur les Pentes, puis sur la Presqu&rsquo;\u00eele et graduellement dans la plupart des zones dens\u00e9ment habit\u00e9es. Ou alors la communication de la ville sur les \u00ab\u00a0modes de transport doux\u00a0\u00bb n&rsquo;est elle aussi qu&rsquo;une farce, un leurre. Et je pourrais multiplier les exemples.<\/p>\n<p>J&rsquo;esp\u00e8re avoir d\u00e9montr\u00e9 par ces quelques exemples que votre politique en mati\u00e8re de \u00ab\u00a0transport doux\u00a0\u00bb n&rsquo;en est pas une. Elle est une juxtaposition de mesurettes, parfois plus nocives qu&rsquo;efficaces, pour donner une coloration verte \u00e0 la politique de la ville. Lyon reste une ville faite presque exclusivement pour les voitures.<\/p>\n<p>Je sollicite donc un rendez-vous avec vous pour conna\u00eetre vos intentions politiques sur le futur de votre politique cycliste, en compagnie bien s\u00fbr des responsables des associations de cyclistes de la ville de Lyon.<\/p>\n<p>Veuillez agr\u00e9er, Monsieur le Maire, l&rsquo;expression de mes salutations distingu\u00e9es,<\/p>\n<p>James Costa<\/p>\n","protected":false},"excerpt":{"rendered":"<p>Monsieur le Maire, aujourd&rsquo;hui j&rsquo;ai \u00e9t\u00e9 verbalis\u00e9. Oui oui, par la police. Oh non, je n&rsquo;avais grill\u00e9 aucun feu, grill\u00e9 aucune priorit\u00e9, menac\u00e9 personne sinon visiblement l&rsquo;ordre public. Non, en <a class=\"more-link\" href=\"https:\/\/carfree.fr\/index.php\/2011\/03\/09\/lettre-ouverte-au-maire-de-lyon\/\">Lire la suite&#8230;<\/a><\/p>\n","protected":false},"author":288,"featured_media":12521,"comment_status":"open","ping_status":"open","sticky":false,"template":"","format":"standard","meta":[],"categories":[4,8,7],"tags":[146,110,11,646,754,158,743,287,33,293,151,220,248,131,1664],"views":9088,"_links":{"self":[{"href":"https:\/\/carfree.fr\/index.php\/wp-json\/wp\/v2\/posts\/12519"}],"collection":[{"href":"https:\/\/carfree.fr\/index.php\/wp-json\/wp\/v2\/posts"}],"about":[{"href":"https:\/\/carfree.fr\/index.php\/wp-json\/wp\/v2\/types\/post"}],"author":[{"embeddable":true,"href":"https:\/\/carfree.fr\/index.php\/wp-json\/wp\/v2\/users\/288"}],"replies":[{"embeddable":true,"href":"https:\/\/carfree.fr\/index.php\/wp-json\/wp\/v2\/comments?post=12519"}],"version-history":[{"count":0,"href":"https:\/\/carfree.fr\/index.php\/wp-json\/wp\/v2\/posts\/12519\/revisions"}],"wp:featuredmedia":[{"embeddable":true,"href":"https:\/\/carfree.fr\/index.php\/wp-json\/"}],"wp:attachment":[{"href":"https:\/\/carfree.fr\/index.php\/wp-json\/wp\/v2\/media?parent=12519"}],"wp:term":[{"taxonomy":"category","embeddable":true,"href":"https:\/\/carfree.fr\/index.php\/wp-json\/wp\/v2\/categories?post=12519"},{"taxonomy":"post_tag","embeddable":true,"href":"https:\/\/carfree.fr\/index.php\/wp-json\/wp\/v2\/tags?post=12519"}],"curies":[{"name":"wp","href":"https:\/\/api.w.org\/{rel}","templated":true}]}}