{"id":1253,"date":"2009-01-25T11:26:37","date_gmt":"2009-01-25T10:26:37","guid":{"rendered":"http:\/\/carfree.fr\/index.php\/2009\/01\/25\/la-croisiere-blanche-condamnee-par-les-juges\/"},"modified":"2019-01-23T08:38:07","modified_gmt":"2019-01-23T07:38:07","slug":"la-croisiere-blanche-condamnee-par-les-juges","status":"publish","type":"post","link":"https:\/\/carfree.fr\/index.php\/2009\/01\/25\/la-croisiere-blanche-condamnee-par-les-juges\/","title":{"rendered":"La Croisi\u00e8re Blanche condamn\u00e9e par les Juges"},"content":{"rendered":"<p class=\"spip\" align=\"justify\">Lass\u00e9es par les trop nombreuses sollicitations rest\u00e9es lettres mortes qu\u2019elles engagent depuis des ann\u00e9es aupr\u00e8s des pouvoirs publics locaux afin que soit supprim\u00e9e l\u2019organisation de la Croisi\u00e8re Blanche au sein du Parc national des Ecrins, les associations ont d\u00e9cid\u00e9 de s\u2019en remettre \u00e0 la justice. <!--more--><\/p>\n<p class=\"spip\" align=\"justify\">Aussi, par un jugement du 24 Octobre 2008, le Tribunal de Police de Gap a condamn\u00e9 les organisateurs de la Croisi\u00e8re Blanche pour l\u2019un des motifs d\u00e9nonc\u00e9 depuis toujours par nos associations\u00a0; le non respect, par ses b\u00e9n\u00e9ficiaires et organisateurs, des conditions impos\u00e9es par l\u2019autorisation pr\u00e9alable \u00e0 la manifestation et octroy\u00e9e par la Pr\u00e9fecture. En l\u2019occurrence, de nombreux participants ont \u00e9t\u00e9 surpris lors des \u00e9ditions 2007 et 2008 de la Croisi\u00e8re Blanche \u00e0 s\u2019engager dans des espaces naturels non autoris\u00e9s. Cela a donn\u00e9 lieu \u00e0 des proc\u00e8s verbaux et \u00e0 des constats d\u2019huissier menant \u00e0 la condamnation des organisateurs.<\/p>\n<p class=\"spip\" align=\"justify\">Cette victoire ne s\u2019arr\u00eate pas l\u00e0 puisque par un jugement en date du 23 D\u00e9cembre 2008, le Tribunal Administratif de Marseille a, \u00e0 la demande de l\u2019association Mountain Wilderness, prononc\u00e9 l\u2019annulation de l\u2019arr\u00eat\u00e9 d\u2019autorisation pr\u00e9fectorale accord\u00e9e aux Grands Randonneurs Motoris\u00e9s pour la Croisi\u00e8re Blanche 2006. Mickael Bouillin, le juriste b\u00e9n\u00e9vole de l\u2019association Mountain Wilderness, pr\u00e9cise que \u00ab\u00a0le juge administratif a rappel\u00e9 aux autorit\u00e9s comp\u00e9tentes le principe g\u00e9n\u00e9ral que pose la loi Lalonde de 1991 \u00e0 savoir l\u2019interdiction de circuler en v\u00e9hicule \u00e0 moteur dans les espaces naturels. Cette position ne pouvait qu\u2019\u00eatre confort\u00e9e par l\u2019int\u00e9r\u00eat du site qui, rappelons-le, abrite de nombreuses esp\u00e8ces prot\u00e9g\u00e9es (dont le T\u00e9tras Lyre), des sites d\u2019int\u00e9r\u00eat communautaire, un nombre important de ZNIEFF et qui constitue la zone p\u00e9riph\u00e9rique du Parc national des Ecrins.\u00a0\u00bb<\/p>\n<p class=\"spip\" align=\"justify\">Cette d\u00e9cision essentielle a pour objet d\u2019interpeller la Pr\u00e9fecture s\u2019agissant de l\u2019ill\u00e9galit\u00e9 des autorisations qu\u2019elle accorde chaque ann\u00e9e aux Grands Randonneurs Motoris\u00e9s et pr\u00e9cise que cette manifestation, en raison de son importance m\u00eame, n\u2019est pas compatible avec l\u2019exigence de protection des espaces naturels sensibles dont la charge incombe \u00e0 l\u2019administration\u00a0; pr\u00e9fectorale y compris.<\/p>\n<p class=\"spip\" align=\"justify\">Nos associations ont par cons\u00e9quent sollicit\u00e9 Madame le Pr\u00e9fet des Hautes-Alpes qui, bien que face \u00e0 une nouvelle demande formul\u00e9e par les Grands Randonneurs Motoris\u00e9s pour l\u2019organisation de la Croisi\u00e8re Blanche 2009, devra pourtant prendre acte de ces d\u00e9cisions de justice puis adopter les mesures n\u00e9cessaires afin de faire cesser cette manifestation ill\u00e9gale et manifestement inadapt\u00e9e aux milieux concern\u00e9s.<\/p>\n<p class=\"spip\" align=\"justify\">Nos associations ne comprendraient pas qu\u2019une 32\u00e8me \u00e9dition ill\u00e9gale de la Croisi\u00e8re Blanche soit \u00e0 nouveau autoris\u00e9e. Elles demandent express\u00e9ment \u00e0 ce que les autorit\u00e9s publiques locales prennent leurs responsabilit\u00e9s et, dans le pas du Gouvernement, adoptent les principes d\u00e9velopp\u00e9s dans le cadre du Grenelle de l\u2019Environnement.<\/p>\n<p class=\"spip\" align=\"justify\">Une d\u00e9l\u00e9gation de repr\u00e9sentants de nos associations a demand\u00e9 a \u00eatre re\u00e7ue par Madame la Pr\u00e9f\u00e8te samedi 24 janvier \u00e0 11 h 30 \u00e0 la pr\u00e9fecture de Gap. Les associations invitent \u00e0 un rassemblement symbolique pour accompagner cette d\u00e9l\u00e9gation. Rendez vous est fix\u00e9 \u00e0 l\u2019esplanade de la Paix \u00e0 Gap samedi 24 janvier \u00e0 10 h 30.<\/p>\n<p class=\"spip\" align=\"justify\">Source : <a class=\"spip_out\" title=\"http:\/\/paysagesdefrance.org\/\" href=\"http:\/\/paysagesdefrance.org\/\" target=\"_blank\">Paysages de France<\/a><\/p>\n","protected":false},"excerpt":{"rendered":"<p>Lass\u00e9es par les trop nombreuses sollicitations rest\u00e9es lettres mortes qu\u2019elles engagent depuis des ann\u00e9es aupr\u00e8s des pouvoirs publics locaux afin que soit supprim\u00e9e l\u2019organisation de la Croisi\u00e8re Blanche au sein <a class=\"more-link\" href=\"https:\/\/carfree.fr\/index.php\/2009\/01\/25\/la-croisiere-blanche-condamnee-par-les-juges\/\">Lire la suite&#8230;<\/a><\/p>\n","protected":false},"author":104,"featured_media":41653,"comment_status":"open","ping_status":"open","sticky":false,"template":"","format":"standard","meta":[],"categories":[73],"tags":[268,504,183,520,326,53,308,65,16,281,272,736,204,279,521,278,347],"views":5277,"_links":{"self":[{"href":"https:\/\/carfree.fr\/index.php\/wp-json\/wp\/v2\/posts\/1253"}],"collection":[{"href":"https:\/\/carfree.fr\/index.php\/wp-json\/wp\/v2\/posts"}],"about":[{"href":"https:\/\/carfree.fr\/index.php\/wp-json\/wp\/v2\/types\/post"}],"author":[{"embeddable":true,"href":"https:\/\/carfree.fr\/index.php\/wp-json\/wp\/v2\/users\/104"}],"replies":[{"embeddable":true,"href":"https:\/\/carfree.fr\/index.php\/wp-json\/wp\/v2\/comments?post=1253"}],"version-history":[{"count":0,"href":"https:\/\/carfree.fr\/index.php\/wp-json\/wp\/v2\/posts\/1253\/revisions"}],"wp:featuredmedia":[{"embeddable":true,"href":"https:\/\/carfree.fr\/index.php\/wp-json\/wp\/v2\/media\/41653"}],"wp:attachment":[{"href":"https:\/\/carfree.fr\/index.php\/wp-json\/wp\/v2\/media?parent=1253"}],"wp:term":[{"taxonomy":"category","embeddable":true,"href":"https:\/\/carfree.fr\/index.php\/wp-json\/wp\/v2\/categories?post=1253"},{"taxonomy":"post_tag","embeddable":true,"href":"https:\/\/carfree.fr\/index.php\/wp-json\/wp\/v2\/tags?post=1253"}],"curies":[{"name":"wp","href":"https:\/\/api.w.org\/{rel}","templated":true}]}}