{"id":127,"date":"2004-11-25T16:20:00","date_gmt":"2004-11-25T16:20:00","guid":{"rendered":"http:\/\/carfree.fr\/index.php\/2004\/11\/25\/pour-un-transport-urbain-durable\/"},"modified":"2023-11-13T13:48:11","modified_gmt":"2023-11-13T12:48:11","slug":"pour-un-transport-urbain-durable","status":"publish","type":"post","link":"https:\/\/carfree.fr\/index.php\/2004\/11\/25\/pour-un-transport-urbain-durable\/","title":{"rendered":"Pour un transport urbain durable"},"content":{"rendered":"<p><span style=\"font-weight: bold;\">Pour un transport urbain durable<br \/>\nQuelles actions entreprendre?<\/span><\/p>\n<p><span style=\"font-style: italic;\">Deuxi\u00e8me conf\u00e9rence europ\u00e9enne &#8211; Bruxelles &#8211; 25 novembre 2004<\/span> <!--more--><\/p>\n<p>Plus de 80% des citoyens de l\u2019UE vivent dans des agglom\u00e9rations urbaines et sont donc fortement concern\u00e9s par les probl\u00e8mes li\u00e9s \u00e0 l\u2019usage excessif de la voiture en milieu urbain.<\/p>\n<p>Pour r\u00e9duire les \u00e9missions polluantes, am\u00e9liorer la qualit\u00e9 de l\u2019air, diminuer le nombre d\u2019accidents, r\u00e9sorber la congestion, r\u00e9duire l\u2019exclusion sociale et donc, am\u00e9liorer la qualit\u00e9 de la vie en milieu urbain, il importe de susciter un transfert modal des d\u00e9placements individuels vers le transport public et durable.<\/p>\n<p>La pr\u00e9sente conf\u00e9rence a pour but d\u2019offrir une plate-forme de discussion permettant l\u2019\u00e9change d\u2019informations avec les nouveaux d\u00e9cideurs politiques europ\u00e9ens sur les politiques communautaires \u00e0 venir afin de soutenir le d\u00e9veloppement de sch\u00e9mas de mobilit\u00e9 urbaine durable.<\/p>\n<p>Cette conf\u00e9rence offrira donc \u00e0 tous les participants des informations de qualit\u00e9, \u00e0 la fois sur les politiques communautaires actuelles influen\u00e7ant le transport public et la r\u00e9partition modale en Europe, et sur les orientations politiques futures de la nouvelle Commission, notamment en ce qui concerne :<br \/>\n&#8211; la recommandation d\u2019\u00e9laborer des sch\u00e9mas de transport urbain durable dans toutes les agglom\u00e9rations urbaines de plus de 100.000 habitants,<br \/>\n&#8211; l\u2019internalisation des co\u00fbts externes et la tarification de l\u2019usage des infrastructures,<br \/>\n&#8211; la promotion de v\u00e9hicules moins polluants et des carburants alternatifs, etc&#8230;<\/p>\n<p>Il est essentiel que dans toute la Communaut\u00e9, des actions coordonn\u00e9es soient entreprises aux niveaux europ\u00e9en, national et r\u00e9gional de sorte que la progression continue de la mobilit\u00e9 individuelle soit absorb\u00e9e par les modes de transport durable et non pas par l\u2019utilisation sans cesse croissante de la voiture particuli\u00e8re.<\/p>\n<p><img decoding=\"async\" loading=\"lazy\" class=\"alignnone size-full wp-image-40541\" src=\"http:\/\/carfree.fr\/img\/2004\/11\/singer_lite-rail.gif\" alt=\"\" width=\"306\" height=\"367\" \/><br \/>\n<span style=\"font-size: 78%;\">Quel est le moyen le plus efficace pour que 50 personnes aillent au travail?<\/span><\/p>\n","protected":false},"excerpt":{"rendered":"<p>Pour un transport urbain durable Quelles actions entreprendre? Deuxi\u00e8me conf\u00e9rence europ\u00e9enne &#8211; Bruxelles &#8211; 25 novembre 2004<\/p>\n","protected":false},"author":1390,"featured_media":32559,"comment_status":"open","ping_status":"open","sticky":false,"template":"","format":"standard","meta":[],"categories":[8],"tags":[1847,463,96,191,243,131],"views":5082,"_links":{"self":[{"href":"https:\/\/carfree.fr\/index.php\/wp-json\/wp\/v2\/posts\/127"}],"collection":[{"href":"https:\/\/carfree.fr\/index.php\/wp-json\/wp\/v2\/posts"}],"about":[{"href":"https:\/\/carfree.fr\/index.php\/wp-json\/wp\/v2\/types\/post"}],"author":[{"embeddable":true,"href":"https:\/\/carfree.fr\/index.php\/wp-json\/wp\/v2\/users\/1390"}],"replies":[{"embeddable":true,"href":"https:\/\/carfree.fr\/index.php\/wp-json\/wp\/v2\/comments?post=127"}],"version-history":[{"count":0,"href":"https:\/\/carfree.fr\/index.php\/wp-json\/wp\/v2\/posts\/127\/revisions"}],"wp:featuredmedia":[{"embeddable":true,"href":"https:\/\/carfree.fr\/index.php\/wp-json\/wp\/v2\/media\/32559"}],"wp:attachment":[{"href":"https:\/\/carfree.fr\/index.php\/wp-json\/wp\/v2\/media?parent=127"}],"wp:term":[{"taxonomy":"category","embeddable":true,"href":"https:\/\/carfree.fr\/index.php\/wp-json\/wp\/v2\/categories?post=127"},{"taxonomy":"post_tag","embeddable":true,"href":"https:\/\/carfree.fr\/index.php\/wp-json\/wp\/v2\/tags?post=127"}],"curies":[{"name":"wp","href":"https:\/\/api.w.org\/{rel}","templated":true}]}}