{"id":12948,"date":"2011-04-06T09:10:02","date_gmt":"2011-04-06T08:10:02","guid":{"rendered":"http:\/\/carfree.fr\/?p=12948"},"modified":"2021-04-08T07:47:58","modified_gmt":"2021-04-08T06:47:58","slug":"le-mouvement-cycle-chic","status":"publish","type":"post","link":"https:\/\/carfree.fr\/index.php\/2011\/04\/06\/le-mouvement-cycle-chic\/","title":{"rendered":"Le Mouvement \u00ab\u00a0Cycle Chic\u00a0\u00bb"},"content":{"rendered":"<p><img decoding=\"async\" loading=\"lazy\" title=\"cycle-chic\" src=\"http:\/\/carfree.fr\/images\/cycle-chic.jpg\" alt=\"\" width=\"420\" height=\"200\" \/><\/p>\n<p>Bizarrement, en plus de 2.500 articles parus sur Carfree France, on avait jamais parl\u00e9 du mouvement \u00ab\u00a0cycle chic\u00a0\u00bb. C&rsquo;\u00e9tait un oubli qu&rsquo;il \u00e9tait grand temps de r\u00e9parer. <!--more--><\/p>\n<p>Le mouvement \u00ab\u00a0cycle chic\u00a0\u00bb a \u00e9t\u00e9 invent\u00e9 en 2006 par le photographe et r\u00e9alisateur danois Mikael Colville-Andersen, qui fut le premier \u00e0 lancer un blog intitul\u00e9 \u00ab\u00a0Copenhagen Cycle Chic\u00a0\u00bb. L&rsquo;id\u00e9e de d\u00e9part est de montrer, jour apr\u00e8s jour, des photos de cyclistes urbains en insistant sur le c\u00f4t\u00e9 \u00e9l\u00e9gant des cyclistes, voire m\u00eame <em>fashionable<\/em>, glamour, classieux, etc., mais tout en revendiquant une pratique quotidienne du v\u00e9lo comme un r\u00e9el mode de d\u00e9placement, et non pas comme un simple loisir du dimanche ou un sport extr\u00eame.<\/p>\n<p>En fait, \u00ab\u00a0chic\u00a0\u00bb est un bien grand mot, le principe est surtout de montrer des cyclistes en \u00ab\u00a0tenue de ville\u00a0\u00bb pour aller au travail, faire leurs courses, amener les enfants \u00e0 l&rsquo;\u00e9cole, etc.<\/p>\n<p>L&rsquo;objectif est de \u00ab\u00a0normaliser\u00a0\u00bb l&rsquo;usage du v\u00e9lo en montrant que les utilisateurs du v\u00e9lo en ville ne sont pas forc\u00e9ment habill\u00e9s en fluo et en jambi\u00e8res&#8230; et, de ce fait, ne sont pas uniquement des \u00ab\u00a0for\u00e7ats de la route\u00a0\u00bb qui sentent la sueur&#8230;<\/p>\n<p>Bien au contraire, au c\u0153ur de la philosophie \u00ab\u00a0cycle chic\u00a0\u00bb, il y a l&rsquo;id\u00e9e de privil\u00e9gier le style \u00e0 la vitesse, l&rsquo;\u00e9l\u00e9gance \u00e0 la performance, ce qui fait du mouvement \u00ab\u00a0cycle chic\u00a0\u00bb un proche parent du \u00ab\u00a0<a title=\"http:\/\/carfree.fr\/index.php\/2010\/05\/21\/le-slow-bike\/\" href=\"http:\/\/carfree.fr\/index.php\/2010\/05\/21\/le-slow-bike\/\" target=\"_blank\" rel=\"noopener\">slow bike<\/a>\u00ab\u00a0, concept fond\u00e9 lui aussi par Colville-Andersen!<\/p>\n<p>Et le mouvement cycle chic a m\u00eame un manifeste, dont on peut trouver une traduction en Fran\u00e7ais <a title=\"http:\/\/bdxcyclechic.blogspot.com\/2011\/03\/le-manifeste-du-cycle-chic.html\" href=\"http:\/\/france.cycle.chic.free.fr\/index.php\/manifeste\" target=\"_blank\" rel=\"noopener\">ici<\/a>. J&rsquo;aime beaucoup le deuxi\u00e8me commandement de ce manifeste: \u00ab\u00a0<em>Je suis un cycliste responsable qui contribue visuellement \u00e0 un paysage urbain plus agr\u00e9able esth\u00e9tiquement<\/em>\u00ab\u00a0. Et le troisi\u00e8me est tout simplement un r\u00e9sum\u00e9 de la d\u00e9marche \u00ab\u00a0cycle chic\u00a0\u00bb: \u00ab\u00a0<em>Sans \u00eatre particuli\u00e8rement \u00e9tiquet\u00e9 comme un \u00ab activiste du v\u00e9lo \u00bb, je suis conscient que ma simple pr\u00e9sence dans le paysage urbain inspirera d&rsquo;autres personnes \u00e0 pratiquer le v\u00e9lo<\/em>\u00ab\u00a0.<\/p>\n<p>Car derri\u00e8re le concept du \u00ab\u00a0cycle chic\u00a0\u00bb, il y a l&rsquo;id\u00e9e de donner envie aux autres d&rsquo;utiliser le v\u00e9lo pour se d\u00e9placer, en diffusant une image positive, \u00e9l\u00e9gante et moderne de la petite reine.<\/p>\n<p>Depuis 2006, le mouvement \u00ab\u00a0cycle chic\u00a0\u00bb a essaim\u00e9 partout sur la plan\u00e8te et d\u00e9sormais, la plupart des grandes villes du monde ont leur blog \u00ab\u00a0cycle chic\u00a0\u00bb.<\/p>\n<p>En fait, c&rsquo;est assez simple! Il suffit de cr\u00e9er un blog et d&rsquo;y poster vos photos de cyclistes urbains jour apr\u00e8s jour&#8230;<\/p>\n<p>Et en France? Apparemment, il existe d\u00e9j\u00e0 plusieurs blogs \u00ab\u00a0cycle chic\u00a0\u00bb en France pour l&rsquo;instant: Clermont-Ferrand cycle chic, Strasbourg cycle chic, Paris cycle chic, Brest cycle chic, Bordeaux cycle chic, Aix-en-Provence cycle chic et Toulouse cycle chic. A vous de cr\u00e9er votre blog \u00ab\u00a0cycle chic\u00a0\u00bb dans votre ville!<\/p>\n<p>Un site regroupe m\u00eame tous les sites du mouvement cycle chic fran\u00e7ais. A voir ici: <a title=\"http:\/\/france.cycle.chic.free.fr\/\" href=\"http:\/\/france.cycle.chic.free.fr\/\" target=\"_blank\" rel=\"noopener\">http:\/\/france.cycle.chic.free.fr\/<\/a><\/p>\n","protected":false},"excerpt":{"rendered":"<p>Bizarrement, en plus de 2.500 articles parus sur Carfree France, on avait jamais parl\u00e9 du mouvement \u00ab\u00a0cycle chic\u00a0\u00bb. C&rsquo;\u00e9tait un oubli qu&rsquo;il \u00e9tait grand temps de r\u00e9parer.<\/p>\n","protected":false},"author":37,"featured_media":12950,"comment_status":"open","ping_status":"open","sticky":false,"template":"","format":"standard","meta":[],"categories":[4,7],"tags":[674,350,1154,473,171,186,568,359,456,565,1026,646,323,194,16,1811,850,93,23,100,800,61,462,532,106,88,347,133,218,38,97,1664,34],"views":9449,"_links":{"self":[{"href":"https:\/\/carfree.fr\/index.php\/wp-json\/wp\/v2\/posts\/12948"}],"collection":[{"href":"https:\/\/carfree.fr\/index.php\/wp-json\/wp\/v2\/posts"}],"about":[{"href":"https:\/\/carfree.fr\/index.php\/wp-json\/wp\/v2\/types\/post"}],"author":[{"embeddable":true,"href":"https:\/\/carfree.fr\/index.php\/wp-json\/wp\/v2\/users\/37"}],"replies":[{"embeddable":true,"href":"https:\/\/carfree.fr\/index.php\/wp-json\/wp\/v2\/comments?post=12948"}],"version-history":[{"count":0,"href":"https:\/\/carfree.fr\/index.php\/wp-json\/wp\/v2\/posts\/12948\/revisions"}],"wp:featuredmedia":[{"embeddable":true,"href":"https:\/\/carfree.fr\/index.php\/wp-json\/"}],"wp:attachment":[{"href":"https:\/\/carfree.fr\/index.php\/wp-json\/wp\/v2\/media?parent=12948"}],"wp:term":[{"taxonomy":"category","embeddable":true,"href":"https:\/\/carfree.fr\/index.php\/wp-json\/wp\/v2\/categories?post=12948"},{"taxonomy":"post_tag","embeddable":true,"href":"https:\/\/carfree.fr\/index.php\/wp-json\/wp\/v2\/tags?post=12948"}],"curies":[{"name":"wp","href":"https:\/\/api.w.org\/{rel}","templated":true}]}}