{"id":12991,"date":"2011-04-08T08:06:03","date_gmt":"2011-04-08T07:06:03","guid":{"rendered":"http:\/\/carfree.fr\/?p=12991"},"modified":"2016-05-27T14:16:38","modified_gmt":"2016-05-27T13:16:38","slug":"indice-atmo-quand-21-2","status":"publish","type":"post","link":"https:\/\/carfree.fr\/index.php\/2011\/04\/08\/indice-atmo-quand-21-2\/","title":{"rendered":"Indice ATMO : quand 2+1 = 2\u2026"},"content":{"rendered":"<p><img decoding=\"async\" loading=\"lazy\" title=\"25-mars-Global\" src=\"http:\/\/carfree.fr\/images\/25-mars-Global.jpg\" alt=\"\" width=\"420\" height=\"200\" \/><\/p>\n<p>Je voulais partager avec vous une observation faites lors de la r\u00e9cente vague de pollution par les particules fines sur Paris et la r\u00e9gion Ile-de-France. C&rsquo;\u00e9tait le 25 mars dernier, ce jour l\u00e0 l&rsquo;indice est mauvais, \u00e0 8. Ci-dessus, la carte que l&rsquo;on pouvait voir sur le site d&rsquo;AIRPARIF. <!--more--><\/p>\n<p>Regardons maintenant la m\u00eame carte avec la pollution uniquement due au particules fines :<\/p>\n<p><img decoding=\"async\" loading=\"lazy\" title=\"le-25-mars-PM10\" src=\"http:\/\/carfree.fr\/images\/le-25-mars-PM10.jpg\" alt=\"\" width=\"420\" height=\"200\" \/><\/p>\n<p>Elle lui ressemble beaucoup, on peut donc supposer que la pollution est due aux seules particules fines.<\/p>\n<p>Mais&#8230;<\/p>\n<p>Surprise quand nous regardons la carte du NO2 :<\/p>\n<p><img decoding=\"async\" loading=\"lazy\" title=\"25-mars-NO2\" src=\"http:\/\/carfree.fr\/images\/25-mars-NO2.jpg\" alt=\"\" width=\"420\" height=\"200\" \/><\/p>\n<p>Il semblerait que cette information ne soit pas incluse dans le calcul de la pollution globale, or il s&rsquo;agit bien de pollution SUPPL\u00c9MENTAIRE !<\/p>\n<p>Peut-on imaginer s\u00e9rieusement n\u00e9gliger les cocktails de polluants ? !  Manifestement l&rsquo;indice Atmo le permet. Et sous estime donc la r\u00e9alit\u00e9  de la pollution.<\/p>\n<p>On pouvait d\u00e9j\u00e0 contester la dilution de fait en prenant un  territoire aussi vaste et h\u00e9t\u00e9rog\u00e8ne que l&rsquo;Ile de France pour calculer  un indice r\u00e9gional.<\/p>\n<p>Pour y rem\u00e9dier, je vous conseille plut\u00f4t les indices europ\u00e9ens, qui  distingue les mesures \u00e0 proximit\u00e9 du trafic et la pollution de fond. <a title=\"http:\/\/www.airqualitynow.eu\/fr\/comparing_city_details.php?paris\" href=\"http:\/\/www.airqualitynow.eu\/fr\/comparing_city_details.php?paris\" target=\"_blank\">Voir l&rsquo;indice du jour en cliquant ici.<\/a><\/p>\n<p>Or dans l&rsquo;agglom\u00e9ration parisienne nous sommes nombreux \u00e0 vivre  proche du trafic&#8230;. En 2009, cet indice \u00e9tait tr\u00e8s mauvais pour  Paris&#8230;\u00a0 On en avait parl\u00e9 ici.<\/p>\n<p>Nous attendons toujours des actions pour agir contre cette pollution  : ZAPA, nouveau Plan de la protection de l&rsquo;atmosph\u00e8re r\u00e9gional&#8230;<\/p>\n<p>Elodie TEXIER<br \/>\nPr\u00e9sidente de l\u2019association RESPIRE LE PERIPH\u2019 !<br \/>\n<a title=\"http:\/\/respireleperiph.over-blog.com\/\" href=\"http:\/\/respireleperiph.over-blog.com\/\" target=\"_blank\">http:\/\/respireleperiph.over-blog.com\/<\/a><\/p>\n","protected":false},"excerpt":{"rendered":"<p>Je voulais partager avec vous une observation faites lors de la r\u00e9cente vague de pollution par les particules fines sur Paris et la r\u00e9gion Ile-de-France. C&rsquo;\u00e9tait le 25 mars dernier, <a class=\"more-link\" href=\"https:\/\/carfree.fr\/index.php\/2011\/04\/08\/indice-atmo-quand-21-2\/\">Lire la suite&#8230;<\/a><\/p>\n","protected":false},"author":193,"featured_media":12992,"comment_status":"open","ping_status":"open","sticky":false,"template":"","format":"standard","meta":[],"categories":[1037],"tags":[244,11,280,425,429,106,33,320],"views":6958,"_links":{"self":[{"href":"https:\/\/carfree.fr\/index.php\/wp-json\/wp\/v2\/posts\/12991"}],"collection":[{"href":"https:\/\/carfree.fr\/index.php\/wp-json\/wp\/v2\/posts"}],"about":[{"href":"https:\/\/carfree.fr\/index.php\/wp-json\/wp\/v2\/types\/post"}],"author":[{"embeddable":true,"href":"https:\/\/carfree.fr\/index.php\/wp-json\/wp\/v2\/users\/193"}],"replies":[{"embeddable":true,"href":"https:\/\/carfree.fr\/index.php\/wp-json\/wp\/v2\/comments?post=12991"}],"version-history":[{"count":0,"href":"https:\/\/carfree.fr\/index.php\/wp-json\/wp\/v2\/posts\/12991\/revisions"}],"wp:featuredmedia":[{"embeddable":true,"href":"https:\/\/carfree.fr\/index.php\/wp-json\/"}],"wp:attachment":[{"href":"https:\/\/carfree.fr\/index.php\/wp-json\/wp\/v2\/media?parent=12991"}],"wp:term":[{"taxonomy":"category","embeddable":true,"href":"https:\/\/carfree.fr\/index.php\/wp-json\/wp\/v2\/categories?post=12991"},{"taxonomy":"post_tag","embeddable":true,"href":"https:\/\/carfree.fr\/index.php\/wp-json\/wp\/v2\/tags?post=12991"}],"curies":[{"name":"wp","href":"https:\/\/api.w.org\/{rel}","templated":true}]}}