{"id":1300,"date":"2009-02-06T10:12:54","date_gmt":"2009-02-06T09:12:54","guid":{"rendered":"http:\/\/carfree.fr\/index.php\/2009\/02\/06\/new-fabris-au-moins-202-licenciements\/"},"modified":"2014-12-18T10:28:42","modified_gmt":"2014-12-18T09:28:42","slug":"new-fabris-au-moins-202-licenciements","status":"publish","type":"post","link":"https:\/\/carfree.fr\/index.php\/2009\/02\/06\/new-fabris-au-moins-202-licenciements\/","title":{"rendered":"New Fabris : au moins 202 licenciements"},"content":{"rendered":"<p>Le groupe Zen va licencier entre 202 et 226 salari\u00e9s sur les 372 que compte l&rsquo;\u00e9quipementier auto New Fabris, soit les 2\/3 de l&rsquo;effectif total de l&rsquo;usine. Un nouveau coup de massue terrible pour Ch\u00e2tellerault. Sp\u00e9cialis\u00e9e dans l&rsquo;usinage de pi\u00e8ces automobile, New Fabris compte 372 salari\u00e9s. A Ch\u00e2tellerault, au d\u00e9but du deuxi\u00e8me semestre 2008, c&rsquo;\u00e9tait l&rsquo;une des premi\u00e8res usines touch\u00e9es de plein fouet par la crise. A tel point qu&rsquo;en novembre dernier, l&rsquo;entreprise avait \u00e9t\u00e9 d\u00e9clar\u00e9e en cessation de paiement, et plac\u00e9e en redressement judiciaire pendant six mois.<\/p>\n<p>Source : La Nouvelle R\u00e9publique<\/p>\n","protected":false},"excerpt":{"rendered":"<p>Le groupe Zen va licencier entre 202 et 226 salari\u00e9s sur les 372 que compte l&rsquo;\u00e9quipementier auto New Fabris, soit les 2\/3 de l&rsquo;effectif total de l&rsquo;usine. Un nouveau coup <a class=\"more-link\" href=\"https:\/\/carfree.fr\/index.php\/2009\/02\/06\/new-fabris-au-moins-202-licenciements\/\">Lire la suite&#8230;<\/a><\/p>\n","protected":false},"author":60,"featured_media":0,"comment_status":"open","ping_status":"open","sticky":false,"template":"","format":"standard","meta":[],"categories":[495],"tags":[1671],"views":4232,"_links":{"self":[{"href":"https:\/\/carfree.fr\/index.php\/wp-json\/wp\/v2\/posts\/1300"}],"collection":[{"href":"https:\/\/carfree.fr\/index.php\/wp-json\/wp\/v2\/posts"}],"about":[{"href":"https:\/\/carfree.fr\/index.php\/wp-json\/wp\/v2\/types\/post"}],"author":[{"embeddable":true,"href":"https:\/\/carfree.fr\/index.php\/wp-json\/wp\/v2\/users\/60"}],"replies":[{"embeddable":true,"href":"https:\/\/carfree.fr\/index.php\/wp-json\/wp\/v2\/comments?post=1300"}],"version-history":[{"count":0,"href":"https:\/\/carfree.fr\/index.php\/wp-json\/wp\/v2\/posts\/1300\/revisions"}],"wp:attachment":[{"href":"https:\/\/carfree.fr\/index.php\/wp-json\/wp\/v2\/media?parent=1300"}],"wp:term":[{"taxonomy":"category","embeddable":true,"href":"https:\/\/carfree.fr\/index.php\/wp-json\/wp\/v2\/categories?post=1300"},{"taxonomy":"post_tag","embeddable":true,"href":"https:\/\/carfree.fr\/index.php\/wp-json\/wp\/v2\/tags?post=1300"}],"curies":[{"name":"wp","href":"https:\/\/api.w.org\/{rel}","templated":true}]}}