{"id":1322,"date":"2009-02-10T21:19:40","date_gmt":"2009-02-10T20:19:40","guid":{"rendered":"http:\/\/carfree.fr\/index.php\/2009\/02\/10\/general-motors-10000-suppressions-demplois\/"},"modified":"2014-12-19T11:35:20","modified_gmt":"2014-12-19T10:35:20","slug":"general-motors-10000-suppressions-demplois","status":"publish","type":"post","link":"https:\/\/carfree.fr\/index.php\/2009\/02\/10\/general-motors-10000-suppressions-demplois\/","title":{"rendered":"General Motors : 10.000 suppressions d&#8217;emplois"},"content":{"rendered":"<p>L&rsquo;Am\u00e9ricain General Motors (GM) a annonc\u00e9 mardi qu&rsquo;il allait supprimer 10.000 emplois salari\u00e9s dans le cadre d&rsquo;un plan de restructuration, alors que le constructeur automobile a enregistr\u00e9 ces derniers temps les pires ventes de son histoire. General Motors, bas\u00e9 \u00e0 Detroit, a annonc\u00e9 qu&rsquo;il allait faire passer cette ann\u00e9e le nombre total de ses salari\u00e9s de 73.000 \u00e0 63.000.<\/p>\n<p>Source : Nouvel Obs<\/p>\n","protected":false},"excerpt":{"rendered":"<p>L&rsquo;Am\u00e9ricain General Motors (GM) a annonc\u00e9 mardi qu&rsquo;il allait supprimer 10.000 emplois salari\u00e9s dans le cadre d&rsquo;un plan de restructuration, alors que le constructeur automobile a enregistr\u00e9 ces derniers temps <a class=\"more-link\" href=\"https:\/\/carfree.fr\/index.php\/2009\/02\/10\/general-motors-10000-suppressions-demplois\/\">Lire la suite&#8230;<\/a><\/p>\n","protected":false},"author":60,"featured_media":0,"comment_status":"open","ping_status":"open","sticky":false,"template":"","format":"standard","meta":[],"categories":[495],"tags":[1671,466,97],"views":3384,"_links":{"self":[{"href":"https:\/\/carfree.fr\/index.php\/wp-json\/wp\/v2\/posts\/1322"}],"collection":[{"href":"https:\/\/carfree.fr\/index.php\/wp-json\/wp\/v2\/posts"}],"about":[{"href":"https:\/\/carfree.fr\/index.php\/wp-json\/wp\/v2\/types\/post"}],"author":[{"embeddable":true,"href":"https:\/\/carfree.fr\/index.php\/wp-json\/wp\/v2\/users\/60"}],"replies":[{"embeddable":true,"href":"https:\/\/carfree.fr\/index.php\/wp-json\/wp\/v2\/comments?post=1322"}],"version-history":[{"count":0,"href":"https:\/\/carfree.fr\/index.php\/wp-json\/wp\/v2\/posts\/1322\/revisions"}],"wp:attachment":[{"href":"https:\/\/carfree.fr\/index.php\/wp-json\/wp\/v2\/media?parent=1322"}],"wp:term":[{"taxonomy":"category","embeddable":true,"href":"https:\/\/carfree.fr\/index.php\/wp-json\/wp\/v2\/categories?post=1322"},{"taxonomy":"post_tag","embeddable":true,"href":"https:\/\/carfree.fr\/index.php\/wp-json\/wp\/v2\/tags?post=1322"}],"curies":[{"name":"wp","href":"https:\/\/api.w.org\/{rel}","templated":true}]}}