{"id":133,"date":"2005-02-10T18:40:00","date_gmt":"2005-02-10T18:40:00","guid":{"rendered":"http:\/\/carfree.fr\/index.php\/2005\/02\/10\/la-dpendance-la-voiture-tue\/"},"modified":"2023-11-13T16:35:18","modified_gmt":"2023-11-13T15:35:18","slug":"la-dpendance-la-voiture-tue","status":"publish","type":"post","link":"https:\/\/carfree.fr\/index.php\/2005\/02\/10\/la-dpendance-la-voiture-tue\/","title":{"rendered":"La d\u00e9pendance \u00e0 la voiture tue"},"content":{"rendered":"<p>La Fondation des maladies du coeur (Canada) vient de publier une \u00e9tude portant sur la diff\u00e9rence entre la vie urbaine et p\u00e9riph\u00e9rique. Cette \u00e9tude, \u00ab\u00a0Le Bulletin de sant\u00e9 annuel des Canadiens et des Canadiennes 2005: La banlieue, un mauvais r\u00eave?\u00a0\u00bb bat en br\u00e8che le mythe qui veut que vivre \u00e0 la campagne ou en banlieue soit meilleur pour la sant\u00e9 du c\u0153ur. <!--more--><\/p>\n<p>En effet, il appara\u00eet clairement que la population canadienne d\u00e9pendante de l\u2019automobile fait beaucoup moins d\u2019activit\u00e9 physique et court un risque beaucoup plus \u00e9lev\u00e9 d\u2019embonpoint et d\u2019ob\u00e9sit\u00e9. En d\u2019autres mots, le r\u00eave de la banlieue semble tourner au cauchemar.<\/p>\n<p>Les preuves sont concluantes: <span style=\"font-weight: bold;\">notre d\u00e9pendance \u00e0 la voiture nous tue<\/span>. Nous devons centrer notre mode de vie sur des habitudes saines et cesser de se faire mener par les \u00ab\u00a0services \u00e0 l\u2019auto\u00a0\u00bb, dit Dr George Honos, porte-parole de la Fondation des maladies du c\u0153ur et cardiologue.<\/p>\n<p>Les recherches de la Fondation indiquent que les citadins ont deux fois plus de chances de marcher, de faire du v\u00e9lo ou de prendre les transports publics que les gens de l\u2019ext\u00e9rieur. De plus, une plus grande proportion de citadins font leurs emplettes quotidiennes \u00e0 pied ou en v\u00e9lo.<\/p>\n<p>Source: Bulletin de sant\u00e9 annuel des Canadiens et des Canadiennes 2005: La banlieue, un mauvais r\u00eave?<\/p>\n","protected":false},"excerpt":{"rendered":"<p>La Fondation des maladies du coeur (Canada) vient de publier une \u00e9tude portant sur la diff\u00e9rence entre la vie urbaine et p\u00e9riph\u00e9rique. Cette \u00e9tude, \u00ab\u00a0Le Bulletin de sant\u00e9 annuel des <a class=\"more-link\" href=\"https:\/\/carfree.fr\/index.php\/2005\/02\/10\/la-dpendance-la-voiture-tue\/\">Lire la suite&#8230;<\/a><\/p>\n","protected":false},"author":616,"featured_media":41235,"comment_status":"open","ping_status":"open","sticky":false,"template":"","format":"standard","meta":[],"categories":[73],"tags":[1848,359,132,522,33,210,320],"views":4590,"_links":{"self":[{"href":"https:\/\/carfree.fr\/index.php\/wp-json\/wp\/v2\/posts\/133"}],"collection":[{"href":"https:\/\/carfree.fr\/index.php\/wp-json\/wp\/v2\/posts"}],"about":[{"href":"https:\/\/carfree.fr\/index.php\/wp-json\/wp\/v2\/types\/post"}],"author":[{"embeddable":true,"href":"https:\/\/carfree.fr\/index.php\/wp-json\/wp\/v2\/users\/616"}],"replies":[{"embeddable":true,"href":"https:\/\/carfree.fr\/index.php\/wp-json\/wp\/v2\/comments?post=133"}],"version-history":[{"count":0,"href":"https:\/\/carfree.fr\/index.php\/wp-json\/wp\/v2\/posts\/133\/revisions"}],"wp:featuredmedia":[{"embeddable":true,"href":"https:\/\/carfree.fr\/index.php\/wp-json\/wp\/v2\/media\/41235"}],"wp:attachment":[{"href":"https:\/\/carfree.fr\/index.php\/wp-json\/wp\/v2\/media?parent=133"}],"wp:term":[{"taxonomy":"category","embeddable":true,"href":"https:\/\/carfree.fr\/index.php\/wp-json\/wp\/v2\/categories?post=133"},{"taxonomy":"post_tag","embeddable":true,"href":"https:\/\/carfree.fr\/index.php\/wp-json\/wp\/v2\/tags?post=133"}],"curies":[{"name":"wp","href":"https:\/\/api.w.org\/{rel}","templated":true}]}}