{"id":13637,"date":"2011-04-29T08:10:45","date_gmt":"2011-04-29T07:10:45","guid":{"rendered":"http:\/\/carfree.fr\/?p=13637"},"modified":"2016-12-16T10:28:04","modified_gmt":"2016-12-16T09:28:04","slug":"hulot-de-margerie-et-fillon-au-pays-des-lapins","status":"publish","type":"post","link":"https:\/\/carfree.fr\/index.php\/2011\/04\/29\/hulot-de-margerie-et-fillon-au-pays-des-lapins\/","title":{"rendered":"Hulot, de Margerie et Fillon au pays des lapins"},"content":{"rendered":"<p>Au pays des lapins, le chef des lapins annonce : \u201cLapines, Lapins, bient\u00f4t, y\u2019aura p\u00e9nurie de carottes ! Alors continuez \u00e0 en manger plein : pour en acheter, voici m\u00eame un peu d\u2019argent que m\u2019a donn\u00e9 le marchand de carottes (merci \u00e0 lui).\u201d<\/p>\n<p>Vous trouvez cette histoire absurde ? C\u2019est pourtant exactement ce qui est en train de se passer en France&#8230;<\/p>\n<p><a title=\"http:\/\/petrole.blog.lemonde.fr\/2011\/04\/14\/hulot-de-margerie-et-fillon-au-pays-des-lapins\/\" href=\"http:\/\/petrole.blog.lemonde.fr\/2011\/04\/14\/hulot-de-margerie-et-fillon-au-pays-des-lapins\/\" target=\"_blank\">http:\/\/petrole.blog.lemonde.fr\/2011\/04\/14\/hulot-de-margerie-et-fillon-au-pays-des-lapins\/<\/a><\/p>\n","protected":false},"excerpt":{"rendered":"<p>Au pays des lapins, le chef des lapins annonce : \u201cLapines, Lapins, bient\u00f4t, y\u2019aura p\u00e9nurie de carottes ! Alors continuez \u00e0 en manger plein : pour en acheter, voici m\u00eame <a class=\"more-link\" href=\"https:\/\/carfree.fr\/index.php\/2011\/04\/29\/hulot-de-margerie-et-fillon-au-pays-des-lapins\/\">Lire la suite&#8230;<\/a><\/p>\n","protected":false},"author":38,"featured_media":38319,"comment_status":"open","ping_status":"open","sticky":false,"template":"","format":"standard","meta":[],"categories":[6],"tags":[1663,16,665,691,45,154,47,155],"views":5117,"_links":{"self":[{"href":"https:\/\/carfree.fr\/index.php\/wp-json\/wp\/v2\/posts\/13637"}],"collection":[{"href":"https:\/\/carfree.fr\/index.php\/wp-json\/wp\/v2\/posts"}],"about":[{"href":"https:\/\/carfree.fr\/index.php\/wp-json\/wp\/v2\/types\/post"}],"author":[{"embeddable":true,"href":"https:\/\/carfree.fr\/index.php\/wp-json\/wp\/v2\/users\/38"}],"replies":[{"embeddable":true,"href":"https:\/\/carfree.fr\/index.php\/wp-json\/wp\/v2\/comments?post=13637"}],"version-history":[{"count":0,"href":"https:\/\/carfree.fr\/index.php\/wp-json\/wp\/v2\/posts\/13637\/revisions"}],"wp:featuredmedia":[{"embeddable":true,"href":"https:\/\/carfree.fr\/index.php\/wp-json\/wp\/v2\/media\/38319"}],"wp:attachment":[{"href":"https:\/\/carfree.fr\/index.php\/wp-json\/wp\/v2\/media?parent=13637"}],"wp:term":[{"taxonomy":"category","embeddable":true,"href":"https:\/\/carfree.fr\/index.php\/wp-json\/wp\/v2\/categories?post=13637"},{"taxonomy":"post_tag","embeddable":true,"href":"https:\/\/carfree.fr\/index.php\/wp-json\/wp\/v2\/tags?post=13637"}],"curies":[{"name":"wp","href":"https:\/\/api.w.org\/{rel}","templated":true}]}}