{"id":1365,"date":"2009-02-24T13:45:19","date_gmt":"2009-02-24T12:45:19","guid":{"rendered":"http:\/\/carfree.fr\/index.php\/2009\/02\/24\/campagne-carfree-france-2009-la-fin-de-lautomobile-cest-maintenant\/"},"modified":"2022-05-11T12:54:04","modified_gmt":"2022-05-11T11:54:04","slug":"campagne-carfree-france-2009-la-fin-de-lautomobile-cest-maintenant","status":"publish","type":"post","link":"https:\/\/carfree.fr\/index.php\/2009\/02\/24\/campagne-carfree-france-2009-la-fin-de-lautomobile-cest-maintenant\/","title":{"rendered":"Campagne Carfree France 2009: la fin de l&rsquo;automobile, c&rsquo;est maintenant"},"content":{"rendered":"<p>Carfree France lance sa campagne 2009 de communication autour du th\u00e8me \u201cLa fin de l&rsquo;automobile, c&rsquo;est maintenant\u201d. Cette campagne a pour objectif de retourner le <a title=\"http:\/\/carfree.fr\/index.php\/tag\/greenwashing\/\" href=\"http:\/\/carfree.fr\/index.php\/tag\/greenwashing\/\">greenwashing<\/a> (ou \u00e9coblanchiment) en vigueur dans le domaine de l&rsquo;industrie et de la publicit\u00e9 automobile. Les constructeurs d&rsquo;automobiles vendent en effet l&rsquo;id\u00e9e que leurs voitures, qu&rsquo;elles soient hybrides, \u00e9lectriques ou \u00ab\u00a0z\u00e9ro \u00e9mission\u00a0\u00bb (ZE) sont des \u00ab\u00a0voitures propres\u00a0\u00bb ou des \u00ab\u00a0voitures vertes\u00a0\u00bb. Malgr\u00e9 une technologie qui n&rsquo;est pas au rendez-vous, une crise automobile structurelle et des ventes de voitures qui s&rsquo;effondrent, le marketing et la publicit\u00e9 automobile nous promettent des lendemains qui chantent et un avenir radieux fait d&rsquo;autoroutes du futur et de voitures \u00e9cologiques. Cette campagne se d\u00e9cline en huit affiches au format carte postale, que vous pouvez t\u00e9l\u00e9charger, distribuer et faire circuler librement. Les photos originales sont tir\u00e9es du site Internet Flickr.com et sont sous licence <a title=\"creativecommons\" href=\"https:\/\/www.flickr.com\/creativecommons\/\" target=\"_blank\">Creative Commons.<\/a> <!--more--><\/p>\n<p><img decoding=\"async\" loading=\"lazy\" src=\"http:\/\/carfree.fr\/campagne\/voitures-du-futur-min.jpg\" alt=\"voitures du futur\" width=\"400\" height=\"282\" \/><br \/>\n<strong><br \/>\nVoitures du futur<\/strong> *<br \/>\n* Pour des raisons d&rsquo;espionnage industriel, vous ne verrez pas l&rsquo;int\u00e9rieur des v\u00e9hicules<\/p>\n<p><a title=\"voitures du futur\" href=\"http:\/\/carfree.fr\/campagne\/voitures-du-futur.jpg\">T\u00e9l\u00e9charger l\u2019affiche au format 1024*723 (jpg, 160 Ko) <\/a><\/p>\n<p><img decoding=\"async\" loading=\"lazy\" src=\"http:\/\/carfree.fr\/campagne\/autoroute-du-futur-min.jpg\" alt=\"autoroute du futur\" width=\"400\" height=\"282\" \/><\/p>\n<p><strong>Autoroute du futur *<\/strong><br \/>\n* Pour des raisons d&rsquo;espionnage industriel, vous ne verrez pas le d\u00e9tail du rev\u00eatement<\/p>\n<p><a title=\"Autoroute du futur\" href=\"http:\/\/carfree.fr\/campagne\/autoroute-du-futur.jpg\">T\u00e9l\u00e9charger l\u2019affiche au format 1024*723 (jpg, 326 Ko)<\/a><\/p>\n<p><img decoding=\"async\" loading=\"lazy\" src=\"http:\/\/carfree.fr\/campagne\/voiture-verte-min.jpg\" alt=\"voiture verte\" width=\"400\" height=\"282\" \/><\/p>\n<p><strong>Voiture verte *<\/strong><br \/>\n* Pour des raisons d&rsquo;espionnage industriel, vous ne verrez pas la motorisation du v\u00e9hicule<\/p>\n<p><a title=\"Voiture verte\" href=\"http:\/\/carfree.fr\/campagne\/voiture-verte.jpg\">T\u00e9l\u00e9charger l\u2019affiche au format 1024*723 (jpg, 187 Ko)<\/a><\/p>\n<p><img decoding=\"async\" loading=\"lazy\" src=\"http:\/\/carfree.fr\/campagne\/voiture-propre-min.jpg\" alt=\"voiture propre\" width=\"400\" height=\"282\" \/><\/p>\n<p><strong>Voiture propre *<\/strong><br \/>\n* Pour des raisons d&rsquo;espionnage industriel, vous ne verrez pas le moteur du v\u00e9hicule<\/p>\n<p><a title=\"Voiture propre\" href=\"http:\/\/carfree.fr\/campagne\/voiture-propre.jpg\">T\u00e9l\u00e9charger l\u2019affiche au format 1024*723 (jpg, 217 Ko)<\/a><\/p>\n<p><img decoding=\"async\" loading=\"lazy\" src=\"http:\/\/carfree.fr\/campagne\/voiture-electrique-min.jpg\" alt=\"voiture \u00e9lectrique\" width=\"400\" height=\"282\" \/><\/p>\n<p><strong>Voiture \u00e9lectrique *<\/strong><br \/>\n* Pour des raisons d&rsquo;espionnage industriel, vous ne verrez pas la batterie du v\u00e9hicule<\/p>\n<p><a title=\"Voiture \u00e9lectrique\" href=\"http:\/\/carfree.fr\/campagne\/voiture-electrique.jpg\">T\u00e9l\u00e9charger l\u2019affiche au format 1024*723 (jpg, 159 Ko)<\/a><\/p>\n<p><img decoding=\"async\" loading=\"lazy\" src=\"http:\/\/carfree.fr\/campagne\/voiture-hybride-min.jpg\" alt=\"voiture hybride\" width=\"400\" height=\"282\" \/><\/p>\n<p><strong>Voiture hybride *<\/strong><br \/>\n* Pour des raisons d&rsquo;espionnage industriel, vous ne verrez pas le moteur du v\u00e9hicule<\/p>\n<p><a title=\"Voiture hybride\" href=\"http:\/\/carfree.fr\/campagne\/voiture-hybride.jpg\">T\u00e9l\u00e9charger l\u2019affiche au format 1024*723 (jpg, 289 Ko)<\/a><\/p>\n<p><img decoding=\"async\" loading=\"lazy\" src=\"http:\/\/carfree.fr\/campagne\/voitures-zero-emission-min.jpg\" alt=\"voiture z\u00e9ro \u00e9mission\" width=\"400\" height=\"282\" \/><\/p>\n<p><strong>Voiture z\u00e9ro \u00e9mission<\/strong> *<br \/>\n* Pour des raisons d&rsquo;espionnage industriel, vous ne verrez pas l&rsquo;avant du v\u00e9hicule<\/p>\n<p><a title=\"Voiture z\u00e9ro \u00e9mission\" href=\"http:\/\/carfree.fr\/campagne\/voitures-zero-emission.jpg\">T\u00e9l\u00e9charger l\u2019affiche au format 1024*723 (jpg, 210 Ko)<\/a><\/p>\n<p><img decoding=\"async\" loading=\"lazy\" src=\"http:\/\/carfree.fr\/campagne\/pneumatique-du-futur-min.jpg\" alt=\"pneumatique du futur\" width=\"400\" height=\"282\" \/><\/p>\n<p><strong>Pneumatique du futur *<\/strong><br \/>\n* Pour des raisons d&rsquo;espionnage industriel, vous ne verrez pas l&rsquo;int\u00e9rieur du pneumatique<\/p>\n<p><a title=\"Pneumatique du futur\" href=\"http:\/\/carfree.fr\/campagne\/pneumatique-du-futur.jpg\">T\u00e9l\u00e9charger l\u2019affiche au format 1024*723 (jpg, 220 Ko)<\/a><\/p>\n<p><strong>La fin de l&rsquo;automobile, c&rsquo;est maintenant<\/strong><br \/>\n<strong> Carfree France<\/strong><br \/>\nhttp:\/\/carfree.fr\/<\/p>\n<p>Voir aussi: <a title=\"http:\/\/carfree.fr\/index.php\/2008\/04\/03\/campagne-carfree-france-2008-une-voiture-en-moins\/\" href=\"http:\/\/carfree.fr\/index.php\/2008\/04\/03\/campagne-carfree-france-2008-une-voiture-en-moins\/\">Campagne Carfree France 2008: une voiture en moins<\/a><\/p>\n","protected":false},"excerpt":{"rendered":"<p>Carfree France lance sa campagne 2009 de communication autour du th\u00e8me \u201cLa fin de l\u2019automobile, c\u2019est maintenant\u201d. Cette campagne a pour objectif de retourner le greenwashing (ou \u00e9coblanchiment) en vigueur dans le domaine de l\u2019industrie et de la publicit\u00e9 automobile [&#8230;] <a class=\"more-link\" href=\"https:\/\/carfree.fr\/index.php\/2009\/02\/24\/campagne-carfree-france-2009-la-fin-de-lautomobile-cest-maintenant\/\">Lire la suite&#8230;<\/a><\/p>\n","protected":false},"author":1390,"featured_media":36693,"comment_status":"open","ping_status":"open","sticky":false,"template":"","format":"standard","meta":[],"categories":[495,52,165,73,77,6,124,72,24],"tags":[31,244,112,416,103,15,85,139,1671,259,16,99,351,81,87,206,694,297,41,86,150,176,1666,363,418,468],"views":14174,"_links":{"self":[{"href":"https:\/\/carfree.fr\/index.php\/wp-json\/wp\/v2\/posts\/1365"}],"collection":[{"href":"https:\/\/carfree.fr\/index.php\/wp-json\/wp\/v2\/posts"}],"about":[{"href":"https:\/\/carfree.fr\/index.php\/wp-json\/wp\/v2\/types\/post"}],"author":[{"embeddable":true,"href":"https:\/\/carfree.fr\/index.php\/wp-json\/wp\/v2\/users\/1390"}],"replies":[{"embeddable":true,"href":"https:\/\/carfree.fr\/index.php\/wp-json\/wp\/v2\/comments?post=1365"}],"version-history":[{"count":0,"href":"https:\/\/carfree.fr\/index.php\/wp-json\/wp\/v2\/posts\/1365\/revisions"}],"wp:featuredmedia":[{"embeddable":true,"href":"https:\/\/carfree.fr\/index.php\/wp-json\/wp\/v2\/media\/36693"}],"wp:attachment":[{"href":"https:\/\/carfree.fr\/index.php\/wp-json\/wp\/v2\/media?parent=1365"}],"wp:term":[{"taxonomy":"category","embeddable":true,"href":"https:\/\/carfree.fr\/index.php\/wp-json\/wp\/v2\/categories?post=1365"},{"taxonomy":"post_tag","embeddable":true,"href":"https:\/\/carfree.fr\/index.php\/wp-json\/wp\/v2\/tags?post=1365"}],"curies":[{"name":"wp","href":"https:\/\/api.w.org\/{rel}","templated":true}]}}