{"id":13656,"date":"2011-04-30T13:49:01","date_gmt":"2011-04-30T12:49:01","guid":{"rendered":"http:\/\/carfree.fr\/?p=13656"},"modified":"2020-08-15T17:18:45","modified_gmt":"2020-08-15T16:18:45","slug":"alternative-vraiment","status":"publish","type":"post","link":"https:\/\/carfree.fr\/index.php\/2011\/04\/30\/alternative-vraiment\/","title":{"rendered":"\u00ab\u00a0Alternative\u00a0\u00bb ? Vraiment ?"},"content":{"rendered":"<p><img decoding=\"async\" loading=\"lazy\" title=\"Hulot et Sarkozy\" src=\"http:\/\/carfree.fr\/images\/hulot-sarkozy.jpg\" alt=\"\" width=\"420\" height=\"200\" \/><\/p>\n<p>Je vous propose de revenir sur un terme prononc\u00e9 par <em>un monsieur connu<\/em> ici, mais aussi sur TF1 ainsi que dans le gotha politique. Le terme sera le substantif\u00a0 \u00ab\u00a0alternative\u00a0\u00bb. Plongeons-nous dans le contexte&#8230; <!--more--><\/p>\n<p>Si Nicolas Hulot annonce son envie d&rsquo;\u00eatre candidat d\u00e9finitif \u00e0 la pr\u00e9sidentielle 2012, tout comme en 2007, cette fois-ci vraisemblablement n&rsquo;abandonnera-t-il pas son id\u00e9e en route ; notamment puisqu&rsquo;il s&rsquo;est (peut-\u00eatre, dirons-nous prudemment) rendu compte que son pacte \u00e9tait de la pacotille une fois la victoire de Nicolas Sarkozy pass\u00e9e. En effet, Nicolas Sarkozy, le soir de son \u00e9lection, en 2007, disait que \u00ab\u00a0[son] premier combat\u00a0\u00bb serait la lutte contre les gaz \u00e0 effet de serre ; r\u00e9sultat, le lendemain, Nicolas Sarkozy d\u00e9collait avec un beau jet priv\u00e9 pour aller passer des vacances chez son ami Vincent Bollor\u00e9 (qui fait dans l&rsquo;\u00e9nergie, et quelle \u00e9nergie !). [1]<\/p>\n<p>On s&rsquo;y perdrait presque avec tous ces Nicolas qui nous donnent le tournis. Bon, OK, ils ne sont que deux, mais c&rsquo;est un peu comme des jumeaux qu&rsquo;on aurait en plus d\u00e9cid\u00e9 de pr\u00e9nommer \u00e0 l&rsquo;identique. Heureusement, pour nous aider \u00e0 les distinguer, l&rsquo;un des deux homonymes a d\u00e9cid\u00e9 aussi de casser la g\u00e9mellit\u00e9 comportementale et de dire que Nicolas Sarkozy n&rsquo;est pas de \u00ab\u00a0ceux qui n&rsquo;ont pas act\u00e9 qu&rsquo;on \u00e9tait dans un monde fini\u00a0\u00bb (enfin, pour \u00eatre exact, Nicolas Hulot n&rsquo;a pas sorti de noms), \u00e0 son inverse donc. Et d&rsquo;encha\u00eener, au micro de France Inter, en quelque sorte sur un leitmotiv de la pens\u00e9e d\u00e9croissanciste : \u00ab\u00a0Pour un \u00e9conomiste, freiner la croissance, c&rsquo;est une h\u00e9r\u00e9sie ; et pour un \u00e9cologiste, l&rsquo;encourager, c&rsquo;est une h\u00e9r\u00e9sie. Eh bien, il va falloir trouver l&rsquo;alternative.\u00a0\u00bb [2]<\/p>\n<p>Et d&rsquo;ailleurs, ce mot de Nicolas Hulot fait le <em>buzz<\/em> (enfin, je dis \u00e7a parce que j&rsquo;ai cherch\u00e9, je ne suis pas s\u00fbr que tout le monde se soit arr\u00eat\u00e9 sur le mot \u00ab\u00a0alternative\u00a0\u00bb) puisqu&rsquo;il <em>twitte<\/em> :<br \/>\n<a title=\"http:\/\/twitter.com\/#!\/Vogelsong\/status\/58417211689283584\" href=\"http:\/\/twitter.com\/#!\/Vogelsong\/status\/58417211689283584\" target=\"_blank\" rel=\"noopener\">http:\/\/twitter.com\/#!\/Vogelsong\/status\/58417211689283584<\/a><\/p>\n<p>La rh\u00e9torique est au rendez-vous avec Nicolas Hulot. Mais la logique le sera-t-elle ? Puisque le terme \u00ab\u00a0alternative\u00a0\u00bb est un terme de logique&#8230; Maintenant que l&rsquo;interrogation reste en suspens (quelle alternative trouve-t-on, au juste ?), analysons donc pr\u00e9cis\u00e9ment ce mot : \u00ab\u00a0alternative\u00a0\u00bb, terme qui fait trop souvent l&rsquo;objet d&rsquo;un laxisme s\u00e9mantique.<\/p>\n<p>Mais que veut dire au juste le mot \u00ab\u00a0alternative\u00a0\u00bb, cr\u00e9vindj\u00fb ?<br \/>\n<strong>B.\u2212<\/strong> <em>LOG.<\/em> \u00c9nonc\u00e9 de deux propositions telles que si l&rsquo;une est vraie l&rsquo;autre est n\u00e9cessairement fausse, et inversement. Synon. <em>dilemme.<\/em><\/p>\n<p>Si l&rsquo;une des deux propositions est vraie, l&rsquo;autre est n\u00e9cessairement fausse. Alors, qui diable est l&rsquo;h\u00e9r\u00e9tique ? Bon, ensuite, on peut analyser le terme d&rsquo;h\u00e9r\u00e9sie, puisque celui-ci vient du vocabulaire religieux. Un h\u00e9r\u00e9tique s&rsquo;oppose \u00e0 des croyances. L&rsquo;\u00e9conomiste et l&rsquo;\u00e9cologiste auraient des croyances. Je veux bien le croire, nous en avons tous (en tout cas, je n&rsquo;ai aucun doute au sujet de l&rsquo;\u00e9conomiste, les d\u00e9croissants pourront l&rsquo;admettre avec moi).<\/p>\n<p>Donc, je r\u00e9p\u00e8te la conclusion logique de notre syllogisme : si l&rsquo;une des deux propositions est vraie, l&rsquo;autre est n\u00e9cessairement fausse (Je r\u00e9p\u00e8te : Jean a de longues moustaches ? Partez en r\u00e9sistance, go go go !).<\/p>\n<p>Eh ben, c&rsquo;\u00e9tait pas si dur que \u00e7a \u00e0 dire. Apr\u00e8s, je ne suis pas s\u00fbr que Monsieur Hulot et ses coll\u00e8gues de formation \u00e9cologiste auront le courage de r\u00e9p\u00e9ter \u00e0 l&rsquo;envi qu&rsquo;il y a <span style=\"text-decoration: underline;\">une proposition fausse et l&rsquo;autre bonne<\/span>. <strong>Encourager la croissance ou freiner la croissance : nous y voici<\/strong>. Maintenant : encourager la croissance ? Fastoche, il suffit de continuer comme \u00e7a puisque cela a d\u00e9j\u00e0 \u00e9t\u00e9 fait, c&rsquo;\u00e9tait dans le programme de 2007 de Nicolas Sarkozy, candidat qui avait d&rsquo;ailleurs sign\u00e9 le pacte Hulot. Freiner la croissance : comment ? Ah, l\u00e0, il faut avoir un plus grand courage&#8230;<\/p>\n<p>Freiner la croissance de certains secteurs mortif\u00e8res (et socialement et environnementalement naus\u00e9abonds) comme l&rsquo;automobile, par exemple, constituerait un pas d&rsquo;entr\u00e9e dans cette nouvelle soci\u00e9t\u00e9 qui pourrait nous \u00e9viter de nous trouver tout au fond du cul-de-sac.<\/p>\n<p>Quant \u00e0 savoir si Nicolas Hulot a r\u00e9ellement chang\u00e9 et n&rsquo;est plus un \u00e9cotartufe (lui-m\u00eame demande \u00e0 ce que lui soit reconnu le droit de changer, droit qu&rsquo;on ne peut refuser aux gens, mais au sujet duquel on peut douter de la p\u00e9rennit\u00e9 de l&rsquo;engagement), je n&rsquo;en sais rien. J&rsquo;entends des mots, mais j&rsquo;attends de voir bien plus et de lire un programme entier (qui sera peut-\u00eatre \u00e9dulcor\u00e9 par Nicolas Hulot lui-m\u00eame ou par Europe \u00c9cologie Les Verts, ou lors de leurs rencontres).<\/p>\n<p>Enfin, la g\u00e9mellit\u00e9 est d\u00e9finitivement d\u00e9mentie entre les deux homonymes Nicolas &#8211; si toutefois on a bien compris les intentions de Nicolas Hulot (on parlera d&rsquo;intentions plut\u00f4t que d&rsquo;actions, car on peut douter des actions d&rsquo;un politicien tant qu&rsquo;on n&rsquo;est pas \u00e0 la phase d&rsquo;\u00e9valuation finale du mandat) &#8211; ; mais cette fois-ci, c&rsquo;est Nicolas Sarkozy qui nous donne l&rsquo;occasion de voir se briser la g\u00e9mellit\u00e9 homonymique :<\/p>\n<p><em>\u00ab\u00a0Je crois au d\u00e9veloppement durable mais je suis contre tous ceux qui croient en une croissance z\u00e9ro. Ceux qui disent qu&rsquo;on peut remplacer le nucl\u00e9aire par l&rsquo;\u00e9nergie renouvelable disent une monstruosit\u00e9. Pourquoi la\u00a0France se couperait-elle un\u00a0bras\u00a0?\u00a0\u00bb [3]<br \/>\n<\/em><\/p>\n<p>En gros, l&rsquo;\u00e9cotartufe Nicolas Sarkozy n&rsquo;a toujours pas chang\u00e9. Mais il a un bon point&#8230; Qu&rsquo;il se rassure sur le programme des d\u00e9croissants : les d\u00e9croissants n&rsquo;ont pas l&rsquo;intention, une fois le nucl\u00e9aire abandonn\u00e9 (et m\u00eame avant n&rsquo;importe quel abandon, que ce soit l&rsquo;abandon de mon moulin \u00e0 eau dans mon jardin ou l&rsquo;abandon du moulin \u00e0 vent en papier fabriqu\u00e9 mercredi dernier par mon petit-neveu dans son centre a\u00e9r\u00e9) de produire autant d&rsquo;\u00e9nergie qu&rsquo;il en est produit actuellement&#8230; tout simplement parce que la d\u00e9pense d&rsquo;\u00e9nergie n&rsquo;est substantiellement pas la m\u00eame. Quant \u00e0 se couper un bras, soit, ce serait peut-\u00eatre le cas, la douleur n&rsquo;est pas exclue d&rsquo;un changement de soci\u00e9t\u00e9. Mais <strong>quant \u00e0 se priver de sa t\u00eate pour penser<\/strong> sa politique, notre pr\u00e9sident de la R\u00e9publique aurait peut-\u00eatre mieux fait de se couper un bras&#8230; Car la douleur, assur\u00e9ment, n&rsquo;est actuellement pas absente du quotidien de moult citoyens ou \u00e9trangers qui souffrent d&rsquo;in\u00e9galit\u00e9s entretenues (l\u00e9gitimement entretenues par ce syst\u00e8me ?) et elle sera de la sinistre f\u00eate si le changement ne vient pas volontairement&#8230; Un coma \u00e9thylique ne gu\u00e9rit pas d&rsquo;une gueule de bois&#8230; On ne soigne pas le mal par le mal, Monsieur le Pr\u00e9sident&#8230;<\/p>\n<p>&#8212;&#8212;&#8212;&#8212;&#8212;&#8212;&#8212;&#8212;&#8212;&#8212;&#8212;&#8212;&#8212;&#8212;&#8212;&#8212;&#8212;&#8212;<\/p>\n<p>[1] Pour lire l&rsquo;article sur l&rsquo;\u00e9cotartufe Nicolas Sarkozy, consulter le journal <em>La D\u00e9croissance<\/em>, juillet 2007 ; ou bien le hors-s\u00e9rie La D\u00e9croissance, juillet-ao\u00fbt-septembre 2008, page 35.<\/p>\n<p>[2]\u00c9mission du 7\/9 pr\u00e9sent\u00e9e Bruno Duvic, le 14 avril 2011<\/p>\n<p>[3] Les Echos<\/p>\n","protected":false},"excerpt":{"rendered":"<p>Je vous propose de revenir sur un terme prononc\u00e9 par un monsieur connu ici, mais aussi sur TF1 ainsi que dans le gotha politique. Le terme sera le substantif\u00a0 \u00ab\u00a0alternative\u00a0\u00bb. <a class=\"more-link\" href=\"https:\/\/carfree.fr\/index.php\/2011\/04\/30\/alternative-vraiment\/\">Lire la suite&#8230;<\/a><\/p>\n","protected":false},"author":194,"featured_media":13666,"comment_status":"open","ping_status":"open","sticky":false,"template":"","format":"standard","meta":[],"categories":[127],"tags":[62,780,107,328,84,60,16,691,694,287,412,19],"views":6018,"_links":{"self":[{"href":"https:\/\/carfree.fr\/index.php\/wp-json\/wp\/v2\/posts\/13656"}],"collection":[{"href":"https:\/\/carfree.fr\/index.php\/wp-json\/wp\/v2\/posts"}],"about":[{"href":"https:\/\/carfree.fr\/index.php\/wp-json\/wp\/v2\/types\/post"}],"author":[{"embeddable":true,"href":"https:\/\/carfree.fr\/index.php\/wp-json\/wp\/v2\/users\/194"}],"replies":[{"embeddable":true,"href":"https:\/\/carfree.fr\/index.php\/wp-json\/wp\/v2\/comments?post=13656"}],"version-history":[{"count":0,"href":"https:\/\/carfree.fr\/index.php\/wp-json\/wp\/v2\/posts\/13656\/revisions"}],"wp:featuredmedia":[{"embeddable":true,"href":"https:\/\/carfree.fr\/index.php\/wp-json\/"}],"wp:attachment":[{"href":"https:\/\/carfree.fr\/index.php\/wp-json\/wp\/v2\/media?parent=13656"}],"wp:term":[{"taxonomy":"category","embeddable":true,"href":"https:\/\/carfree.fr\/index.php\/wp-json\/wp\/v2\/categories?post=13656"},{"taxonomy":"post_tag","embeddable":true,"href":"https:\/\/carfree.fr\/index.php\/wp-json\/wp\/v2\/tags?post=13656"}],"curies":[{"name":"wp","href":"https:\/\/api.w.org\/{rel}","templated":true}]}}