{"id":13710,"date":"2011-05-04T13:07:39","date_gmt":"2011-05-04T12:07:39","guid":{"rendered":"http:\/\/carfree.fr\/?p=13710"},"modified":"2016-05-27T13:02:03","modified_gmt":"2016-05-27T12:02:03","slug":"alimentation-etou-energie-au-senegal-eux-aussi-en-veulent-et-de-la-bonne","status":"publish","type":"post","link":"https:\/\/carfree.fr\/index.php\/2011\/05\/04\/alimentation-etou-energie-au-senegal-eux-aussi-en-veulent-et-de-la-bonne\/","title":{"rendered":"Alimentation et\/ou \u00e9nergie au S\u00e9n\u00e9gal: eux aussi en veulent, et de la bonne !"},"content":{"rendered":"<p><img decoding=\"async\" loading=\"lazy\" src=\"http:\/\/carfree.fr\/images\/lutte_tyson_affiche_senegal.jpg\" alt=\"\" width=\"420\" height=\"200\" \/><\/p>\n<p>Si d&rsquo;aucuns n&rsquo;\u00e9taient pas encore persuad\u00e9s que les questions d&rsquo;alimentation et d&rsquo;\u00e9nergie sont li\u00e9es, nous apportons ici une preuve de la pr\u00e9occupation \u00e9manant d&rsquo;un des pays de ce Sud-l\u00e0 qui nous para\u00eet beaucoup trop loin pour pouvoir compatir. <!--more--><\/p>\n<p>De nombreux articles sur Carfree sont consacr\u00e9s aux questions de la production et de la gestion \u00e9nerg\u00e9tiques. Rien de plus anormal puisque la question des transports repose entre autres sur la question \u00e9nerg\u00e9tique.<\/p>\n<p>De plus, de nombreux articles sur Carfree sont consacr\u00e9s \u00e0 l&rsquo;agriculture productiviste, \u00e0 l&rsquo;agriculture polluante, \u00e0 l&rsquo;agriculture OGM, \u00e0 l&rsquo;agriculture technophile, \u00e0 l&rsquo;agriculture des n\u00e9cro-carburants, \u00e0 l&rsquo;agriculture d\u00e9s\u00e9quilibr\u00e9e Nord\/Sud, \u00e0 l&rsquo;agriculture protectionniste <span style=\"text-decoration: underline;\">en m\u00eame temps que<\/span> n\u00e9ocolonialiste (et on sait dans quel sens marche l&rsquo;histoire : la souverainet\u00e9 alimentaire, on la veut parce qu&rsquo;on arrive ainsi \u00e0 la faire respecter en Occident, les pays du Sud ont droit \u00e0 une souverainet\u00e9 alimentaire dans les textes, mais on r\u00e9p\u00e8te \u00e0 l&rsquo;envi qu&rsquo;il faut trouver une solution d&rsquo;aide, aide qui s&rsquo;accommode bien du march\u00e9 aussi).<\/p>\n<p>Voici un article du 2 mai 2011 de l&rsquo;APS (Agence de Presse S\u00e9n\u00e9galaise) :<\/p>\n<p>\u00ab\u00a0Le pr\u00e9sident de l\u2019Union nationale des consommateurs du S\u00e9n\u00e9gal  (UNCS) a plaid\u00e9, lundi \u00e0 Kolda (sud), en faveur d\u2019une plus grande  promotion du lait local et de ses d\u00e9riv\u00e9s, afin qu\u2019une partie des  ressources utilis\u00e9es pour l\u2019importation de ce produit soient affect\u00e9es  au secteur de l\u2019\u00e9nergie par exemple\u00a0\u00bb, est-il \u00e9crit dans l&rsquo;article. Bien s\u00fbr, le lait en poudre europ\u00e9en (de nos exc\u00e9dents d&rsquo;\u00e9levage productiviste) est implicitement de la probl\u00e9matique, puisque c&rsquo;est un march\u00e9 d&rsquo;\u00e9coulement de nos stocks de produits laitiers&#8230;: en 2009, l&rsquo;importation de lait en poudre a co\u00fbt\u00e9 60 milliards \u00e0 l&rsquo;Etat s\u00e9n\u00e9galais. 60 milliards de francs CFA, c&rsquo;est (doucement, ce ne sont quand m\u00eame ni des euros ni des dollars) 91469.41 euros (euros <em>courants <\/em>de 2009, puisque l&rsquo;importation \u00e9tait dans le\u00a0 budget 2009; <em>nota bene<\/em>, puisque le cours de l&rsquo;euro et du franc CFA sont li\u00e9s, pas besoin de  savoir la date de la conversion euro\/CFA, 1 euro a toujours valu 655.96  francs CFA).<\/p>\n<p>Pour information, en 2009, le PIB du S\u00e9n\u00e9gal \u00e9tait de 23,16 milliards de dollars. En 2009 aussi, 1 dollar US = 456,27 CFA (le 28 ao\u00fbt 2009). Soit un PIB s\u00e9n\u00e9galais de 10567,2132 milliards de francs CFA pour l&rsquo;ann\u00e9e 2009. En euros, cela donnait un PIB s\u00e9n\u00e9galais (2009) de 16.11 milliards d&rsquo;euros.<\/p>\n<p>Bon, nous arr\u00eatons ici de nous faire tourner la t\u00eate avec les chiffres, mais pas avec ce bazar \u00e9conomiciste. La note d&rsquo;importation laiti\u00e8re est tr\u00e8s faible sur l&rsquo;ensemble du budget s\u00e9n\u00e9galais, mais le S\u00e9n\u00e9gal est confront\u00e9 \u00e0 des probl\u00e8mes d&rsquo;approvisionnement \u00e9nerg\u00e9tique, notamment en hydrocarbures (tiens, tiens, il n&rsquo;y aurait pas un lien avec la bagnole par hasard ?). Pour faire bonne figure face au m\u00e9contentement social grandissant, il lui faut augmenter les capacit\u00e9s d&rsquo;approvisionnement tout en \u00e9quilibrant les comptes dans ce secteur. Et le S\u00e9n\u00e9gal n&rsquo;a pas la m\u00eame marge de manoeuvre que les pays occidentaux en termes d&rsquo;investissement, m\u00eame si l&rsquo;agence de notation financi\u00e8re Moody&rsquo;s a class\u00e9 en mars 2011 le pays dans la cat\u00e9gorie \u00ab\u00a0tr\u00e8s sp\u00e9culatifs\u00a0\u00bb [1]. En d&rsquo;autres termes, la note B1 associ\u00e9e \u00e0 une tendance de \u00ab\u00a0stabilit\u00e9\u00a0\u00bb est une incitation \u00e0 investir plein de flouze dans ce pays. Ah, quand on dit qu&rsquo;il y a du fric \u00e0 se faire, tout de suite, je comprends mieux&#8230;<\/p>\n<p>Mais, malgr\u00e9 cette nouvelle possibilit\u00e9 d\u00e9mentielle de se lancer sur le march\u00e9 obligataire international (pour nager dans les billets verts, waouuuu !), le S\u00e9n\u00e9gal est un peu moins bien loti que les Etats-Unis (qui, les <em>pauvres<\/em>, pourraient <em>peut-\u00eatre<\/em> perdre leur sacr\u00e9 AAA) ou que la France (AAA). Et donc de chercher \u00e0 \u00e9quilibrer ses comptes un peu \u00e0 la fa\u00e7on d&rsquo;une fourmi, en cherchant partout l\u00e0 o\u00f9 il y a \u00e0 r\u00e9cup\u00e9rer, plut\u00f4t qu&rsquo;\u00e0 s&rsquo;endetter \u00e0 nouveau.<\/p>\n<p>Pour information, la dette ext\u00e9rieure du S\u00e9n\u00e9gal est de 24% du PNB (2009) tandis que celle de la France est de 75,8% du PIB (2009). Le S\u00e9n\u00e9gal, qui rentre presque pleinement dans la ronde du monde financiaris\u00e9, est quand m\u00eame en difficult\u00e9 pour ses approvisionnements \u00e9nerg\u00e9tiques et se plaint d&rsquo;importer du lait en poudre dans des quantit\u00e9s pourtant faibles sur l&rsquo;ensemble du PIB. Mais quand on n&rsquo;est pas not\u00e9 financi\u00e8rement AAA et que notre dette s&rsquo;accro\u00eet, on a moins de marge de manoeuvre que d&rsquo;autres.<\/p>\n<p>L&rsquo;argent allou\u00e9 \u00e0 l&rsquo;importation du lait en poudre pourrait \u00eatre redirig\u00e9 vers le secteur de l&rsquo;\u00e9nergie (secteur pourtant bien moins important qu&rsquo;en France). Alimentation et \u00e9nergie sont tellement li\u00e9s dans ce cas que l&rsquo;exportation de notre exc\u00e9dent laitier nuit \u00e0 l&rsquo;approvisionnement \u00e9nerg\u00e9tique d&rsquo;un pays du Sud. Comme le march\u00e9 est bien fait&#8230; Que c&rsquo;est attendrissant.<\/p>\n<p>Nous le r\u00e9p\u00e9tons : si la souverainet\u00e9 alimentaire n&rsquo;avait pu \u00eatre un droit reconnu largement au secours des pays du Nord, alors les mots de <em>souverainet\u00e9 alimentaire<\/em> n&rsquo;auraient peut-\u00eatre jamais eu le poids id\u00e9el qu&rsquo;on leur conna\u00eet actuellement.<\/p>\n<p>Ce qu&rsquo;il faut retenir, c&rsquo;est qu&rsquo;il faut bien de la d\u00e9croissance pour les uns, et ce ne sont pas les S\u00e9n\u00e9galais qui devront s&rsquo;y plier !<\/p>\n<p>Recette pour une d\u00e9croissance: prendre un pays du Nord; trancher sans piti\u00e9 une agriculture qui tue la terre&#8230; \u00ab\u00a0<em>Ager, agri<\/em>\u00a0\u00bb veut quand m\u00eame dire \u00ab\u00a0terre\u00a0\u00bb, ce serait bien de ne pas la bousiller&#8230; Mais aussi, d\u00e9couper menue une \u00e9conomie enti\u00e8re qui bousille tout, y compris par le biais des classements \u00ab\u00a0tr\u00e8s sp\u00e9culatifs\u00a0\u00bb rendus par les agences de notation financi\u00e8re&#8230; Faire bouillir cette \u00e9conomie-l\u00e0 jusqu&rsquo;\u00e0 ce que le homard \u00e9conomique en question ne bouge plus (une \u00e9conomie qui se base notamment sur un man\u00e8ge incessant et tr\u00e8s souvent irrationnel des transports).<\/p>\n<p>Le \u00ab\u00a0rattrapage \u00e9conomique\u00a0\u00bb effectu\u00e9 par les autres ne cr\u00e9era ainsi pas une monstruosit\u00e9 environnementale, si la d\u00e9croissance a \u00e9t\u00e9 suffisante. Il faut au moins que cette d\u00e9croissance, qui est <em>n\u00e9cessaire<\/em>, soit <em>suffisante<\/em>, pour reprendre des termes de la math\u00e9matique. Le <em>rattrapage \u00e9conomique<\/em> (th\u00e8se d\u00e9fendue <em>mordicus<\/em> dans le milieu des \u00e9conomistes) ne pourra jamais se faire \u00e0 un niveau dont on voit d\u00e9j\u00e0 les limites: notre Europe est d\u00e9j\u00e0 malade de sa croissance ! Les Etats-Unis aussi ! Que dire du Japon qui vit un drame pourtant pr\u00e9visible et pr\u00e9vu par certains ?<\/p>\n<p>En France, il y a un m\u00e9contentement social quand l&rsquo;essence est trop ch\u00e8re. Mais n&rsquo;en d\u00e9plaise aussi aux Fran\u00e7ais, le m\u00e9contentement social est aussi au S\u00e9n\u00e9gal, \u00e0 plein de d\u00e9tails pr\u00e8s: entre autres, la souverainet\u00e9 alimentaire n&rsquo;est pas acquise l\u00e0-bas. Mais attention pour nous aussi: la souverainet\u00e9 alimentaire n&rsquo;est peut-\u00eatre pas \u00e9ternelle, avec notre mod\u00e8le agricole productiviste monstrueux&#8230;<\/p>\n<p>Alors, d\u00e9croissance ? Ou au-S\u00e9n\u00e9gal-je-pars-en-vacances ?<\/p>\n<p>&#8212;&#8211;<\/p>\n<p>[1] <a title=\"http:\/\/www.popxibaar.com\/NOTATION-FINANCIERE-Moody-s-classe-le-Senegal-dans-la-categorie-tres-speculatifs_a4285.html\" href=\"http:\/\/www.popxibaar.com\/NOTATION-FINANCIERE-Moody-s-classe-le-Senegal-dans-la-categorie-tres-speculatifs_a4285.html\" target=\"_blank\">http:\/\/www.popxibaar.com\/NOTATION-FINANCIERE-Moody-s-classe-le-Senegal-dans-la-categorie-tres-speculatifs_a4285.html<\/a><\/p>\n<p>Image: publicit\u00e9 s\u00e9n\u00e9galaise pour le lait Nestl\u00e9 Gloria<\/p>\n<div style=\"width: 1px; height: 1px; overflow: hidden;\">\n<table class=\"wikitable droite\">\n<tbody>\n<tr>\n<td><\/td>\n<td>23,16 milliards de <a class=\"mw-redirect\" title=\"Dollar US\" href=\"http:\/\/fr.wikipedia.org\/wiki\/Dollar_US\">dollars<\/a> (2009)<\/td>\n<\/tr>\n<\/tbody>\n<\/table>\n<\/div>\n","protected":false},"excerpt":{"rendered":"<p>Si d&rsquo;aucuns n&rsquo;\u00e9taient pas encore persuad\u00e9s que les questions d&rsquo;alimentation et d&rsquo;\u00e9nergie sont li\u00e9es, nous apportons ici une preuve de la pr\u00e9occupation \u00e9manant d&rsquo;un des pays de ce Sud-l\u00e0 qui <a class=\"more-link\" href=\"https:\/\/carfree.fr\/index.php\/2011\/05\/04\/alimentation-etou-energie-au-senegal-eux-aussi-en-veulent-et-de-la-bonne\/\">Lire la suite&#8230;<\/a><\/p>\n","protected":false},"author":194,"featured_media":13714,"comment_status":"open","ping_status":"open","sticky":false,"template":"","format":"standard","meta":[],"categories":[52],"tags":[284,886,518,290,60,68,1063,249,1062],"views":5279,"_links":{"self":[{"href":"https:\/\/carfree.fr\/index.php\/wp-json\/wp\/v2\/posts\/13710"}],"collection":[{"href":"https:\/\/carfree.fr\/index.php\/wp-json\/wp\/v2\/posts"}],"about":[{"href":"https:\/\/carfree.fr\/index.php\/wp-json\/wp\/v2\/types\/post"}],"author":[{"embeddable":true,"href":"https:\/\/carfree.fr\/index.php\/wp-json\/wp\/v2\/users\/194"}],"replies":[{"embeddable":true,"href":"https:\/\/carfree.fr\/index.php\/wp-json\/wp\/v2\/comments?post=13710"}],"version-history":[{"count":0,"href":"https:\/\/carfree.fr\/index.php\/wp-json\/wp\/v2\/posts\/13710\/revisions"}],"wp:featuredmedia":[{"embeddable":true,"href":"https:\/\/carfree.fr\/index.php\/wp-json\/"}],"wp:attachment":[{"href":"https:\/\/carfree.fr\/index.php\/wp-json\/wp\/v2\/media?parent=13710"}],"wp:term":[{"taxonomy":"category","embeddable":true,"href":"https:\/\/carfree.fr\/index.php\/wp-json\/wp\/v2\/categories?post=13710"},{"taxonomy":"post_tag","embeddable":true,"href":"https:\/\/carfree.fr\/index.php\/wp-json\/wp\/v2\/tags?post=13710"}],"curies":[{"name":"wp","href":"https:\/\/api.w.org\/{rel}","templated":true}]}}