{"id":13718,"date":"2011-05-05T13:20:38","date_gmt":"2011-05-05T12:20:38","guid":{"rendered":"http:\/\/carfree.fr\/?p=13718"},"modified":"2021-11-03T08:48:29","modified_gmt":"2021-11-03T07:48:29","slug":"mulhouse-merite-elle-le-clou-rouille","status":"publish","type":"post","link":"https:\/\/carfree.fr\/index.php\/2011\/05\/05\/mulhouse-merite-elle-le-clou-rouille\/","title":{"rendered":"Mulhouse m\u00e9rite-t-elle le clou rouill\u00e9?"},"content":{"rendered":"<p><a href=\"http:\/\/carfree.fr\/images\/plan-circulation-mulhouse.jpg\" target=\"_blank\"><img decoding=\"async\" loading=\"lazy\" title=\"Mulhouse-merite-elle-le-clou-rouille\" src=\"http:\/\/carfree.fr\/images\/Mulhouse-merite-elle-le-clou-rouille1.jpg\" alt=\"\" width=\"420\" height=\"200\" \/><\/a><\/p>\n<p>Scandale dans le milieu cycliste mulhousien; la ville vient de mettre \u00e0 ex\u00e9cution son nouveau plan de circulation. Un plan qui pr\u00e9voit un large retour des voitures dans l&rsquo;hyper centre ville. <!--more--><\/p>\n<p>Un plan qui fait aussi enrager les pro-v\u00e9los qui y voient comme un coup de canif dans le timide processus engag\u00e9 en faveur des transports doux au centre de la ville.<\/p>\n<p>Tout est \u00e0 refaire!<\/p>\n<p>De quoi d\u00e9courager tous ceux qui \u0153uvrent pas \u00e0 pas pour rendre la ville plus agr\u00e9able \u00e0 vivre.<\/p>\n<p>Le r\u00e9sultat attendu ne s&rsquo;est pas fait attendre ainsi qu&rsquo;en t\u00e9moigne un cycliste d\u00e9sabus\u00e9:<\/p>\n<p><em>\u00ab\u00a0Nous avions le stationnement sauvage en soir\u00e9e sur les trottoirs, nous l&rsquo;avons maintenant en journ\u00e9e.<\/em><\/p>\n<p><em>La police passait verbaliser ce matin, les voitures ne bougeaient pas davantage car le \u00ab\u00a0j&rsquo;en ai pour deux minutes\u00a0\u00bb \u00e9tait r\u00e9pliqu\u00e9 aux gentils agents quand celui-ci faisait irruption dans la boutique. Je l&rsquo;ai constat\u00e9 de mes yeux.<\/em> <em>Voiture avec feux de d\u00e9tresse sur le trottoir d&rsquo;en face&#8230;<\/em><\/p>\n<p><em>Un bref petit aller retour entre la place de la Concorde et l&rsquo;arr\u00eat tram Mairie, aucune voiture n&rsquo;est descendue dans le parking Mar\u00e9chaux alors que je me trouvais devant. Toutes sont aller directement avenue Kennedy ou se sont gar\u00e9es sur le trottoir.<\/em><\/p>\n<p><em>Je vais m&rsquo;y rendre \u00e0 pied cette apr\u00e8s midi avec quelques autocollants \u00ab\u00a0ne stationnez pas sur nos plates-bandes !\u00a0\u00bb. Courageusement et calmement, de ma propre initiative.<\/em> <em>\u00ab\u00a0<\/em><\/p>\n<p>Le maire de Mulhouse, Jean Rottner, pourtant ex-m\u00e9decin urgentiste, semble insensible aux arguments environnementaux et \u00e0 la pollution automobile qui g\u00e9n\u00e8re toutes sortes de maladies cardiaques et pulmonaires.<\/p>\n<p>Il ne craint pas de prendre le contrepied de son voisin strasbourgeois, Roland Ries, qui a r\u00e9ussi \u00e0 faire qu&rsquo;un d\u00e9placement sur deux se fait \u00e0 v\u00e9lo au centre ville.<\/p>\n<p>Pour achever ce chapitre pro-bagnoles, voici que Mulhouse s&rsquo;honore de remettre le couvert en 2012 pour accueillir le rallye de France en Alsace et transforme l&rsquo;ancien v\u00e9lodrome derri\u00e8re le Mus\u00e9e de l&rsquo;Auto en &#8230;autodrome!<\/p>\n<p>D\u00e9j\u00e0, les <a href=\"http:\/\/img.over-blog.com\/361x543\/3\/23\/88\/49\/exemplesPub\/Loeb-Carola.jpg\" target=\"_blank\" rel=\"nofollow\">affiches <em>Carola<\/em><\/a> du grand champion suisse Loeb inondent la ville.<\/p>\n<p>Heureusement, <em>Alsace Nature<\/em> veille au grain. Notamment en ce qui concerne le biotope du Grand Ballon, <em>\u00ab nous allons saisir la justice et appeler \u00e0 la mobilisation avant le rallye. S&rsquo;il le faut, nous le ferons aussi pendant la course, ce que nous n&rsquo;avions pas fait l&rsquo;an pass\u00e9 \u00bb<\/em> d\u00e9clare St\u00e9phane Giraud dans <em><a href=\"http:\/\/www.20minutes.fr\/article\/716837\/strasbourg-les-anti-rallye-remontent-creneau\" target=\"_blank\" rel=\"nofollow\">\u00ab\u00a020 minutes\u00a0\u00bb<\/a><br \/>\n<\/em><\/p>\n<p>Esp\u00e9rons qu&rsquo;<em>Alsace Nature<\/em> m\u00e8nera la vie dure au rallye!<\/p>\n<p>Dans un tel contexte, on se demande bien si la journ\u00e9e du v\u00e9lo le\u00a0 28 mai prochain \u00e0 Mulhouse a encore un sens&#8230;<\/p>\n<p>Et si la FUB d\u00e9livrait son prochain <em>clou rouill\u00e9<\/em> \u00e0 Mulhouse?&#8230;<\/p>\n","protected":false},"excerpt":{"rendered":"<p>Scandale dans le milieu cycliste mulhousien; la ville vient de mettre \u00e0 ex\u00e9cution son nouveau plan de circulation. Un plan qui pr\u00e9voit un large retour des voitures dans l&rsquo;hyper centre <a class=\"more-link\" href=\"https:\/\/carfree.fr\/index.php\/2011\/05\/05\/mulhouse-merite-elle-le-clou-rouille\/\">Lire la suite&#8230;<\/a><\/p>\n","protected":false},"author":195,"featured_media":13721,"comment_status":"open","ping_status":"open","sticky":false,"template":"","format":"standard","meta":[],"categories":[4,7],"tags":[102,110,11,646,556,101,215,133,1664],"views":7150,"_links":{"self":[{"href":"https:\/\/carfree.fr\/index.php\/wp-json\/wp\/v2\/posts\/13718"}],"collection":[{"href":"https:\/\/carfree.fr\/index.php\/wp-json\/wp\/v2\/posts"}],"about":[{"href":"https:\/\/carfree.fr\/index.php\/wp-json\/wp\/v2\/types\/post"}],"author":[{"embeddable":true,"href":"https:\/\/carfree.fr\/index.php\/wp-json\/wp\/v2\/users\/195"}],"replies":[{"embeddable":true,"href":"https:\/\/carfree.fr\/index.php\/wp-json\/wp\/v2\/comments?post=13718"}],"version-history":[{"count":0,"href":"https:\/\/carfree.fr\/index.php\/wp-json\/wp\/v2\/posts\/13718\/revisions"}],"wp:featuredmedia":[{"embeddable":true,"href":"https:\/\/carfree.fr\/index.php\/wp-json\/"}],"wp:attachment":[{"href":"https:\/\/carfree.fr\/index.php\/wp-json\/wp\/v2\/media?parent=13718"}],"wp:term":[{"taxonomy":"category","embeddable":true,"href":"https:\/\/carfree.fr\/index.php\/wp-json\/wp\/v2\/categories?post=13718"},{"taxonomy":"post_tag","embeddable":true,"href":"https:\/\/carfree.fr\/index.php\/wp-json\/wp\/v2\/tags?post=13718"}],"curies":[{"name":"wp","href":"https:\/\/api.w.org\/{rel}","templated":true}]}}