{"id":13807,"date":"2011-05-12T12:03:02","date_gmt":"2011-05-12T11:03:02","guid":{"rendered":"http:\/\/carfree.fr\/?p=13807"},"modified":"2020-10-04T14:12:24","modified_gmt":"2020-10-04T13:12:24","slug":"participez-au-premier-embouteillage-planifie","status":"publish","type":"post","link":"https:\/\/carfree.fr\/index.php\/2011\/05\/12\/participez-au-premier-embouteillage-planifie\/","title":{"rendered":"Participez au premier embouteillage planifi\u00e9!"},"content":{"rendered":"<p><img decoding=\"async\" loading=\"lazy\" title=\"embouteillage-plannifie\" src=\"http:\/\/carfree.fr\/images\/embouteillage-plannifie.jpg\" alt=\"\" width=\"420\" height=\"200\" \/><\/p>\n<p>\u00ab\u00a0Vendredi 27 mai 2011, 19h,  Rue de Flandre, Bruxelles. Le trafic automobile a atteint sa masse  critique. L\u2019ultime voiture s\u2019\u00e9tant ajout\u00e9e \u00e0 la circulation, les routes  s\u2019immobilisent soudainement. L\u2019engorgement d\u00e9borde des grands axes et  gagne rapidement la plus petite des impasses: l\u2019embouteillage a cess\u00e9  d\u2019\u00eatre un regrettable concours de circonstances. Il est devenu la  nouvelle condition de l\u2019espace public. Au sein de ce paysage  d\u2019apocalypse, les habitants de la ville entreprennent la construction  d\u2019une vie nouvelle, en symbiose avec le grand flux stagnant des  v\u00e9hicules d\u00e9sormais inutiles.\u00a0\u00bb <!--more--><\/p>\n<p>Voici l\u2019appel lanc\u00e9 par le collectif C&amp;H, dans le  cadre du Kunstenfestivaldesarts de Bruxelles\u00a0: organiser un immense  embouteillage routier, sorte de sc\u00e9nario de science-fiction (bien r\u00e9el  pour une majorit\u00e9 de navetteurs au quotidien\u00a0!) qui met le doigt sur les  contradictions de notre syst\u00e8me de mobilit\u00e9 autocentr\u00e9e.<\/p>\n<p>Et bonne nouvelle pour les utilisateurs de voitures  partag\u00e9es\u00a0: Cambio offre trois heures de location de v\u00e9hicule gratuites  pour vous permettre de participer \u00e0 ces \u00ab\u00a0Postcards from the Future\u00a0\u00bb\u00a0!<\/p>\n<p>Cher propri\u00e9taire, locataire, utilisateur, (voleur), et\/ou conducteur de voiture,<\/p>\n<p>Si vous vous demandez parfois si un embouteillage  pourrait \u00eatre quelque chose d\u2019autre qu\u2019une exasp\u00e9rante perte de temps,  cet appel est pour vous\u00a0!<\/p>\n<p>Participez aux c\u00f4t\u00e9s d\u2019une soixantaine d\u2019autres voitures  et de leurs chauffeurs au premier embouteillage planifi\u00e9 de Bruxelles,  le vendredi 27 mai 2011 dans la rue de Flandre\u00a0: un bouchon routier  comme sc\u00e9nario de science fiction pour un futur de Bruxelles pas si  impossible que cela\u00a0!<\/p>\n<p>Imaginez un embouteillage qui envahisse toute la ville  et qui n\u2019en finisse jamais. Que feriez-vous\u00a0? La d\u00e9sesp\u00e9ration et  l\u2019hyst\u00e9rie collective sont-elles la seule r\u00e9ponse possible, ou y  aurait-il quelque chose \u00e0 tirer de cette situation apparemment sans  espoir\u00a0? Sommes-nous capables de devenir les heureux usagers de  l\u2019embouteillage au lieu d\u2019en rester les victimes patientes\u00a0?<\/p>\n<p>\u00c0 quoi votre voiture est-elle encore bonne une fois  qu\u2019elle se retrouve d\u00e9finitivement bloqu\u00e9e dans la circulation et ne  peut plus servir \u00e0 se d\u00e9placer\u00a0? Faites l\u2019exp\u00e9rience de la mobilit\u00e9  selon un autre point de vue.<\/p>\n<p>Les autres automobilistes embouteill\u00e9s deviennent vos  nouveaux voisins. La lenteur extr\u00eame de la circulation ouvre la rue \u00e0 de  nouveaux usages et \u00e9changes. Aidez \u00e0 transformer un embouteillage  monstre en une chance unique pour l\u2019invention d\u2019une nouvelle vie  urbaine\u00a0!<\/p>\n<p>Nous sommes \u00e0 la recherche de tous types, couleurs et  tailles de voitures ainsi que de leur chauffeurs d\u00e9sirant prendre part \u00e0  la r\u00e9alisation de cette mise en sc\u00e8ne urbaine unique et grandeur  nature, le vendredi 27 mai 2011 de 19h \u00e0 20h, dans la rue de Flandre, en  plein centre de Bruxelles\u00a0!<\/p>\n","protected":false},"excerpt":{"rendered":"<p>\u00ab\u00a0Vendredi 27 mai 2011, 19h, Rue de Flandre, Bruxelles. Le trafic automobile a atteint sa masse critique. L\u2019ultime voiture s\u2019\u00e9tant ajout\u00e9e \u00e0 la circulation, les routes s\u2019immobilisent soudainement. L\u2019engorgement d\u00e9borde <a class=\"more-link\" href=\"https:\/\/carfree.fr\/index.php\/2011\/05\/12\/participez-au-premier-embouteillage-planifie\/\">Lire la suite&#8230;<\/a><\/p>\n","protected":false},"author":173,"featured_media":13808,"comment_status":"open","ping_status":"open","sticky":false,"template":"","format":"standard","meta":[],"categories":[73],"tags":[181,171,463,110,187,311,220,144],"views":7780,"_links":{"self":[{"href":"https:\/\/carfree.fr\/index.php\/wp-json\/wp\/v2\/posts\/13807"}],"collection":[{"href":"https:\/\/carfree.fr\/index.php\/wp-json\/wp\/v2\/posts"}],"about":[{"href":"https:\/\/carfree.fr\/index.php\/wp-json\/wp\/v2\/types\/post"}],"author":[{"embeddable":true,"href":"https:\/\/carfree.fr\/index.php\/wp-json\/wp\/v2\/users\/173"}],"replies":[{"embeddable":true,"href":"https:\/\/carfree.fr\/index.php\/wp-json\/wp\/v2\/comments?post=13807"}],"version-history":[{"count":0,"href":"https:\/\/carfree.fr\/index.php\/wp-json\/wp\/v2\/posts\/13807\/revisions"}],"wp:featuredmedia":[{"embeddable":true,"href":"https:\/\/carfree.fr\/index.php\/wp-json\/"}],"wp:attachment":[{"href":"https:\/\/carfree.fr\/index.php\/wp-json\/wp\/v2\/media?parent=13807"}],"wp:term":[{"taxonomy":"category","embeddable":true,"href":"https:\/\/carfree.fr\/index.php\/wp-json\/wp\/v2\/categories?post=13807"},{"taxonomy":"post_tag","embeddable":true,"href":"https:\/\/carfree.fr\/index.php\/wp-json\/wp\/v2\/tags?post=13807"}],"curies":[{"name":"wp","href":"https:\/\/api.w.org\/{rel}","templated":true}]}}