{"id":1381,"date":"2009-03-02T09:55:07","date_gmt":"2009-03-02T08:55:07","guid":{"rendered":"http:\/\/carfree.fr\/index.php\/2009\/03\/02\/larme-du-crime-une-voiture\/"},"modified":"2020-08-14T10:09:48","modified_gmt":"2020-08-14T09:09:48","slug":"larme-du-crime-une-voiture","status":"publish","type":"post","link":"https:\/\/carfree.fr\/index.php\/2009\/03\/02\/larme-du-crime-une-voiture\/","title":{"rendered":"L\u2019arme du crime : une voiture"},"content":{"rendered":"<p>Ceci est mon 1er vrai article (alors je vous demanderai indulgence (et conseils)) et vous propose un petit exercice. <!--more--><\/p>\n<ul>\n<li>allez sur votre site de news pr\u00e9f\u00e9r\u00e9 (<a href=\"http:\/\/news.google.fr\" target=\"_blank\">Google News<\/a> par exemple)<\/li>\n<li>faites une petite recherche avec \u00ab\u00a0accident de la route\u00a0\u00bb<\/li>\n<\/ul>\n<p>lisez et prenez le temps de r\u00e9fl\u00e9chir quelques instants&#8230; quelles sont vos impressions ?<\/p>\n<p>Personnellement je ne comprend pas que l&rsquo;on puisse laisser en l&rsquo;\u00e9tat un tel engin et surtout entre les mains de certains. On a l\u00e0 un engin de plus d&rsquo;une tonne que l&rsquo;on peux envoyer o\u00f9 l&rsquo;on veux, sur qui on veux, sans que la personne en face n&rsquo;ai d&rsquo;autre solution pour s&rsquo;en prot\u00e9ger que d&rsquo;avoir&#8230; un mur ? En clair, j&rsquo;ai une voiture, j&rsquo;ai le droit de vie ou de mort sur tous ceux qui oseraient ne pas avoir une aussi bonne protection que moi !<\/p>\n<p>Et puis l&rsquo;\u00e9tat et le syst\u00e8me judiciaire semblent penser comme \u00e7a vu qu&rsquo;un conducteur en \u00e9tat d&rsquo;ivresse, r\u00e9cidiviste, qui va tuer 2 jeunes marchant sur une petite d\u00e9partementale (bien s\u00fbr c&rsquo;est limit\u00e9 \u00e0 90 km\/h et il n&rsquo;y a pas de trottoir, la route est pour tous de toute fa\u00e7on !) aura le droit \u00e0 \u00ab\u00a0homicide involontaire et blessure involontaire\u00a0\u00bb&#8230; \u00e7a ne vous choque pas le mot involontaire vous ? ah mais non, ils n&rsquo;avaient rien \u00e0 faire l\u00e0 ces gens !<\/p>\n<p>Bon et puis entre les \u00ab\u00a0pertes de contr\u00f4le du v\u00e9hicule\u00a0\u00bb (ah ces v\u00e9hicules qui ne veulent pas tourner ou freiner quand on veux !), les \u00ab\u00a0d\u00e9passements au moment o\u00f9 un motard arrivait en face\u00a0\u00bb, il y a aussi ceux qui sont \u00ab\u00a0\u00e9blouis par les phares venant en face\u00a0\u00bb et les super \u00ab\u00a0<a href=\"http:\/\/www.lefigaro.fr\/flash-actu\/2009\/03\/01\/01011-20090301FILWWW00047-annecy-un-chauffeur-de-bus-sans-permis.php\" target=\"_blank\">chauffeurs de bus sans permis<\/a>\u00ab\u00a0&#8230;<\/p>\n<p>Alors limite j&rsquo;ai envie d&rsquo;en rire, l&rsquo;humain aime jouer \u00e0 la roulette russe apparemment !<\/p>\n<p>Donc Oui \u00e0 la bride des voitures en puissance, vitesse maxi, capacit\u00e9 d&rsquo;acc\u00e9l\u00e9ration, limite du poids total, diminution des vitesses max autoris\u00e9s dans les villes, les villages, les petites routes de campagnes. Que l&rsquo;automobile ne soit finalement consid\u00e9r\u00e9e que comme ce qu&rsquo;elle est : un moyen de transport &#8230; et uniquement \u00e7a !<\/p>\n<p>Voir aussi: <a title=\"Lien Permanent vers L\u2019automobile est une arme\" rel=\"bookmark\" href=\"http:\/\/carfree.fr\/index.php\/2006\/03\/21\/lautomobile-est-une-arme\/\">L\u2019automobile est une arme<\/a><\/p>\n","protected":false},"excerpt":{"rendered":"<p>Ceci est mon 1er vrai article (alors je vous demanderai indulgence (et conseils)) et vous propose un petit exercice.<\/p>\n","protected":false},"author":73,"featured_media":37577,"comment_status":"open","ping_status":"open","sticky":false,"template":"","format":"standard","meta":[],"categories":[73,1038],"tags":[580,247,103,28,265,101,226,178,246,237,98,34,144],"views":5684,"_links":{"self":[{"href":"https:\/\/carfree.fr\/index.php\/wp-json\/wp\/v2\/posts\/1381"}],"collection":[{"href":"https:\/\/carfree.fr\/index.php\/wp-json\/wp\/v2\/posts"}],"about":[{"href":"https:\/\/carfree.fr\/index.php\/wp-json\/wp\/v2\/types\/post"}],"author":[{"embeddable":true,"href":"https:\/\/carfree.fr\/index.php\/wp-json\/wp\/v2\/users\/73"}],"replies":[{"embeddable":true,"href":"https:\/\/carfree.fr\/index.php\/wp-json\/wp\/v2\/comments?post=1381"}],"version-history":[{"count":0,"href":"https:\/\/carfree.fr\/index.php\/wp-json\/wp\/v2\/posts\/1381\/revisions"}],"wp:featuredmedia":[{"embeddable":true,"href":"https:\/\/carfree.fr\/index.php\/wp-json\/wp\/v2\/media\/37577"}],"wp:attachment":[{"href":"https:\/\/carfree.fr\/index.php\/wp-json\/wp\/v2\/media?parent=1381"}],"wp:term":[{"taxonomy":"category","embeddable":true,"href":"https:\/\/carfree.fr\/index.php\/wp-json\/wp\/v2\/categories?post=1381"},{"taxonomy":"post_tag","embeddable":true,"href":"https:\/\/carfree.fr\/index.php\/wp-json\/wp\/v2\/tags?post=1381"}],"curies":[{"name":"wp","href":"https:\/\/api.w.org\/{rel}","templated":true}]}}