{"id":13942,"date":"2011-05-19T08:13:35","date_gmt":"2011-05-19T07:13:35","guid":{"rendered":"http:\/\/carfree.fr\/?p=13942"},"modified":"2016-05-27T12:44:53","modified_gmt":"2016-05-27T11:44:53","slug":"la-france-ringarde-qui-travaille","status":"publish","type":"post","link":"https:\/\/carfree.fr\/index.php\/2011\/05\/19\/la-france-ringarde-qui-travaille\/","title":{"rendered":"La France ringarde \u00ab\u00a0qui travaille\u00a0\u00bb"},"content":{"rendered":"<p><img decoding=\"async\" loading=\"lazy\" title=\"panneau-controles-radars\" src=\"http:\/\/carfree.fr\/images\/panneau-controles-radars.jpg\" alt=\"\" width=\"420\" height=\"200\" \/><\/p>\n<p>Il y a en France une g\u00e9n\u00e9ration vieillissante qui n&rsquo;est pas encore  entr\u00e9e dans le XXI\u00e8me si\u00e8cle. Elle continue de prendre l&rsquo;automobile  particuli\u00e8re comme un objet naturel lui permettant d&rsquo;affirmer sa  puissance individualiste sur les faibles et les vuln\u00e9rables. <!--more--><\/p>\n<p>Tous les moyens lui sont bons pour maintenir sa position pr\u00e9datrice  sur l&rsquo;espace public routier dont sa \u00ab\u00a0victimisation\u00a0\u00bb qui est une belle  ficelle id\u00e9ologique populiste et \u00e9lectoraliste bien comprise par des  d\u00e9put\u00e9s UMP qui sont en train de l&rsquo;exploiter politiquement pour  renforcer leurs mandats.<\/p>\n<p>A mes yeux, le comble de l&rsquo;ignominie est atteint lorsque les  automobilistes, qui se pr\u00e9sentent toujours comme \u00ab\u00a0victimes\u00a0\u00bb de la  \u00ab\u00a0r\u00e9pression aveugle\u00a0\u00bb des pouvoirs publics, mettent en avant leur statut  de travailleur ou leur \u00ab\u00a0outil de travail\u00a0\u00bb.<\/p>\n<p>Chiche! prenons-les au mot, r\u00e9servons l&rsquo;espace routier aux  professionnels! je ne crois pas que les concessionnaires ou que notre  vieille industrie nationale soit d&rsquo;accord pour se sp\u00e9cialiser dans ce  seul cr\u00e9neau commercial.<\/p>\n<p>Quant \u00e0 l&rsquo;indignation feinte des fabricants de GPS, elle me para\u00eet  d&rsquo;autant plus abjecte qu&rsquo;ils ont toujours pr\u00e9f\u00e9r\u00e9 pr\u00e9venir les  automobilistes de l&rsquo;imminence d&rsquo;un radar plut\u00f4t que de celle d&rsquo;une  \u00e9cole.<br \/>\n&#8212;<br \/>\nGC,<br \/>\nAm\u00e9liorez votre orthographe:<br \/>\n<a href=\"http:\/\/www.cryptext.fr\/\" target=\"_blank\">www.CrypText.fr<\/a><\/p>\n","protected":false},"excerpt":{"rendered":"<p>Il y a en France une g\u00e9n\u00e9ration vieillissante qui n&rsquo;est pas encore entr\u00e9e dans le XXI\u00e8me si\u00e8cle. Elle continue de prendre l&rsquo;automobile particuli\u00e8re comme un objet naturel lui permettant d&rsquo;affirmer <a class=\"more-link\" href=\"https:\/\/carfree.fr\/index.php\/2011\/05\/19\/la-france-ringarde-qui-travaille\/\">Lire la suite&#8230;<\/a><\/p>\n","protected":false},"author":27,"featured_media":13943,"comment_status":"open","ping_status":"open","sticky":false,"template":"","format":"standard","meta":[],"categories":[73,1038],"tags":[16,287,434,178,164,144],"views":7214,"_links":{"self":[{"href":"https:\/\/carfree.fr\/index.php\/wp-json\/wp\/v2\/posts\/13942"}],"collection":[{"href":"https:\/\/carfree.fr\/index.php\/wp-json\/wp\/v2\/posts"}],"about":[{"href":"https:\/\/carfree.fr\/index.php\/wp-json\/wp\/v2\/types\/post"}],"author":[{"embeddable":true,"href":"https:\/\/carfree.fr\/index.php\/wp-json\/wp\/v2\/users\/27"}],"replies":[{"embeddable":true,"href":"https:\/\/carfree.fr\/index.php\/wp-json\/wp\/v2\/comments?post=13942"}],"version-history":[{"count":0,"href":"https:\/\/carfree.fr\/index.php\/wp-json\/wp\/v2\/posts\/13942\/revisions"}],"wp:featuredmedia":[{"embeddable":true,"href":"https:\/\/carfree.fr\/index.php\/wp-json\/"}],"wp:attachment":[{"href":"https:\/\/carfree.fr\/index.php\/wp-json\/wp\/v2\/media?parent=13942"}],"wp:term":[{"taxonomy":"category","embeddable":true,"href":"https:\/\/carfree.fr\/index.php\/wp-json\/wp\/v2\/categories?post=13942"},{"taxonomy":"post_tag","embeddable":true,"href":"https:\/\/carfree.fr\/index.php\/wp-json\/wp\/v2\/tags?post=13942"}],"curies":[{"name":"wp","href":"https:\/\/api.w.org\/{rel}","templated":true}]}}