{"id":1400,"date":"2009-03-09T22:59:02","date_gmt":"2009-03-09T21:59:02","guid":{"rendered":"http:\/\/carfree.fr\/index.php\/2009\/03\/09\/karmann-1340-licenciements\/"},"modified":"2014-12-18T10:26:27","modified_gmt":"2014-12-18T09:26:27","slug":"karmann-1340-licenciements","status":"publish","type":"post","link":"https:\/\/carfree.fr\/index.php\/2009\/03\/09\/karmann-1340-licenciements\/","title":{"rendered":"Karmann : 1.340 licenciements"},"content":{"rendered":"<p>L&rsquo;\u00e9quipementier automobile vieux de plus de 100 ans, qui montait notamment des v\u00e9hicules pour Renault, Volkswagen et Mercedes, a vu son carnet de commandes se r\u00e9duire comme peau de chagrin ces derni\u00e8res ann\u00e9es. L&rsquo;\u00e9quipementier automobile allemand Karmann va licencier 1.340 personnes en raison de l&rsquo;abandon du montage de v\u00e9hicules, faute de clients, a annonc\u00e9 lundi le syndicat IG Metall.<\/p>\n<p>Source: Les Echos<\/p>\n","protected":false},"excerpt":{"rendered":"<p>L&rsquo;\u00e9quipementier automobile vieux de plus de 100 ans, qui montait notamment des v\u00e9hicules pour Renault, Volkswagen et Mercedes, a vu son carnet de commandes se r\u00e9duire comme peau de chagrin <a class=\"more-link\" href=\"https:\/\/carfree.fr\/index.php\/2009\/03\/09\/karmann-1340-licenciements\/\">Lire la suite&#8230;<\/a><\/p>\n","protected":false},"author":60,"featured_media":0,"comment_status":"open","ping_status":"open","sticky":false,"template":"","format":"standard","meta":[],"categories":[495],"tags":[401,235,396],"views":3981,"_links":{"self":[{"href":"https:\/\/carfree.fr\/index.php\/wp-json\/wp\/v2\/posts\/1400"}],"collection":[{"href":"https:\/\/carfree.fr\/index.php\/wp-json\/wp\/v2\/posts"}],"about":[{"href":"https:\/\/carfree.fr\/index.php\/wp-json\/wp\/v2\/types\/post"}],"author":[{"embeddable":true,"href":"https:\/\/carfree.fr\/index.php\/wp-json\/wp\/v2\/users\/60"}],"replies":[{"embeddable":true,"href":"https:\/\/carfree.fr\/index.php\/wp-json\/wp\/v2\/comments?post=1400"}],"version-history":[{"count":0,"href":"https:\/\/carfree.fr\/index.php\/wp-json\/wp\/v2\/posts\/1400\/revisions"}],"wp:attachment":[{"href":"https:\/\/carfree.fr\/index.php\/wp-json\/wp\/v2\/media?parent=1400"}],"wp:term":[{"taxonomy":"category","embeddable":true,"href":"https:\/\/carfree.fr\/index.php\/wp-json\/wp\/v2\/categories?post=1400"},{"taxonomy":"post_tag","embeddable":true,"href":"https:\/\/carfree.fr\/index.php\/wp-json\/wp\/v2\/tags?post=1400"}],"curies":[{"name":"wp","href":"https:\/\/api.w.org\/{rel}","templated":true}]}}