{"id":14170,"date":"2011-06-01T08:19:29","date_gmt":"2011-06-01T07:19:29","guid":{"rendered":"http:\/\/carfree.fr\/?p=14170"},"modified":"2016-09-23T11:52:01","modified_gmt":"2016-09-23T10:52:01","slug":"des-chiffres-tres-inquietants-les-emissions-de-co2-en-sont-a-leur-plus-haut-niveau","status":"publish","type":"post","link":"https:\/\/carfree.fr\/index.php\/2011\/06\/01\/des-chiffres-tres-inquietants-les-emissions-de-co2-en-sont-a-leur-plus-haut-niveau\/","title":{"rendered":"Des chiffres \u00ab\u00a0tr\u00e8s inqui\u00e9tants\u00a0\u00bb : les \u00e9missions de CO2 en sont \u00e0 leur plus haut niveau!!"},"content":{"rendered":"<p>Quinze jours avant l&rsquo;ouverture des n\u00e9gociations internationales sur  le climat \u00e0 Bonn, des estimations non encore publi\u00e9es de l&rsquo;Agence  Internationale de l&rsquo;Energie (AEI) r\u00e9v\u00e8lent que, boost\u00e9es par la reprise  de l&rsquo;activit\u00e9 \u00e9conomique, les \u00e9missions de CO2 ont atteint un niveau  jamais connu qui met dramatiquement \u00e0 mal toute possibilit\u00e9 de rester  sous le seuil des 2\u00b0 d&rsquo;augmentation. \u00ab\u00a0Les perspectives sont lugubres,  c&rsquo;est ce que disent les chiffres\u00a0\u00bb (Fatih Birol, \u00e9conomiste en chef de  l&rsquo;AIE) . <!--more--><\/p>\n<p>Les \u00e9missions de dioxyde de carbone (CO2) ont atteint un  niveau jamais connu, faisant craindre une \u00e9l\u00e9vation de la temp\u00e9rature au  del\u00e0 du seuil \u00ab\u00a0dangereux\u00a0\u00bb de deux degr\u00e8s Celsius, selon une estimation  de l&rsquo;Agence internationale de l&rsquo;\u00e9nergie (AIE), cit\u00e9e lundi par le  Guardian.<\/p>\n<p>Des estimations non publi\u00e9es de l&rsquo;AIE ont r\u00e9v\u00e9l\u00e9 que le  retour \u00e0 la croissance mondiale en 2010 a coincid\u00e9 avec une  augmentation de 1,6 gigatonne dans l&rsquo;\u00e9mission de CO2, le plus haut  niveau jamais enregistr\u00e9, indique le quotidien. Il s&rsquo;agit d&rsquo;une  augmentation de 5,5% par rapport \u00e0 2009. Les \u00e9missions sont, de ce fait,  presque de retour au niveau \u00ab\u00a0Business as usual\u00a0\u00bb et, faut-il le  rappeler, les projections \u00ab\u00a0business as usual\u00a0\u00bb du GIEC indiquent une  probabilit\u00e9 de 50% de d\u00e9passer les 4\u00b0C d&rsquo;augmentation de la temp\u00e9rature  globale mettant les moyens de subsistance et la vie de centaines de  millions de personnes.<\/p>\n<p>\u00ab\u00a0<em>C&rsquo;est la pire nouvelle en ce qui concerne les \u00e9missions de CO2<\/em>\u00ab\u00a0, a affirm\u00e9 au journal l&rsquo;\u00e9conomiste en chef de l&rsquo;AIE, Fatih Birol.<\/p>\n<p>\u00ab\u00a0<em>Ca devient un d\u00e9fi extr\u00eamement difficile \u00e0 tenir de rester sous les deux degr\u00e8s<\/em>\u00ab\u00a0, a-t-il ajout\u00e9. \u00ab\u00a0<em>Les perspectives sont lugubres. C&rsquo;est ce que disent les chiffres<\/em>\u00ab\u00a0, a-t-il ajout\u00e9.<\/p>\n<p>Les  scientifiques estiment qu&rsquo;une augmentation de la temp\u00e9rature de plus de  deux degr\u00e8s celsius repr\u00e9senterait \u00ab\u00a0un changement de climat dangereux\u00a0\u00bb  et l&rsquo;AIE a averti que l&rsquo;\u00e9mission annuelle de CO2 ne devrait pas d\u00e9passer  les 32 gigatonnes en 2020.<\/p>\n<p>Selon les derni\u00e8res estimations, ces \u00e9missions ont atteint 30,6 gigatonnes en 2010.<\/p>\n<p>Nicholas  Stern, de la London School of Economics, auteur d&rsquo;un rapport sur le  changement climatique qui fait autorit\u00e9, pr\u00e9voit les pires cons\u00e9quences  si les \u00e9missions de CO2 ne diminuent pas.<\/p>\n<p>\u00ab\u00a0Une telle chaleur  perturberait les vies et les moyens d&rsquo;existence de centaines de millions  de personnes \u00e0 travers la plan\u00e8te, menant \u00e0 un large mouvement de  migration et au conflit\u00a0\u00bb, a-t-il ajout\u00e9.<\/p>\n<p>15 jours de n\u00e9gociations  internationales sur le climat s&rsquo;ouvrent \u00e0 Bonn la semaine prochaine.  Apr\u00e8s avoir essentiellement discut\u00e9 de l&rsquo;agenda de travail pour cet  ann\u00e9e \u00e0 Bangkok d\u00e9but avril, les d\u00e9l\u00e9gu\u00e9s doivent maintenant s&rsquo;atteler \u00e0  op\u00e9rationnaliser les d\u00e9cisions qui ont \u00e9t\u00e9 prises \u00e0 Cancun et  s&rsquo;attaquer enfin au coeur du probl\u00e8me : maintenir les \u00e9missions  mondiales sous la barre des 2\u00b0C et pr\u00e9voir la suite au protocole de  Kyoto qui se termine en 2012.<\/p>\n<p>Sources : Lib\u00e9ration, AFP, communiqu\u00e9 de CAN. Via <a title=\"http:\/\/www.iewonline.be\/\" href=\"http:\/\/www.iewonline.be\/\" target=\"_blank\">www.iewonline.be<\/a><\/p>\n","protected":false},"excerpt":{"rendered":"<p>Quinze jours avant l&rsquo;ouverture des n\u00e9gociations internationales sur le climat \u00e0 Bonn, des estimations non encore publi\u00e9es de l&rsquo;Agence Internationale de l&rsquo;Energie (AEI) r\u00e9v\u00e8lent que, boost\u00e9es par la reprise de <a class=\"more-link\" href=\"https:\/\/carfree.fr\/index.php\/2011\/06\/01\/des-chiffres-tres-inquietants-les-emissions-de-co2-en-sont-a-leur-plus-haut-niveau\/\">Lire la suite&#8230;<\/a><\/p>\n","protected":false},"author":173,"featured_media":37691,"comment_status":"open","ping_status":"open","sticky":false,"template":"","format":"standard","meta":[],"categories":[124],"tags":[57,56,780,60,594,68,81,1669],"views":5274,"_links":{"self":[{"href":"https:\/\/carfree.fr\/index.php\/wp-json\/wp\/v2\/posts\/14170"}],"collection":[{"href":"https:\/\/carfree.fr\/index.php\/wp-json\/wp\/v2\/posts"}],"about":[{"href":"https:\/\/carfree.fr\/index.php\/wp-json\/wp\/v2\/types\/post"}],"author":[{"embeddable":true,"href":"https:\/\/carfree.fr\/index.php\/wp-json\/wp\/v2\/users\/173"}],"replies":[{"embeddable":true,"href":"https:\/\/carfree.fr\/index.php\/wp-json\/wp\/v2\/comments?post=14170"}],"version-history":[{"count":0,"href":"https:\/\/carfree.fr\/index.php\/wp-json\/wp\/v2\/posts\/14170\/revisions"}],"wp:featuredmedia":[{"embeddable":true,"href":"https:\/\/carfree.fr\/index.php\/wp-json\/wp\/v2\/media\/37691"}],"wp:attachment":[{"href":"https:\/\/carfree.fr\/index.php\/wp-json\/wp\/v2\/media?parent=14170"}],"wp:term":[{"taxonomy":"category","embeddable":true,"href":"https:\/\/carfree.fr\/index.php\/wp-json\/wp\/v2\/categories?post=14170"},{"taxonomy":"post_tag","embeddable":true,"href":"https:\/\/carfree.fr\/index.php\/wp-json\/wp\/v2\/tags?post=14170"}],"curies":[{"name":"wp","href":"https:\/\/api.w.org\/{rel}","templated":true}]}}